{"id":581472,"date":"2024-05-22T17:01:52","date_gmt":"2024-05-22T20:01:52","guid":{"rendered":"https:\/\/investnews.com.br\/?p=581472"},"modified":"2024-05-22T17:03:18","modified_gmt":"2024-05-22T20:03:18","slug":"governo-nao-tomou-posicao-sobre-taxacao-de-compras-internacionais-de-ate-us-50-diz-haddad","status":"publish","type":"post","link":"https:\/\/investnews.com.br\/economia\/governo-nao-tomou-posicao-sobre-taxacao-de-compras-internacionais-de-ate-us-50-diz-haddad\/","title":{"rendered":"Governo n\u00e3o tomou posi\u00e7\u00e3o sobre taxa\u00e7\u00e3o de compras internacionais de at\u00e9 US$ 50, diz Haddad"},"content":{"rendered":"\n<p>O ministro da Fazenda, Fernando Haddad, disse nesta quarta-feira (22) que o governo n\u00e3o tomou posi\u00e7\u00e3o no debate sobre a taxa\u00e7\u00e3o de compras internacionais de at\u00e9 US$ 50, inclu\u00edda no projeto de lei que regulamenta o Programa Mobilidade Verde e Inova\u00e7\u00e3o (Mover), que trata de incentivos ao setor automotivo.<\/p>\n\n\n\n<p>O chefe da equipe econ\u00f4mica foi questionado sobre o assunto ap\u00f3s participar de audi\u00eancia p\u00fablica na Comiss\u00e3o de Finan\u00e7as e Tributa\u00e7\u00e3o (CFT) da C\u00e2mara.<\/p>\n\n\n\n<p>A deputada Bia Kicis (PL-DF) havia criticado a cobran\u00e7a de 60% de imposto de importa\u00e7\u00e3o sobre as compras em plataformas estrangeiras, como <a href=\"https:\/\/investnews.com.br\/financas\/shein-se-prepara-para-ipo-em-londres-em-meio-a-obstaculos-nos-eua-dizem-fontes\/\"><strong>Shein<\/strong><\/a> e Shopee. &#8220;O governo n\u00e3o tomou posi\u00e7\u00e3o em rela\u00e7\u00e3o a isso&#8221;, respondeu Haddad, a jornalistas.<\/p>\n\n\n\n<p>O ministro da Fazenda disse, contudo, que h\u00e1 um grande debate sobre o tema. Ele ressaltou que as centrais sindicais, tanto patronais quanto de trabalhadores, est\u00e3o publicando artigos em jornais defendendo a taxa\u00e7\u00e3o e pedindo apoio ao governo. &#8220;N\u00e3o vai ser no Mover que isso vai ser decidido&#8221;, disse Haddad.<\/p>\n\n\n\n<figure class=\"wp-block-image size-large\"><img loading=\"lazy\" decoding=\"async\" width=\"1024\" height=\"683\" src=\"https:\/\/media.investnews.com.br\/uploads\/2024\/05\/programa-acredita2_mcamgo_abr_22042024-27-copy-1024x683.webp\" alt=\"Bras\u00edlia (DF), 22\/04\/2024 - O ministro da Fazenda, Fernando Haddad, durante entrevista coletiva ap\u00f3s o lan\u00e7amento do Programa Acredita, em cerim\u00f4nia no Pal\u00e1cio do Planalto. Foto: Marcelo Camargo\/Ag\u00eancia Brasil\" class=\"wp-image-577437\" srcset=\"https:\/\/media.investnews.com.br\/uploads\/2024\/05\/programa-acredita2_mcamgo_abr_22042024-27-copy-1024x683.webp 1024w, https:\/\/media.investnews.com.br\/uploads\/2024\/05\/programa-acredita2_mcamgo_abr_22042024-27-copy-300x200.webp 300w, https:\/\/media.investnews.com.br\/uploads\/2024\/05\/programa-acredita2_mcamgo_abr_22042024-27-copy-768x512.webp 768w, https:\/\/media.investnews.com.br\/uploads\/2024\/05\/programa-acredita2_mcamgo_abr_22042024-27-copy-1536x1024.webp 1536w, https:\/\/media.investnews.com.br\/uploads\/2024\/05\/programa-acredita2_mcamgo_abr_22042024-27-copy-1256x837.webp 1256w, https:\/\/media.investnews.com.br\/uploads\/2024\/05\/programa-acredita2_mcamgo_abr_22042024-27-copy-172x115.webp 172w, https:\/\/media.investnews.com.br\/uploads\/2024\/05\/programa-acredita2_mcamgo_abr_22042024-27-copy-150x100.webp 150w, https:\/\/media.investnews.com.br\/uploads\/2024\/05\/programa-acredita2_mcamgo_abr_22042024-27-copy.webp 1920w\" sizes=\"auto, (max-width: 1024px) 100vw, 1024px\" \/><figcaption class=\"wp-element-caption\">Fernando Haddad durante entrevista coletiva no Pal\u00e1cio do Planalto. Foto: Marcelo Camargo\/Ag\u00eancia Brasil<\/figcaption><\/figure>\n\n\n\n<p>A expectativa \u00e9 que o Mover seja votado ainda nesta quarta-feira no plen\u00e1rio da C\u00e2mara. O presidente da Casa, Arthur Lira (PP-AL), citou na ter\u00e7a-feira (21) uma pesquisa segundo a qual a maioria dos consumidores de sites asi\u00e1ticos que seriam atingidos com o fim da isen\u00e7\u00e3o para compras no exterior de at\u00e9 US$ 50 s\u00e3o de classe alta. O deputado alagoano tamb\u00e9m ressaltou que as <strong>empresas do varejo brasileiro querem &#8220;p\u00e9 de igualdade&#8221; com as estrangeiras.<\/strong><\/p>\n\n\n\n<p><strong>Leia mais: <a href=\"https:\/\/investnews.com.br\/economia\/shein-adere-ao-remessa-conforme-para-isencao-de-compras-de-ate-us-50\/\">Shein adere ao Remessa Conforme<\/a><\/strong><\/p>\n\n\n\n<p>A taxa\u00e7\u00e3o enfrenta resist\u00eancia do PT e de parte do governo Lula, que v\u00ea a medida como impopular. De acordo com o presidente da C\u00e2mara, &#8220;dificilmente&#8221; o Mover ser\u00e1 votado sem a medida que trata das compras internacionais de at\u00e9 US$ 50. Na semana passada, em entrevista exclusiva ao&nbsp;<em>Broadcast Pol\u00edtico<\/em>&nbsp;(sistema de not\u00edcias em tempo real do Grupo Estado), o vice-presidente Geraldo Alckmin, que tamb\u00e9m \u00e9 ministro da Ind\u00fastria, defendeu a separa\u00e7\u00e3o dos textos.<\/p>\n","protected":false},"excerpt":{"rendered":"<p>A taxa\u00e7\u00e3o enfrenta resist\u00eancia do PT e de parte do governo Lula, que v\u00ea a medida como impopular<\/p>\n","protected":false},"author":62,"featured_media":577437,"comment_status":"closed","ping_status":"closed","sticky":false,"template":"","format":"standard","meta":{"_acf_changed":false,"inline_featured_image":false,"footnotes":""},"categories":[5],"tags":[101620,434,376],"autor-wsj":[],"coauthors":[2499],"class_list":["post-581472","post","type-post","status-publish","format-standard","has-post-thumbnail","hentry","category-economia","tag-fernando-haddad","tag-impostos","tag-varejo"],"acf":[],"amp_enabled":true,"_links":{"self":[{"href":"https:\/\/investnews.com.br\/inv-api\/wp\/v2\/posts\/581472","targetHints":{"allow":["GET"]}}],"collection":[{"href":"https:\/\/investnews.com.br\/inv-api\/wp\/v2\/posts"}],"about":[{"href":"https:\/\/investnews.com.br\/inv-api\/wp\/v2\/types\/post"}],"author":[{"embeddable":true,"href":"https:\/\/investnews.com.br\/inv-api\/wp\/v2\/users\/62"}],"replies":[{"embeddable":true,"href":"https:\/\/investnews.com.br\/inv-api\/wp\/v2\/comments?post=581472"}],"version-history":[{"count":4,"href":"https:\/\/investnews.com.br\/inv-api\/wp\/v2\/posts\/581472\/revisions"}],"predecessor-version":[{"id":581479,"href":"https:\/\/investnews.com.br\/inv-api\/wp\/v2\/posts\/581472\/revisions\/581479"}],"wp:featuredmedia":[{"embeddable":true,"href":"https:\/\/investnews.com.br\/inv-api\/wp\/v2\/media\/577437"}],"wp:attachment":[{"href":"https:\/\/investnews.com.br\/inv-api\/wp\/v2\/media?parent=581472"}],"wp:term":[{"taxonomy":"category","embeddable":true,"href":"https:\/\/investnews.com.br\/inv-api\/wp\/v2\/categories?post=581472"},{"taxonomy":"post_tag","embeddable":true,"href":"https:\/\/investnews.com.br\/inv-api\/wp\/v2\/tags?post=581472"},{"taxonomy":"autor-wsj","embeddable":true,"href":"https:\/\/investnews.com.br\/inv-api\/wp\/v2\/autor-wsj?post=581472"},{"taxonomy":"author","embeddable":true,"href":"https:\/\/investnews.com.br\/inv-api\/wp\/v2\/coauthors?post=581472"}],"curies":[{"name":"wp","href":"https:\/\/api.w.org\/{rel}","templated":true}]}}