{"id":582671,"date":"2024-05-28T12:06:55","date_gmt":"2024-05-28T15:06:55","guid":{"rendered":"https:\/\/investnews.com.br\/?p=582671"},"modified":"2024-06-28T16:15:22","modified_gmt":"2024-06-28T19:15:22","slug":"fmi-diz-que-flexibilidade-no-ritmo-de-cortes-da-selic-e-prudente","status":"publish","type":"post","link":"https:\/\/investnews.com.br\/economia\/fmi-diz-que-flexibilidade-no-ritmo-de-cortes-da-selic-e-prudente\/","title":{"rendered":"FMI diz que flexibilidade no ritmo de cortes da Selic \u00e9 prudente"},"content":{"rendered":"\n<p>A <strong>manuten\u00e7\u00e3o da flexibilidade pelo Banco Central <\/strong>quanto ao ritmo e \u00e0 dura\u00e7\u00e3o de seu ciclo de afrouxamento monet\u00e1rio \u00e9 prudente, dado o <a href=\"https:\/\/investnews.com.br\/economia\/desemprego-no-brasil-cai-a-75-menor-patamar-desde-2015\/\">mercado de trabalho<\/a> apertado e as <a href=\"https:\/\/investnews.com.br\/economia\/ipca-15-acelera-044-em-maio-sob-peso-de-saude-e-gasolina\/\">expectativas de infla\u00e7\u00e3o<\/a> acima da meta no pa\u00eds, disse o Fundo Monet\u00e1rio Internacional (FMI) nesta ter\u00e7a-feira (28). <\/p>\n\n\n\n<p>Em um comunicado sobre as conclus\u00f5es preliminares ap\u00f3s uma visita ao Brasil, a equipe do FMI disse que espera que o crescimento brasileiro modere no curto prazo antes de fortalecer para 2,5% no m\u00e9dio prazo, uma revis\u00e3o para cima em rela\u00e7\u00e3o \u00e0 previs\u00e3o anterior de 2,0%.<\/p>\n\n\n\n<p>&#8220;Nos \u00faltimos dois anos, a economia brasileira demonstrou not\u00e1vel resili\u00eancia, com a infla\u00e7\u00e3o recuando para o intervalo da meta&#8221;, disse o \u00f3rg\u00e3o multilateral de cr\u00e9dito em comunicado.<\/p>\n\n\n\n<p>&#8220;O ritmo cuidadoso de relaxamento da pol\u00edtica monet\u00e1ria tem sido adequado e compat\u00edvel com o sistema de metas de infla\u00e7\u00e3o. Com a infla\u00e7\u00e3o em queda e a perspectiva de que permane\u00e7a dentro do intervalo de toler\u00e2ncia, manter a flexibilidade quanto ao ritmo e \u00e0 dura\u00e7\u00e3o do ciclo de redu\u00e7\u00e3o dos juros \u00e9 prudente, tendo em vista o mercado de trabalho apertado e as expectativas de infla\u00e7\u00e3o acima da meta&#8221;, acrescentou.<\/p>\n\n\n\n<p><strong>LEIA MAIS:<\/strong> <a href=\"https:\/\/investnews.com.br\/economia\/com-o-tempo-as-pessoas-vao-entender-que-decisao-do-copom-foi-tecnica-diz-campos-neto\/\">Com o tempo, as pessoas v\u00e3o entender que decis\u00e3o do Copom foi t\u00e9cnica, diz Campos Neto<\/a><\/p>\n\n\n\n<p>No comunicado, o FMI tamb\u00e9m <strong>elogiou as autoridades brasileiras<\/strong> pelo que classificou de esfor\u00e7o para melhorar a situa\u00e7\u00e3o fiscal do pa\u00eds, assim como pela realiza\u00e7\u00e3o de uma &#8220;ambiciosa agenda de crescimento sustent\u00e1vel&#8221;, citando a reforma tribut\u00e1ria como parte desta agenda.<\/p>\n\n\n\n<p>&#8220;Louvamos o compromisso das autoridades de continuar a melhorar a posi\u00e7\u00e3o fiscal do Brasil. Eliminar ren\u00fancias tribut\u00e1rias ineficientes, ampliar a base tribut\u00e1ria e enfrentar a rigidez dos gastos abririam espa\u00e7o para pol\u00edticas priorit\u00e1rias e para responder a choques e, ao mesmo tempo, apoiar a sustentabilidade da d\u00edvida p\u00fablica&#8221;, disse o FMI.<\/p>\n\n\n\n<p>&#8220;As autoridades avan\u00e7aram em sua ambiciosa agenda de crescimento sustent\u00e1vel e inclusivo. Espera-se que a implementa\u00e7\u00e3o da hist\u00f3rica reforma do <a href=\"https:\/\/investnews.com.br\/guias\/iva\/\">IVA<\/a> fortale\u00e7a a produtividade, crie empregos formais e melhore a equidade.&#8221;<\/p>\n\n\n\n<p>Ao comentar o aumento da estimativa para o crescimento da economia brasileira no m\u00e9dio prazo, o FMI atribuiu a decis\u00e3o \u00e0 reforma tribut\u00e1ria, cuja regulamenta\u00e7\u00e3o agora tramita no Congresso Nacional depois de ter sido aprovada no ano passado, e disse que investimentos na economia verde podem impulsionar ainda mais o potencial econ\u00f4mico do pa\u00eds.<\/p>\n\n\n\n<p>O Fundo apontou que os riscos para as perspectivas de crescimento brasileiro diminu\u00edram em rela\u00e7\u00e3o ao ano passado, ao mesmo tempo que alertou que ainda s\u00e3o incertos os impactos fiscais e macroecon\u00f4micos das enchentes que devastaram o Rio Grande do Sul na maior trag\u00e9dia clim\u00e1tica da hist\u00f3ria daquele Estado.<\/p>\n\n\n\n<p>&#8220;Um sistema financeiro s\u00f3lido, reservas cambiais suficientes, a baixa depend\u00eancia de endividamento em moeda estrangeira, as grandes reservas de caixa do governo e a taxa de c\u00e2mbio flex\u00edvel continuam a respaldar a resili\u00eancia do Brasil&#8221;, afirmou.<\/p>\n\n\n\n<ul class=\"wp-block-list\">\n<li><strong><em>Confira: o que \u00e9 <\/em><\/strong><a href=\"https:\/\/investnews.com.br\/guias\/o-que-e-cdi\/\">CDI<\/a><strong><em>, quanto paga e mais<\/em><\/strong><\/li>\n\n\n\n<li><strong><em>Confira: o que \u00e9 <\/em><\/strong><a href=\"https:\/\/investnews.com.br\/guias\/taxa-selic\/\" target=\"_blank\" rel=\"noreferrer noopener\">taxa selic<\/a><strong><em> e como ela impacta a economia<\/em><\/strong><\/li>\n<\/ul>\n","protected":false},"excerpt":{"rendered":"<p>FMI tamb\u00e9m elogiou as autoridades brasileiras pelo que classificou de esfor\u00e7o para melhorar a situa\u00e7\u00e3o fiscal do pa\u00eds<\/p>\n","protected":false},"author":61,"featured_media":571494,"comment_status":"closed","ping_status":"closed","sticky":false,"template":"","format":"standard","meta":{"_acf_changed":false,"inline_featured_image":false,"footnotes":""},"categories":[5],"tags":[52,216,102288,51],"autor-wsj":[],"coauthors":[2494],"class_list":["post-582671","post","type-post","status-publish","format-standard","has-post-thumbnail","hentry","category-economia","tag-inflacao","tag-mercado-de-trabalho","tag-reuters","tag-selic"],"acf":[],"amp_enabled":true,"_links":{"self":[{"href":"https:\/\/investnews.com.br\/inv-api\/wp\/v2\/posts\/582671","targetHints":{"allow":["GET"]}}],"collection":[{"href":"https:\/\/investnews.com.br\/inv-api\/wp\/v2\/posts"}],"about":[{"href":"https:\/\/investnews.com.br\/inv-api\/wp\/v2\/types\/post"}],"author":[{"embeddable":true,"href":"https:\/\/investnews.com.br\/inv-api\/wp\/v2\/users\/61"}],"replies":[{"embeddable":true,"href":"https:\/\/investnews.com.br\/inv-api\/wp\/v2\/comments?post=582671"}],"version-history":[{"count":15,"href":"https:\/\/investnews.com.br\/inv-api\/wp\/v2\/posts\/582671\/revisions"}],"predecessor-version":[{"id":596176,"href":"https:\/\/investnews.com.br\/inv-api\/wp\/v2\/posts\/582671\/revisions\/596176"}],"wp:featuredmedia":[{"embeddable":true,"href":"https:\/\/investnews.com.br\/inv-api\/wp\/v2\/media\/571494"}],"wp:attachment":[{"href":"https:\/\/investnews.com.br\/inv-api\/wp\/v2\/media?parent=582671"}],"wp:term":[{"taxonomy":"category","embeddable":true,"href":"https:\/\/investnews.com.br\/inv-api\/wp\/v2\/categories?post=582671"},{"taxonomy":"post_tag","embeddable":true,"href":"https:\/\/investnews.com.br\/inv-api\/wp\/v2\/tags?post=582671"},{"taxonomy":"autor-wsj","embeddable":true,"href":"https:\/\/investnews.com.br\/inv-api\/wp\/v2\/autor-wsj?post=582671"},{"taxonomy":"author","embeddable":true,"href":"https:\/\/investnews.com.br\/inv-api\/wp\/v2\/coauthors?post=582671"}],"curies":[{"name":"wp","href":"https:\/\/api.w.org\/{rel}","templated":true}]}}