{"id":584960,"date":"2024-06-04T15:55:47","date_gmt":"2024-06-04T18:55:47","guid":{"rendered":"https:\/\/investnews.com.br\/?p=584960"},"modified":"2024-06-05T10:26:30","modified_gmt":"2024-06-05T13:26:30","slug":"fazenda-envia-ao-congresso-segundo-projeto-de-regulamentacao-da-reforma-tributaria","status":"publish","type":"post","link":"https:\/\/investnews.com.br\/economia\/fazenda-envia-ao-congresso-segundo-projeto-de-regulamentacao-da-reforma-tributaria\/","title":{"rendered":"Fazenda envia ao Congresso segundo projeto de regulamenta\u00e7\u00e3o da reforma tribut\u00e1ria"},"content":{"rendered":"<p>O governo enviou ao Congresso Nacional nesta ter\u00e7a-feira (4) o segundo projeto de lei complementar para regulamentar a reforma tribut\u00e1ria sobre o consumo, texto que detalha o sistema de gest\u00e3o do novo tributo e a distribui\u00e7\u00e3o de receitas a Estados e munic\u00edpios, informou o Minist\u00e9rio da Fazenda.<\/p>\n<p>O projeto, segundo a pasta, regulamenta tamb\u00e9m o Imposto sobre Transmiss\u00e3o Causa Mortis e Doa\u00e7\u00e3o de Quaisquer Bens ou Direitos (<a href=\"https:\/\/investnews.com.br\/guias\/itcmd\/\">ITCMD<\/a>), um tributo estadual incidente sobre heran\u00e7as e doa\u00e7\u00f5es. No entanto, por decis\u00e3o do governo, o texto n\u00e3o trata da cobran\u00e7a desse tributo sobre heran\u00e7as de aplica\u00e7\u00f5es em <a href=\"https:\/\/investnews.com.br\/guias\/previdencia-privada-como-investir\/\">previd\u00eancia privada<\/a>.<\/p>\n<p>Promulgada em dezembro de 2023, a reforma institui o Imposto sobre Bens e Servi\u00e7os (IBS), de al\u00e7ada dos Estados e munic\u00edpios, e a Contribui\u00e7\u00e3o Social sobre Bens e Servi\u00e7os (CBS), a ser gerida pela Uni\u00e3o. Tamb\u00e9m \u00e9 criado o Imposto Seletivo, tributo que visa desestimular o consumo de produtos e servi\u00e7os nocivos \u00e0 sa\u00fade e ao meio ambiente.<\/p>\n<p>O projeto enviado nesta ter\u00e7a-feira traz as regras de funcionamento do Comit\u00ea Gestor do IBS, que definir\u00e1 diretrizes e coordenar\u00e1 a atua\u00e7\u00e3o das administra\u00e7\u00f5es tribut\u00e1rias dos Estados e munic\u00edpios.<\/p>\n<p>O Conselho Superior, inst\u00e2ncia m\u00e1xima de delibera\u00e7\u00e3o do comit\u00ea, ser\u00e1 formado por 27 membros representando cada Estado e o Distrito Federal, e outros 27 membros representantes do conjunto dos munic\u00edpios.<\/p>\n<p>O projeto estabelece que a Uni\u00e3o custear\u00e1, por meio de financiamento, as despesas necess\u00e1rias \u00e0 instala\u00e7\u00e3o do Comit\u00ea Gestor do IBS de 2025 a 2028, no montante de at\u00e9 3,8 bilh\u00f5es de reais.<\/p>\n<h2>Heran\u00e7as<\/h2>\n<p>Em entrevista \u00e0 imprensa, o secret\u00e1rio extraordin\u00e1rio da Reforma Tribut\u00e1ria da Fazenda, Bernard Appy, afirmou que o projeto n\u00e3o trata do tributo estadual ITCMD sobre heran\u00e7as de aplica\u00e7\u00f5es em previd\u00eancia privada.<\/p>\n<p><strong>LEIA MAIS: <a href=\"https:\/\/investnews.com.br\/financas\/heranca-conversa-dificil-mas-necessaria\/\">Heran\u00e7a: conversa dif\u00edcil, mas necess\u00e1ria<\/a><\/strong><\/p>\n<p>Ap\u00f3s a publica\u00e7\u00e3o de informa\u00e7\u00f5es na imprensa de que o texto em elabora\u00e7\u00e3o detalharia a cobran\u00e7a de ITCMD sobre essas aplica\u00e7\u00f5es, Appy afirmou que a n\u00e3o inclus\u00e3o do ponto foi uma &#8220;decis\u00e3o de governo&#8221;.<\/p>\n<p>Segundo ele, o texto que foi vazado a ve\u00edculos de imprensa nos \u00faltimos dias era uma vers\u00e3o preliminar em avalia\u00e7\u00e3o na \u00e1rea t\u00e9cnica do governo, n\u00e3o representando a decis\u00e3o pol\u00edtica final.<\/p>\n<p>O texto enviado ao Legislativo detalha qual Estado pode cobrar o ITCMD no caso de transmiss\u00f5es envolvendo pessoas ou bens no exterior.<\/p>\n<p>As al\u00edquotas, que ser\u00e3o progressivas conforme o valor do ativo, ser\u00e3o fixadas por cada Estado, devendo respeitar o limite m\u00e1ximo estabelecido pelo Senado, atualmente em 8%.<\/p>\n<p>Na entrevista, o assessor da Secretaria de Fazenda de Minas Gerais Ricardo Oliveira afirmou que o Estado defende uma revis\u00e3o dessa al\u00edquota m\u00e1xima, defendendo patamar de 21%, n\u00edvel que para ele \u00e9 compat\u00edvel com a experi\u00eancia internacional.<\/p>\n<p>O presidente do Comit\u00ea Nacional de Secret\u00e1rios de Fazenda (Comsefaz), Carlos Eduardo Xavier, ponderou na entrevista que a ideia de aumentar o limite de cobran\u00e7a do ITCMD n\u00e3o foi debatida de forma conjunta pelos representantes dos Estados.<\/p>\n","protected":false},"excerpt":{"rendered":"<p>O texto regulamenta tamb\u00e9m o Imposto sobre Transmiss\u00e3o Causa Mortis e Doa\u00e7\u00e3o de Quaisquer Bens ou Direitos (ITCMD), um tributo estadual incidente sobre heran\u00e7as e doa\u00e7\u00f5es<\/p>\n","protected":false},"author":61,"featured_media":585343,"comment_status":"closed","ping_status":"closed","sticky":false,"template":"","format":"standard","meta":{"_acf_changed":false,"inline_featured_image":false,"footnotes":""},"categories":[5],"tags":[2310,432,102288],"autor-wsj":[],"coauthors":[2494],"class_list":["post-584960","post","type-post","status-publish","format-standard","has-post-thumbnail","hentry","category-economia","tag-heranca","tag-reforma-tributaria","tag-reuters"],"acf":[],"amp_enabled":true,"_links":{"self":[{"href":"https:\/\/investnews.com.br\/inv-api\/wp\/v2\/posts\/584960","targetHints":{"allow":["GET"]}}],"collection":[{"href":"https:\/\/investnews.com.br\/inv-api\/wp\/v2\/posts"}],"about":[{"href":"https:\/\/investnews.com.br\/inv-api\/wp\/v2\/types\/post"}],"author":[{"embeddable":true,"href":"https:\/\/investnews.com.br\/inv-api\/wp\/v2\/users\/61"}],"replies":[{"embeddable":true,"href":"https:\/\/investnews.com.br\/inv-api\/wp\/v2\/comments?post=584960"}],"version-history":[{"count":6,"href":"https:\/\/investnews.com.br\/inv-api\/wp\/v2\/posts\/584960\/revisions"}],"predecessor-version":[{"id":585344,"href":"https:\/\/investnews.com.br\/inv-api\/wp\/v2\/posts\/584960\/revisions\/585344"}],"wp:featuredmedia":[{"embeddable":true,"href":"https:\/\/investnews.com.br\/inv-api\/wp\/v2\/media\/585343"}],"wp:attachment":[{"href":"https:\/\/investnews.com.br\/inv-api\/wp\/v2\/media?parent=584960"}],"wp:term":[{"taxonomy":"category","embeddable":true,"href":"https:\/\/investnews.com.br\/inv-api\/wp\/v2\/categories?post=584960"},{"taxonomy":"post_tag","embeddable":true,"href":"https:\/\/investnews.com.br\/inv-api\/wp\/v2\/tags?post=584960"},{"taxonomy":"autor-wsj","embeddable":true,"href":"https:\/\/investnews.com.br\/inv-api\/wp\/v2\/autor-wsj?post=584960"},{"taxonomy":"author","embeddable":true,"href":"https:\/\/investnews.com.br\/inv-api\/wp\/v2\/coauthors?post=584960"}],"curies":[{"name":"wp","href":"https:\/\/api.w.org\/{rel}","templated":true}]}}