{"id":584983,"date":"2024-06-04T15:53:44","date_gmt":"2024-06-04T18:53:44","guid":{"rendered":"https:\/\/investnews.com.br\/?p=584983"},"modified":"2024-06-05T10:55:56","modified_gmt":"2024-06-05T13:55:56","slug":"relator-do-programa-mover-retira-taxacao-da-blusinha-de-projeto","status":"publish","type":"post","link":"https:\/\/investnews.com.br\/economia\/relator-do-programa-mover-retira-taxacao-da-blusinha-de-projeto\/","title":{"rendered":"Relator do programa Mover retira &#8216;taxa\u00e7\u00e3o da blusinha&#8217; de projeto"},"content":{"rendered":"<p>O relator do projeto que institui o programa automotivo Mobilidade Verde e Inova\u00e7\u00e3o (Programa Mover), senador Rodrigo Cunha (Podemos-AL), decidiu retirar do texto o dispositivo que resgatava a <strong>c<a href=\"https:\/\/investnews.com.br\/negocios\/camara-aprova-projeto-que-taxa-20-das-compras-internacionais-de-ate-us-50\/#:~:text=O%20Mover%20prev%C3%AA%20R%24%2019,Pa%C3%ADs%20com%20base%20nos%20benef%C3%ADcios.\"><strong>o<\/strong>bran\u00e7a de imposto <\/a><\/strong><a href=\"https:\/\/investnews.com.br\/negocios\/camara-aprova-projeto-que-taxa-20-das-compras-internacionais-de-ate-us-50\/#:~:text=O%20Mover%20prev%C3%AA%20R%24%2019,Pa%C3%ADs%20com%20base%20nos%20benef%C3%ADcios.\">s<\/a>obre compras internacionais de at\u00e9 50 d\u00f3lares &#8212; a &#8220;taxa\u00e7\u00e3o da blusinha&#8221;.<\/p>\n<p>O senador argumenta que \u00e9 necess\u00e1rio mais tempo para discutir a proposta e avaliar os resultados de programa j\u00e1 lan\u00e7ado pelo governo com novas regras aduaneiras, o Remessa Conforme.<\/p>\n<p><strong>LEIA MAIS: <a href=\"https:\/\/investnews.com.br\/negocios\/taxacao-de-importados-nao-basta-para-equilibrar-competicao-com-asiaticas-diz-flavio-rocha\/\">Taxa\u00e7\u00e3o de importados n\u00e3o \u00e9 suficiente para equilibrar competi\u00e7\u00e3o com asi\u00e1ticas, diz Flavio Rocha<\/a><\/strong><\/p>\n<p>&#8220;\u00c9 necess\u00e1rio, \u00e9 indispens\u00e1vel que se tenha um tempo m\u00ednimo de avalia\u00e7\u00e3o se esse programa (Remessa Conforme) deu certo. N\u00e3o podemos trazer uma inseguran\u00e7a de que h\u00e1 nove meses foi posta uma regra espec\u00edfica e que agora vem mais uma outra taxa\u00e7\u00e3o, e essa n\u00e3o sendo nem pelo governo, sendo pela C\u00e2mara dos Deputados&#8221;, disse o relator, acrescentando que o tema pode ser debatido durante as discuss\u00f5es no Congresso da regulamenta\u00e7\u00e3o da reforma tribut\u00e1ria.<\/p>\n<p>O <strong>Remessa Conforme<\/strong> isenta as empresas de com\u00e9rcio eletr\u00f4nico participantes da cobran\u00e7a do imposto de importa\u00e7\u00e3o para produtos do exterior de at\u00e9 50 d\u00f3lares. As companhias, por outro lado, devem aderir a certas regras de conformidade da Receita.<\/p>\n<p>O texto, que originalmente criava o programa automotivo, foi aprovado pela C\u00e2mara dos Deputados com um adendo &#8212; justamente a &#8220;taxa\u00e7\u00e3o da blusinha&#8221; &#8212; prevendo o fim da isen\u00e7\u00e3o de imposto de importa\u00e7\u00e3o sobre compras de at\u00e9 50 d\u00f3lares, acatando pedido da ind\u00fastria e do varejo nacional.<\/p>\n<p>Caso o trecho seja de fato retirado do texto durante a vota\u00e7\u00e3o no Senado, o projeto ter\u00e1 de voltar \u00e0 C\u00e2mara para uma \u00faltima avalia\u00e7\u00e3o dos deputados. H\u00e1 expectativa de que o projeto seja analisado pelos senadores nesta semana.<\/p>\n<p>&#8220;Essas altera\u00e7\u00f5es ser\u00e3o feitas. N\u00f3s n\u00e3o devemos nos podar de fazer o nosso papel legislador&#8221;, defendeu o senador.<\/p>\n","protected":false},"excerpt":{"rendered":"<p>O argumento \u00e9 que \u00e9 necess\u00e1rio mais tempo para discutir a proposta e avaliar os resultados de programa j\u00e1 lan\u00e7ado pelo governo com novas regras aduaneiras<\/p>\n","protected":false},"author":61,"featured_media":585359,"comment_status":"closed","ping_status":"closed","sticky":false,"template":"","format":"standard","meta":{"_acf_changed":false,"inline_featured_image":false,"footnotes":""},"categories":[5],"tags":[434,102288],"autor-wsj":[],"coauthors":[2494],"class_list":["post-584983","post","type-post","status-publish","format-standard","has-post-thumbnail","hentry","category-economia","tag-impostos","tag-reuters"],"acf":[],"amp_enabled":true,"_links":{"self":[{"href":"https:\/\/investnews.com.br\/inv-api\/wp\/v2\/posts\/584983","targetHints":{"allow":["GET"]}}],"collection":[{"href":"https:\/\/investnews.com.br\/inv-api\/wp\/v2\/posts"}],"about":[{"href":"https:\/\/investnews.com.br\/inv-api\/wp\/v2\/types\/post"}],"author":[{"embeddable":true,"href":"https:\/\/investnews.com.br\/inv-api\/wp\/v2\/users\/61"}],"replies":[{"embeddable":true,"href":"https:\/\/investnews.com.br\/inv-api\/wp\/v2\/comments?post=584983"}],"version-history":[{"count":3,"href":"https:\/\/investnews.com.br\/inv-api\/wp\/v2\/posts\/584983\/revisions"}],"predecessor-version":[{"id":585360,"href":"https:\/\/investnews.com.br\/inv-api\/wp\/v2\/posts\/584983\/revisions\/585360"}],"wp:featuredmedia":[{"embeddable":true,"href":"https:\/\/investnews.com.br\/inv-api\/wp\/v2\/media\/585359"}],"wp:attachment":[{"href":"https:\/\/investnews.com.br\/inv-api\/wp\/v2\/media?parent=584983"}],"wp:term":[{"taxonomy":"category","embeddable":true,"href":"https:\/\/investnews.com.br\/inv-api\/wp\/v2\/categories?post=584983"},{"taxonomy":"post_tag","embeddable":true,"href":"https:\/\/investnews.com.br\/inv-api\/wp\/v2\/tags?post=584983"},{"taxonomy":"autor-wsj","embeddable":true,"href":"https:\/\/investnews.com.br\/inv-api\/wp\/v2\/autor-wsj?post=584983"},{"taxonomy":"author","embeddable":true,"href":"https:\/\/investnews.com.br\/inv-api\/wp\/v2\/coauthors?post=584983"}],"curies":[{"name":"wp","href":"https:\/\/api.w.org\/{rel}","templated":true}]}}