{"id":586052,"date":"2024-06-06T16:34:48","date_gmt":"2024-06-06T19:34:48","guid":{"rendered":"https:\/\/investnews.com.br\/?p=586052"},"modified":"2025-09-01T09:05:25","modified_gmt":"2025-09-01T12:05:25","slug":"efeitos-das-chuvas-impactou-balanca-comercial-do-rs-em-maio-segundo-mdic","status":"publish","type":"post","link":"https:\/\/investnews.com.br\/economia\/efeitos-das-chuvas-impactou-balanca-comercial-do-rs-em-maio-segundo-mdic\/","title":{"rendered":"Efeito das chuvas impactou balan\u00e7a comercial do RS em maio, segundo MDIC"},"content":{"rendered":"<p>O diretor de Estat\u00edsticas e Estudos de Com\u00e9rcio Exterior do Minist\u00e9rio do Desenvolvimento, Ind\u00fastria, Com\u00e9rcio e Servi\u00e7os (MDIC), Herlon Brand\u00e3o, afirmou nesta quinta-feira (6) que <strong><a href=\"https:\/\/investnews.com.br\/geral\/o-que-explica-o-volume-de-chuvas-no-rio-grande-do-sul\/\">efeitos das chuvas<\/a> <\/strong>no Rio Grande do Sul j\u00e1 come\u00e7am a ser sentidos na balan\u00e7a comercial do Estado.<\/p>\n<p>Segundo os dados da pasta, as exporta\u00e7\u00f5es do Rio Grande do Sul ca\u00edram 14% em maio, enquanto o dado nacional caiu 7,1%. Em rela\u00e7\u00e3o \u00e0s importa\u00e7\u00f5es, a queda no Estado do Sul foi de 41,2% no m\u00eas, enquanto o dado geral do Brasil cresceu 0,5%.<\/p>\n<p>Brand\u00e3o explicou que o efeito na exporta\u00e7\u00e3o demora mais a aparecer nos dados porque mesmo ap\u00f3s o desastre j\u00e1 havia produtos prontos para exporta\u00e7\u00e3o que seguiram processo de escoamento e embarque. Nas importa\u00e7\u00f5es, o efeito \u00e9 mais r\u00e1pido, segundo ele.<\/p>\n<p>\u201cRealmente tem um efeito, cessa a produ\u00e7\u00e3o, cessa o consumo no estado e isso se reflete no com\u00e9rcio exterior\u201d, disse.<\/p>\n<p>Ele ressaltou que em maio houve aumento de 11,1% no volume importado pelo Brasil de arroz, produto muito produzido pelo Rio Grande do Sul, especialmente com compras vindas do Uruguai. O valor importado desses produtos cresceu 47,3% no m\u00eas.<\/p>\n<p><strong>LEIA MAIS: <a href=\"https:\/\/investnews.com.br\/negocios\/chuvas-no-rs-o-pesadelo-logistico\/\">Chuvas no RS: o pesadelo log\u00edstico<\/a><\/strong><\/p>\n<p>(Por Bernardo Caram)<\/p>\n","protected":false},"excerpt":{"rendered":"<p>Segundo dados do Minist\u00e9rio do Desenvolvimento, Ind\u00fastria, Com\u00e9rcio e Servi\u00e7os, as exporta\u00e7\u00f5es do Rio Grande do Sul ca\u00edram 14% em maio, enquanto o dado nacional caiu 7,1%<\/p>\n","protected":false},"author":61,"featured_media":576967,"comment_status":"closed","ping_status":"closed","sticky":false,"template":"","format":"standard","meta":{"_acf_changed":false,"inline_featured_image":false,"footnotes":""},"categories":[5],"tags":[110445,101773,102288],"autor-wsj":[],"coauthors":[2494],"class_list":["post-586052","post","type-post","status-publish","format-standard","has-post-thumbnail","hentry","category-economia","tag-balanca-comercial","tag-mudancas-climaticas","tag-reuters"],"acf":[],"amp_enabled":true,"_links":{"self":[{"href":"https:\/\/investnews.com.br\/inv-api\/wp\/v2\/posts\/586052","targetHints":{"allow":["GET"]}}],"collection":[{"href":"https:\/\/investnews.com.br\/inv-api\/wp\/v2\/posts"}],"about":[{"href":"https:\/\/investnews.com.br\/inv-api\/wp\/v2\/types\/post"}],"author":[{"embeddable":true,"href":"https:\/\/investnews.com.br\/inv-api\/wp\/v2\/users\/61"}],"replies":[{"embeddable":true,"href":"https:\/\/investnews.com.br\/inv-api\/wp\/v2\/comments?post=586052"}],"version-history":[{"count":8,"href":"https:\/\/investnews.com.br\/inv-api\/wp\/v2\/posts\/586052\/revisions"}],"predecessor-version":[{"id":586071,"href":"https:\/\/investnews.com.br\/inv-api\/wp\/v2\/posts\/586052\/revisions\/586071"}],"wp:featuredmedia":[{"embeddable":true,"href":"https:\/\/investnews.com.br\/inv-api\/wp\/v2\/media\/576967"}],"wp:attachment":[{"href":"https:\/\/investnews.com.br\/inv-api\/wp\/v2\/media?parent=586052"}],"wp:term":[{"taxonomy":"category","embeddable":true,"href":"https:\/\/investnews.com.br\/inv-api\/wp\/v2\/categories?post=586052"},{"taxonomy":"post_tag","embeddable":true,"href":"https:\/\/investnews.com.br\/inv-api\/wp\/v2\/tags?post=586052"},{"taxonomy":"autor-wsj","embeddable":true,"href":"https:\/\/investnews.com.br\/inv-api\/wp\/v2\/autor-wsj?post=586052"},{"taxonomy":"author","embeddable":true,"href":"https:\/\/investnews.com.br\/inv-api\/wp\/v2\/coauthors?post=586052"}],"curies":[{"name":"wp","href":"https:\/\/api.w.org\/{rel}","templated":true}]}}