{"id":586584,"date":"2024-06-08T07:50:00","date_gmt":"2024-06-08T10:50:00","guid":{"rendered":"https:\/\/investnews.com.br\/?p=586584"},"modified":"2024-06-24T22:08:08","modified_gmt":"2024-06-25T01:08:08","slug":"o-estoicismo-e-pop-mas-sera-que-as-pessoas-entendem-mesmo-essa-filosofia","status":"publish","type":"post","link":"https:\/\/investnews.com.br\/carreira\/o-estoicismo-e-pop-mas-sera-que-as-pessoas-entendem-mesmo-essa-filosofia\/","title":{"rendered":"O estoicismo \u00e9 pop, mas ser\u00e1 que as pessoas entendem mesmo essa filosofia?"},"content":{"rendered":"\n<p>Serenidade para aceitar as coisas que voc\u00ea n\u00e3o tem como mudar. N\u00e3o, este n\u00e3o \u00e9 um texto sobre a Ora\u00e7\u00e3o da Serenidade, que costuma abrir as reuni\u00f5es dos Alco\u00f3licos An\u00f4nimos, mas sobre como o estoicismo \u2013 e a suposta atitude resignada comumente atribu\u00edda ao estilo de vida estoico \u2013 se tornou um um fen\u00f4meno cultural, sobretudo para aqueles que buscam na filosofia antiga um guia para lidar com os desafios profissionais.<\/p>\n\n\n\n<p>A atitude &#8220;relaxa, voc\u00ea n\u00e3o tem como controlar tudo ao seu redor&#8221; foi um b\u00e1lsamo para Raul Perazza. O gerente de produtos digitais da Ambev foi apresentado ao estoicismo em uma sess\u00e3o de terapia.<\/p>\n\n\n\n<p><strong>LEIA MAIS:<\/strong> <a href=\"https:\/\/investnews.com.br\/negocios\/empresas-chinesas-o-que-voce-precisa-saber-antes-de-trabalhar-em-uma-delas\/\" target=\"_blank\" rel=\"noreferrer noopener\">Empresas chinesas: o que voc\u00ea precisa saber antes de trabalhar em uma delas<\/a><\/p>\n\n\n\n<p>&#8220;Eu vinha tratando uma ansiedade bastante ligada ao trabalho e meu psic\u00f3logo indicou o livro <em>O Ego \u00e9 seu Inimigo<\/em>, do Ryan Holiday&#8221;. A experi\u00eancia valeu a pena para Raul, que a definiu como &#8220;libertadora&#8221;.<\/p>\n\n\n\n<p>&#8220;O estoicismo te leva a aceitar as coisas como elas s\u00e3o; a entender que elas est\u00e3o acontecendo porque t\u00eam de acontecer. O seu papel \u00e9 viver dentro dessa condi\u00e7\u00e3o&#8221;, explica. &#8220;\u00c9 um pouco duro, mas poupa sofrimento e faz com que voc\u00ea gaste menos energia desejando que as coisas fossem diferentes&#8221;.<\/p>\n\n\n\n<figure class=\"wp-block-image size-large\"><img loading=\"lazy\" decoding=\"async\" width=\"1024\" height=\"640\" src=\"https:\/\/media.investnews.com.br\/uploads\/2024\/06\/IN_MA_Ilustra-1024x640.webp\" alt=\"\" class=\"wp-image-586617\" srcset=\"https:\/\/media.investnews.com.br\/uploads\/2024\/06\/IN_MA_Ilustra-1024x640.webp 1024w, https:\/\/media.investnews.com.br\/uploads\/2024\/06\/IN_MA_Ilustra-300x188.webp 300w, https:\/\/media.investnews.com.br\/uploads\/2024\/06\/IN_MA_Ilustra-768x480.webp 768w, https:\/\/media.investnews.com.br\/uploads\/2024\/06\/IN_MA_Ilustra-1536x960.webp 1536w, https:\/\/media.investnews.com.br\/uploads\/2024\/06\/IN_MA_Ilustra-1256x785.webp 1256w, https:\/\/media.investnews.com.br\/uploads\/2024\/06\/IN_MA_Ilustra-172x108.webp 172w, https:\/\/media.investnews.com.br\/uploads\/2024\/06\/IN_MA_Ilustra-150x94.webp 150w, https:\/\/media.investnews.com.br\/uploads\/2024\/06\/IN_MA_Ilustra.webp 1920w\" sizes=\"auto, (max-width: 1024px) 100vw, 1024px\" \/><figcaption class=\"wp-element-caption\">Est\u00e1tua de Marco Aur\u00e9lio (161 d.C. &#8211; 180 d.C), imperador romano e pensador do estoicismo <\/figcaption><\/figure>\n\n\n\n<p>Perazza leu uma das mais de 130 mil c\u00f3pias do maior bestseller de Ryan Holiday no Brasil. A Intr\u00ednseca, que publica a maioria das obras do autor americano por aqui \u2013 incluindo <em>O Ego \u00e9 seu Inimigo<\/em> \u2013 diz que os livros de Holiday j\u00e1 venderam mais de 320 mil c\u00f3pias no pa\u00eds. Um fen\u00f4meno e tanto, j\u00e1 que uma tiragem m\u00e9dia no Brasil fica por volta de cinco mil c\u00f3pias.<\/p>\n\n\n\n<p>Mas Holiday n\u00e3o inventou a roda, claro \u2013 muito menos o estoicismo.<\/p>\n\n\n\n<p>A corrente filos\u00f3fica floresceu na Gr\u00e9cia Antiga, onde tornou-se dominante por 600 anos, sendo a linha mais longeva daquela civiliza\u00e7\u00e3o. Foi popular ainda Roma Antiga, at\u00e9 padecer nas m\u00e3os do cristianismo ascendente. Tem Warren Buffet e Bill Gates entre seus admiradores contempor\u00e2neos. At\u00e9 por isso, virou inspira\u00e7\u00e3o para executivos e profissionais em geral que buscam na filosofia helen\u00edstica princ\u00edpios que ajudem na progress\u00e3o de carreira.<\/p>\n\n\n\n<p>O trabalho de Holiday e de outros autores \u2013 quase todos americanos \u2013 foi dar verniz popular aos conceitos do estoicismo, transformando a corrente de pensamento milenar em dicas e hist\u00f3rias inspiradoras, encapsuladas nos livros que hoje vendem como p\u00e3ozinho quente.<\/p>\n\n\n\n<p>Para Rebeca Bolite, editora-executiva da Intr\u00ednseca, n\u00e3o se trata de mais uma onda de autoajuda, embora reconhe\u00e7a que as obras servem ao prop\u00f3sito de confortar leitores que buscam dicas pr\u00e1ticas para lidar com os dilemas cotidianos, sobretudo os de \u00e2mbito profissional. &#8220;Muitos adeptos do estoicismo s\u00e3o pessoas de sucesso, como CEOs e grandes atletas&#8221;, lista. &#8220;Essas pessoas encontraram nas virtudes do estoicismo um norte para o dia-a-dia&#8221;.<\/p>\n\n\n\n<p><strong>LEIA MAIS:<\/strong> <a href=\"https:\/\/investnews.com.br\/negocios\/carreira-nos-estados-unidos-como-preparar-o-visto\/\" target=\"_blank\" rel=\"noreferrer noopener\">Carreira nos Estados Unidos: como preparar o visto?<\/a><\/p>\n\n\n\n<p>Resili\u00eancia, foco, disciplina, equil\u00edbrio emocional. Todos s\u00e3o conceitos tipicamente atribu\u00eddos ao pensamento estoico e que costumam ser refor\u00e7ados nos livros de autores popularizados pelo fen\u00f4meno. Essa dimens\u00e3o pr\u00e1tica do estoicismo tamb\u00e9m \u00e9 citada por Lucas Oggiam, diretor da consultoria de recrutamento PageGroup, como chave para o sucesso da corrente filos\u00f3fica entre as pessoas mais preocupadas com o andamento da carreira.<\/p>\n\n\n\n<p>&#8220;Existem partes do estoicismo que s\u00e3o excepcionalmente correlacionadas com a vida dos executivos. Se voc\u00ea conseguir controlar a ansiedade para direcionar melhor suas a\u00e7\u00f5es, vai ter uma performance melhor e gerir bem o seu tempo&#8221;, opina Oggiam.<\/p>\n\n\n\n<p>Mas ser\u00e1 que o homem moderno est\u00e1 lendo direito o estoicismo? H\u00e1 verdadeiros estoicos andando entre n\u00f3s?<\/p>\n\n\n\n<h2 class=\"wp-block-heading\">N\u00e3o \u00e9 bem assim<\/h2>\n\n\n\n<p>Superficial, incompleta e falsa. S\u00e3o essas as palavras escolhidas por Andytias Matos, doutor em filosofia pela Universidade de Coimbra para definir a &#8220;onda estoica&#8221; contempor\u00e2nea. N\u00e3o que ele n\u00e3o veja valor em livros que simplificam e popularizam as complexas escolas filos\u00f3ficas, mas \u00e9 que no caso do estoicismo o buraco \u00e9 mais embaixo.<\/p>\n\n\n\n<p>Professor em filosofia do direito na UFMG e autor de <em>A Filosofia como Forma de Vida: uma introdu\u00e7\u00e3o ao estoicismo grego-romano<\/em>, o acad\u00eamico argumenta que o pecado capital deste pretenso &#8220;neo-estoicismo&#8221; \u00e9 a \u00eanfase no indiv\u00edduo.<\/p>\n\n\n\n<p>A corrente estoica, explica Matos, \u00e9 uma &#8220;doutrina total&#8221; da realidade, da sociedade e do indiv\u00edduo. N\u00e3o pode ser picotada conforme a conveni\u00eancia do leitor para ent\u00e3o ser dilu\u00edda em um mero conjunto de pr\u00e1ticas cotidianas. Se isso acontecer, pontua, temos qualquer coisa, menos o estoicismo.<\/p>\n\n\n\n<p>Sim, complicou um pouco, o que faz deste um bom momento para recorrer a uma met\u00e1fora.<\/p>\n\n\n\n<p>Considere uma \u00e1rvore: nas ra\u00edzes est\u00e1 a <strong>l\u00f3gica<\/strong>, que \u00e9 a raz\u00e3o da palavra, o discurso. O tronco \u00e9 a <strong>f\u00edsica<\/strong>, o mundo natural, onde vivemos. E os frutos s\u00e3o a <strong>\u00e9tica<\/strong>, que \u00e9 a raz\u00e3o da vida, o modo de conduta. <strong>L\u00f3gica, f\u00edsica e \u00e9tica<\/strong> s\u00e3o as tr\u00eas dimens\u00f5es essenciais do pensamento estoico em que um aspecto \u00e9 separado do outro, mas um est\u00e1 em conson\u00e2ncia com o outro.<\/p>\n\n\n\n<p><strong>LEIA MAIS:<\/strong> <a href=\"https:\/\/investnews.com.br\/negocios\/marcelo-tas-41-anos-de-carreira-em-modo-beta\/\" target=\"_blank\" rel=\"noreferrer noopener\">Marcelo Tas: 41 anos de carreira em \u2018modo beta\u2019<\/a><\/p>\n\n\n\n<p>Matos explica que, para os estoicos, o sofrimento, a tristeza, o insucesso e a dor existencial existem na medida em que os seres humanos est\u00e3o desconectados da raz\u00e3o. \u00c9 a partir dessa premissa que o estoicismo desenvolve teorias e pr\u00e1ticas com a proposta de reconectar o homem \u00e0 racionalidade.<\/p>\n\n\n\n<p>Isso significa tentar harmonizar as ideias (aquilo que se alcan\u00e7a por meio do exerc\u00edcio da raz\u00e3o) com a pr\u00e1tica (a a\u00e7\u00e3o humana no mundo).<\/p>\n\n\n\n<p>&#8220;O estoicismo \u00e9 um exerc\u00edcio cont\u00ednuo de transforma\u00e7\u00e3o de si e do mundo que nos cerca \u2013 e essa transforma\u00e7\u00e3o de si exige uma a\u00e7\u00e3o concreta no mundo. N\u00e3o \u00e9 passividade&#8221;, sintetiza o professor da UFMG, que cita a contribui\u00e7\u00e3o do pensamento estoico para o fim da escravid\u00e3o no mundo romano como exemplo de como essa filosofia n\u00e3o deve ser confundida com resigna\u00e7\u00e3o. &#8220;Como eles agiram? N\u00e3o de forma revolucion\u00e1ria, espetacular. Mas de uma forma di\u00e1ria, cotidiana, tranquila, buscando a transforma\u00e7\u00e3o social&#8221;.<\/p>\n\n\n\n<p>Andytias Matos recomenda que os interessados no assunto leiam diretamente os autores estoicos cl\u00e1ssicos, como o imperador romano e fil\u00f3sofo estoico Marco Aur\u00e9lio. &#8220;S\u00e3o autores extremamente claros na sua escrita&#8221;.<\/p>\n\n\n\n<p>Orquestrando a publica\u00e7\u00e3o de mais livros sobre estoicismo na Intr\u00ednseca, Rebeca Bolite v\u00ea como leg\u00edtima a apropria\u00e7\u00e3o do estoicismo pela cultura popular, ainda que isso possa acontecer de maneira superficial.<\/p>\n\n\n\n<p>&#8220;Uma coisa n\u00e3o inviabiliza a outra. O estoicismo ficou embalado agora pelo Ryan Holiday, mas as pessoas tamb\u00e9m v\u00e3o ler as <em>Medita\u00e7\u00f5es<\/em> de Marco Aur\u00e9lio&#8221;, argumenta.<\/p>\n\n\n\n<p>&#8220;A gente vai passar e o estoicismo vai continuar. Fen\u00f4menos s\u00e3o fen\u00f4menos e n\u00e3o existe muito controle sobre eles&#8221;, filosofa  \u2013 estoicamente? \u2013 a editora. <\/p>\n","protected":false},"excerpt":{"rendered":"<p>A corrente filos\u00f3fica greco-romana est\u00e1 na moda, mas cr\u00edticos afirmam que o pensamento estoico acabou dilu\u00eddo em simplifica\u00e7\u00f5es e erros<\/p>\n","protected":false},"author":104,"featured_media":586617,"comment_status":"closed","ping_status":"closed","sticky":false,"template":"","format":"standard","meta":{"_acf_changed":false,"inline_featured_image":false,"footnotes":""},"categories":[102727],"tags":[63],"autor-wsj":[],"coauthors":[102045],"class_list":["post-586584","post","type-post","status-publish","format-standard","has-post-thumbnail","hentry","category-carreira","tag-carreira"],"acf":[],"amp_enabled":true,"_links":{"self":[{"href":"https:\/\/investnews.com.br\/inv-api\/wp\/v2\/posts\/586584","targetHints":{"allow":["GET"]}}],"collection":[{"href":"https:\/\/investnews.com.br\/inv-api\/wp\/v2\/posts"}],"about":[{"href":"https:\/\/investnews.com.br\/inv-api\/wp\/v2\/types\/post"}],"author":[{"embeddable":true,"href":"https:\/\/investnews.com.br\/inv-api\/wp\/v2\/users\/104"}],"replies":[{"embeddable":true,"href":"https:\/\/investnews.com.br\/inv-api\/wp\/v2\/comments?post=586584"}],"version-history":[{"count":30,"href":"https:\/\/investnews.com.br\/inv-api\/wp\/v2\/posts\/586584\/revisions"}],"predecessor-version":[{"id":593871,"href":"https:\/\/investnews.com.br\/inv-api\/wp\/v2\/posts\/586584\/revisions\/593871"}],"wp:featuredmedia":[{"embeddable":true,"href":"https:\/\/investnews.com.br\/inv-api\/wp\/v2\/media\/586617"}],"wp:attachment":[{"href":"https:\/\/investnews.com.br\/inv-api\/wp\/v2\/media?parent=586584"}],"wp:term":[{"taxonomy":"category","embeddable":true,"href":"https:\/\/investnews.com.br\/inv-api\/wp\/v2\/categories?post=586584"},{"taxonomy":"post_tag","embeddable":true,"href":"https:\/\/investnews.com.br\/inv-api\/wp\/v2\/tags?post=586584"},{"taxonomy":"autor-wsj","embeddable":true,"href":"https:\/\/investnews.com.br\/inv-api\/wp\/v2\/autor-wsj?post=586584"},{"taxonomy":"author","embeddable":true,"href":"https:\/\/investnews.com.br\/inv-api\/wp\/v2\/coauthors?post=586584"}],"curies":[{"name":"wp","href":"https:\/\/api.w.org\/{rel}","templated":true}]}}