{"id":586614,"date":"2024-06-08T10:54:03","date_gmt":"2024-06-08T13:54:03","guid":{"rendered":"https:\/\/investnews.com.br\/?p=586614"},"modified":"2024-06-08T12:02:54","modified_gmt":"2024-06-08T15:02:54","slug":"haddad-reclama-de-quebra-de-protocolo-apos-reuniao-com-banco-e-gestores-de-investimentos","status":"publish","type":"post","link":"https:\/\/investnews.com.br\/economia\/haddad-reclama-de-quebra-de-protocolo-apos-reuniao-com-banco-e-gestores-de-investimentos\/","title":{"rendered":"Haddad reclama de quebra de protocolo ap\u00f3s reuni\u00e3o com banco e gestores de investimentos"},"content":{"rendered":"<p>O ministro da Fazenda, <strong><a href=\"https:\/\/investnews.com.br\/perfis\/fernando-haddad\/\">Fernando Haddad<\/a><\/strong>, reclamou de &#8220;quebra de protocolo&#8221; em reuni\u00e3o privada com executivos de banco e gestores de investimento, afirmando que declara\u00e7\u00f5es suas sobre chance de contingenciamento or\u00e7ament\u00e1rio foram mal interpretadas e replicadas de forma irrespons\u00e1vel.<\/p>\n<p>Segundo Haddad, ao ser questionado sobre o assunto por um dos executivos presentes em reuni\u00e3o mais cedo nesta sexta, ele respondeu que haveria a possibilidade do contingenciamento, pela pr\u00f3pria din\u00e2mica do arcabou\u00e7o fiscal.<\/p>\n<p>Questionado sobre interpreta\u00e7\u00e3o que circulou no mercado de que o ministro teria indicado na conversa um abandono do arcabou\u00e7o fiscal, Haddad disse que &#8220;isso \u00e9 uma irresponsabilidade&#8221;, argumentando que a vers\u00e3o vazada foi o oposto do que ele afirmou no encontro.<\/p>\n<p>&#8220;Voc\u00ea n\u00e3o pode utilizar reuni\u00e3o fechada para depois vender para o mercado aquilo que n\u00e3o foi dito&#8221;, disse Haddad.<\/p>\n<p>Segundo a agenda de Haddad, ele se reuniu com o CEO do Santander Brasil, Mario Le\u00e3o, e v\u00e1rios outros executivos do banco e de gestoras de ativos, como Bradesco Asset, Ita\u00fa Asset, Ibi\u00fana Investimentos e Verde Asset.<\/p>\n<p>Haddad sugeriu que os jornalistas procurassem o CEO do <strong>Santander<\/strong>, frisando que foi &#8220;muito grave o que aconteceu&#8221;. O Santander n\u00e3o respondeu imediatamente a um pedido de coment\u00e1rio da Reuters.<\/p>\n<p><strong>LEIA MAIS: <a href=\"https:\/\/investnews.com.br\/economia\/haddad-anuncia-acordo-para-manter-desoneracao-da-folha-em-2024-e-depois-reduzir-beneficio-gradualmente\/\">Haddad anuncia acordo para manter desonera\u00e7\u00e3o da folha em 2024<\/a><\/strong><\/p>\n<p>Mais cedo na coletiva de imprensa, Haddad j\u00e1 havia respondido a pergunta sobre a possibilidade de contingenciamento afirmando que isso poderia eventualmente ocorrer para assegurar o cumprimento das regras fiscais.<\/p>\n<p>&#8220;Pode acontecer de ter que ter contingenciamento&#8221;, disse Haddad. &#8220;Voc\u00ea tem um marco fiscal, voc\u00ea tem que respeitar. Se voc\u00ea ultrapassar o limite estabelecido no marco fiscal, voc\u00ea tem que ter contingenciamento.&#8221;<\/p>\n<p>Em seguida, diante de ru\u00eddos no mercado em torno de suas falas durante a reuni\u00e3o fechada, Haddad voltou a falar com alguns jornalistas sobre a conversa com os executivos.<\/p>\n<p>Em sua mais recente reavalia\u00e7\u00e3o das receitas e despesas or\u00e7ament\u00e1rias do ano, em maio, o governo piorou sua proje\u00e7\u00e3o de d\u00e9ficit fiscal para 2024 &#8212; a R$ 14,5 bilh\u00f5es &#8212; mas o dado seguiu dentro da margem de toler\u00e2ncia estabelecida pelo arcabou\u00e7o fiscal, o que evitou a necessidade de contingenciamento.<\/p>\n<p>(Reportagem de Luana Maria Benedito e Marcela Ayres)<\/p>\n","protected":false},"excerpt":{"rendered":"<p>O ministro se reuniu com o CEO do Santander Brasil e executivos do banco e de gestoras de ativos, como Bradesco Asset, Ita\u00fa Asset, Ibi\u00fana Investimentos e Verde Asset<\/p>\n","protected":false},"author":61,"featured_media":572480,"comment_status":"closed","ping_status":"closed","sticky":false,"template":"","format":"standard","meta":{"_acf_changed":false,"inline_featured_image":false,"footnotes":""},"categories":[5],"tags":[499,101620,102288],"autor-wsj":[],"coauthors":[2494],"class_list":["post-586614","post","type-post","status-publish","format-standard","has-post-thumbnail","hentry","category-economia","tag-economia","tag-fernando-haddad","tag-reuters"],"acf":[],"amp_enabled":true,"_links":{"self":[{"href":"https:\/\/investnews.com.br\/inv-api\/wp\/v2\/posts\/586614","targetHints":{"allow":["GET"]}}],"collection":[{"href":"https:\/\/investnews.com.br\/inv-api\/wp\/v2\/posts"}],"about":[{"href":"https:\/\/investnews.com.br\/inv-api\/wp\/v2\/types\/post"}],"author":[{"embeddable":true,"href":"https:\/\/investnews.com.br\/inv-api\/wp\/v2\/users\/61"}],"replies":[{"embeddable":true,"href":"https:\/\/investnews.com.br\/inv-api\/wp\/v2\/comments?post=586614"}],"version-history":[{"count":5,"href":"https:\/\/investnews.com.br\/inv-api\/wp\/v2\/posts\/586614\/revisions"}],"predecessor-version":[{"id":586697,"href":"https:\/\/investnews.com.br\/inv-api\/wp\/v2\/posts\/586614\/revisions\/586697"}],"wp:featuredmedia":[{"embeddable":true,"href":"https:\/\/investnews.com.br\/inv-api\/wp\/v2\/media\/572480"}],"wp:attachment":[{"href":"https:\/\/investnews.com.br\/inv-api\/wp\/v2\/media?parent=586614"}],"wp:term":[{"taxonomy":"category","embeddable":true,"href":"https:\/\/investnews.com.br\/inv-api\/wp\/v2\/categories?post=586614"},{"taxonomy":"post_tag","embeddable":true,"href":"https:\/\/investnews.com.br\/inv-api\/wp\/v2\/tags?post=586614"},{"taxonomy":"autor-wsj","embeddable":true,"href":"https:\/\/investnews.com.br\/inv-api\/wp\/v2\/autor-wsj?post=586614"},{"taxonomy":"author","embeddable":true,"href":"https:\/\/investnews.com.br\/inv-api\/wp\/v2\/coauthors?post=586614"}],"curies":[{"name":"wp","href":"https:\/\/api.w.org\/{rel}","templated":true}]}}