{"id":586718,"date":"2024-06-08T14:52:08","date_gmt":"2024-06-08T17:52:08","guid":{"rendered":"https:\/\/investnews.com.br\/?p=586718"},"modified":"2024-06-08T14:58:36","modified_gmt":"2024-06-08T17:58:36","slug":"o-pais-nao-aguenta-o-juro-alto-por-muito-mais-tempo-diz-rubens-menin","status":"publish","type":"post","link":"https:\/\/investnews.com.br\/economia\/o-pais-nao-aguenta-o-juro-alto-por-muito-mais-tempo-diz-rubens-menin\/","title":{"rendered":"&#8216;O pa\u00eds n\u00e3o aguenta o juro alto por muito mais tempo&#8217;, diz fundador da MRV"},"content":{"rendered":"\n<p>O empres\u00e1rio Rubens Menin, s\u00f3cio-fundador da<strong> MRV<\/strong> (<a href=\"https:\/\/investnews.com.br\/cotacao\/mrve3-mrv\/\"><strong>MRVE3<\/strong><\/a>), fez um pleito direto ao presidente do Banco Central, Roberto Campos: o pa\u00eds n\u00e3o vai aguenta viver com juro alto por muito mais tempo. E citou especificamente o juro real pago pelas <strong>NTN-Bs<\/strong>, t\u00edtulos p\u00fablicos indexados ao <a href=\"https:\/\/investnews.com.br\/guias\/o-que-e-ipca\/\">IPCA<\/a>, que est\u00e1 acima de 6%.<\/p>\n\n\n\n<p>&#8220;O juro \u00e9 uma quimioterapia necess\u00e1ria, mas \u00e9 preciso ter cuidado com a dose, se n\u00e3o matamos o paciente&#8221;, afirmou. &#8220;Temos uma balan\u00e7a comercial superavit\u00e1ria, reservas internacionais, a economia real est\u00e1 funcionando. Ent\u00e3o a discuss\u00e3o que precisamos ter \u00e9 por quanto tempo vamos aguentar um juro real de 6%&#8221;, afirmou.<\/p>\n\n\n\n<p>O empres\u00e1rio dividiu o palco com o presidente do BC, Roberto Campos, durante painel em que foi discutido &#8220;O futuro da economia no Brasil&#8221;. Ele fez quest\u00e3o de enaltecer os benef\u00edcios de se ter um BC independente. Mas insistiu que o n\u00edvel do juro real hoje \u00e9 &#8220;assustador&#8221;.<\/p>\n\n\n\n<p><strong>LEIA MAIS: <\/strong><a href=\"https:\/\/investnews.com.br\/economia\/selic-por-que-essa-mula-empacou-no-alto-do-morro\/\"><strong>Selic: por que essa mula empacou no alto do morro<\/strong><\/a><\/p>\n\n\n\n<p>O presidente do BC, em resposta, lembrou que n\u00e3o \u00e9 a autarquia, mas o mercado, quem determina o juro real pago pelos t\u00edtulos p\u00fablicos. &#8220;A Selic n\u00e3o define o juro real de longo prazo. Esse juro representa o que o mercado exige para financiar o governo&#8221;, disse.<\/p>\n\n\n\n<p>Quando h\u00e1 confian\u00e7a na condu\u00e7\u00e3o da pol\u00edtica fiscal e ,portanto, na capacidade do governo pagar sua d\u00edvida, os agentes passam a exigir um pr\u00eamio mais baixo. Foi assim quando foi estabelecido o teto fiscal, em 2016, e o arcabou\u00e7o fiscal no ano passado.<\/p>\n\n\n\n<p><strong>LEIA MAIS: <a href=\"https:\/\/investnews.com.br\/negocios\/com-o-governo-metendo-a-mao-querendo-taxar-tudo-nao-da-afirma-rubens-ometto\/\">\u2018Com o governo metendo a m\u00e3o, querendo taxar tudo, n\u00e3o d\u00e1\u2019, afirma Rubens Ometto<\/a><\/strong><\/p>\n","protected":false},"excerpt":{"rendered":"<p>Rubens Menin manifestou ao presidente do BC, Roberto Campos, preocupa\u00e7\u00e3o com rumo da pol\u00edtica monet\u00e1ria<\/p>\n","protected":false},"author":112,"featured_media":571607,"comment_status":"closed","ping_status":"closed","sticky":false,"template":"","format":"standard","meta":{"_acf_changed":false,"inline_featured_image":false,"footnotes":""},"categories":[5],"tags":[],"autor-wsj":[],"coauthors":[102473],"class_list":["post-586718","post","type-post","status-publish","format-standard","has-post-thumbnail","hentry","category-economia"],"acf":[],"amp_enabled":true,"_links":{"self":[{"href":"https:\/\/investnews.com.br\/inv-api\/wp\/v2\/posts\/586718","targetHints":{"allow":["GET"]}}],"collection":[{"href":"https:\/\/investnews.com.br\/inv-api\/wp\/v2\/posts"}],"about":[{"href":"https:\/\/investnews.com.br\/inv-api\/wp\/v2\/types\/post"}],"author":[{"embeddable":true,"href":"https:\/\/investnews.com.br\/inv-api\/wp\/v2\/users\/112"}],"replies":[{"embeddable":true,"href":"https:\/\/investnews.com.br\/inv-api\/wp\/v2\/comments?post=586718"}],"version-history":[{"count":10,"href":"https:\/\/investnews.com.br\/inv-api\/wp\/v2\/posts\/586718\/revisions"}],"predecessor-version":[{"id":586729,"href":"https:\/\/investnews.com.br\/inv-api\/wp\/v2\/posts\/586718\/revisions\/586729"}],"wp:featuredmedia":[{"embeddable":true,"href":"https:\/\/investnews.com.br\/inv-api\/wp\/v2\/media\/571607"}],"wp:attachment":[{"href":"https:\/\/investnews.com.br\/inv-api\/wp\/v2\/media?parent=586718"}],"wp:term":[{"taxonomy":"category","embeddable":true,"href":"https:\/\/investnews.com.br\/inv-api\/wp\/v2\/categories?post=586718"},{"taxonomy":"post_tag","embeddable":true,"href":"https:\/\/investnews.com.br\/inv-api\/wp\/v2\/tags?post=586718"},{"taxonomy":"autor-wsj","embeddable":true,"href":"https:\/\/investnews.com.br\/inv-api\/wp\/v2\/autor-wsj?post=586718"},{"taxonomy":"author","embeddable":true,"href":"https:\/\/investnews.com.br\/inv-api\/wp\/v2\/coauthors?post=586718"}],"curies":[{"name":"wp","href":"https:\/\/api.w.org\/{rel}","templated":true}]}}