{"id":586851,"date":"2024-06-10T16:13:57","date_gmt":"2024-06-10T19:13:57","guid":{"rendered":"https:\/\/investnews.com.br\/?p=586851"},"modified":"2024-06-10T19:09:01","modified_gmt":"2024-06-10T22:09:01","slug":"haddad-destaca-preocupacao-com-aumento-de-creditos-tributarios-e-diz-que-esclarecera-pontos-para-empresarios-sobre-mp","status":"publish","type":"post","link":"https:\/\/investnews.com.br\/economia\/haddad-destaca-preocupacao-com-aumento-de-creditos-tributarios-e-diz-que-esclarecera-pontos-para-empresarios-sobre-mp\/","title":{"rendered":"Haddad vai tentar explicar &#8216;MP do Fim do Mundo&#8217; para empres\u00e1rios"},"content":{"rendered":"<p>O ministro da Fazenda, Fernando Haddad, disse nesta segunda-feira (10) que quer esclarecer a lideran\u00e7as empresariais nos pr\u00f3ximos dias pontos da medida provis\u00f3ria editada pelo governo alterando regras de compensa\u00e7\u00e3o de cr\u00e9ditos de<strong> Pis\/Cofins<\/strong> e afirmou que o foco de preocupa\u00e7\u00e3o da equipe econ\u00f4mica \u00e9 o forte crescimento verificado nos anos recentes desse gasto tribut\u00e1rio.<\/p>\n<p>Segundo Haddad, de 2019 a 2022, o custo para a Receita Federal com o ressarcimento de cr\u00e9ditos tribut\u00e1rios presumidos de Pis\/Cofins aumentou de R$ 5 bilh\u00f5es para R$ 22 bilh\u00f5es, sem que tenha havido uma mudan\u00e7a legal que justifique o salto.<\/p>\n<p>&#8220;Ent\u00e3o h\u00e1 alguma coisa acontecendo que precisa ser esclarecida em rela\u00e7\u00e3o \u00e0 sistem\u00e1tica&#8221;, disse Haddad a jornalistas.<\/p>\n<p>&#8220;O que a Receita quer \u00e9 fazer um sistema mais transparente, em que eu possa, por meio de um sistema operacional, identificar se a compensa\u00e7\u00e3o de cr\u00e9dito est\u00e1 sendo feito na forma da lei, porque a impress\u00e3o que d\u00e1 \u00e9 que isso n\u00e3o est\u00e1 acontecendo.&#8221;<\/p>\n<p><strong>LEIA MAIS:<\/strong> <strong><a href=\"https:\/\/investnews.com.br\/economia\/mudanca-fiscal-surpresa-aumenta-tensao-entre-agronegocio-e-governo\/\">Mudan\u00e7a fiscal surpresa aumenta tens\u00e3o entre agroneg\u00f3cio e governo<\/a><\/strong><\/p>\n<p>O governo editou na \u00faltima ter\u00e7a-feira (4) MP limitando o sistema de cr\u00e9ditos de Pis\/Cofins, com a proibi\u00e7\u00e3o de que eles sejam usados para o pagamento de outros tributos e a elimina\u00e7\u00e3o da possibilidade de pagamento em dinheiro de cr\u00e9ditos presumidos.<\/p>\n<p>A nova legisla\u00e7\u00e3o, que visa compensar a ren\u00fancia tribut\u00e1ria gerada pela desonera\u00e7\u00e3o da folha salarial de 17 setores da economia e pequenos munic\u00edpios, gerou forte rea\u00e7\u00e3o contr\u00e1ria dos setores atingidos, que se articulam para derrubar a iniciativa no Congresso.<\/p>\n<p>Haddad disse que espera &#8220;diluir determinados questionamentos que n\u00e3o conferem com a inten\u00e7\u00e3o da MP, sobretudo no que diz respeito \u00e0 exporta\u00e7\u00e3o&#8221;.<\/p>\n<p>O ministro afirmou, ainda, que espera que projetos que tratam de devedores contumazes \u00e0 Receita Federal tenham andamento no Congresso Nacional, em meio \u00e0s cr\u00edticas de setores do empresariado \u00e0 MP.<\/p>\n<p><strong>LEIA MAIS: <a href=\"https:\/\/investnews.com.br\/economia\/governo-muda-de-novo-imposto-do-imovel-tributaristas-veem-riscos\/\">Governo muda de novo imposto do im\u00f3vel; tributaristas veem riscos<\/a><\/strong><\/p>\n<p>&#8220;Um empres\u00e1rio ontem falou &#8216;por que n\u00e3o vota o devedor contumaz?&#8217; O devedor contumaz est\u00e1 h\u00e1 tr\u00eas anos no Senado. Tr\u00eas anos! N\u00f3s mandamos no final do ano um projeto tratando do devedor contumaz&#8221;, disse o ministro, acrescentando que o Brasil \u00e9 dos poucos pa\u00edses que n\u00e3o tem uma regra dura contra fraudadores de impostos.<\/p>\n<p>&#8220;Agora o pr\u00f3prio empresariado est\u00e1 pedindo provid\u00eancias em rela\u00e7\u00e3o ao devedor contumaz, que \u00e9 uma coisa que a Receita Federal reivindica h\u00e1 d\u00e9cadas. E agora, quem sabe, diante desse impasse todo, n\u00f3s consigamos fazer prosperar um dos PLs, ou o da C\u00e2mara ou o do Senado&#8221;, acrescentou o ministro.<\/p>\n","protected":false},"excerpt":{"rendered":"<p>O governo editou recentemente uma MP limitando o sistema de cr\u00e9ditos de Pis\/Cofins, com a proibi\u00e7\u00e3o de que eles sejam usados para o pagamento de outros tributos<\/p>\n","protected":false},"author":61,"featured_media":521381,"comment_status":"closed","ping_status":"closed","sticky":false,"template":"","format":"standard","meta":{"_acf_changed":false,"inline_featured_image":false,"footnotes":""},"categories":[5],"tags":[101620,102288],"autor-wsj":[],"coauthors":[2494],"class_list":["post-586851","post","type-post","status-publish","format-standard","has-post-thumbnail","hentry","category-economia","tag-fernando-haddad","tag-reuters"],"acf":[],"amp_enabled":true,"_links":{"self":[{"href":"https:\/\/investnews.com.br\/inv-api\/wp\/v2\/posts\/586851","targetHints":{"allow":["GET"]}}],"collection":[{"href":"https:\/\/investnews.com.br\/inv-api\/wp\/v2\/posts"}],"about":[{"href":"https:\/\/investnews.com.br\/inv-api\/wp\/v2\/types\/post"}],"author":[{"embeddable":true,"href":"https:\/\/investnews.com.br\/inv-api\/wp\/v2\/users\/61"}],"replies":[{"embeddable":true,"href":"https:\/\/investnews.com.br\/inv-api\/wp\/v2\/comments?post=586851"}],"version-history":[{"count":5,"href":"https:\/\/investnews.com.br\/inv-api\/wp\/v2\/posts\/586851\/revisions"}],"predecessor-version":[{"id":586996,"href":"https:\/\/investnews.com.br\/inv-api\/wp\/v2\/posts\/586851\/revisions\/586996"}],"wp:featuredmedia":[{"embeddable":true,"href":"https:\/\/investnews.com.br\/inv-api\/wp\/v2\/media\/521381"}],"wp:attachment":[{"href":"https:\/\/investnews.com.br\/inv-api\/wp\/v2\/media?parent=586851"}],"wp:term":[{"taxonomy":"category","embeddable":true,"href":"https:\/\/investnews.com.br\/inv-api\/wp\/v2\/categories?post=586851"},{"taxonomy":"post_tag","embeddable":true,"href":"https:\/\/investnews.com.br\/inv-api\/wp\/v2\/tags?post=586851"},{"taxonomy":"autor-wsj","embeddable":true,"href":"https:\/\/investnews.com.br\/inv-api\/wp\/v2\/autor-wsj?post=586851"},{"taxonomy":"author","embeddable":true,"href":"https:\/\/investnews.com.br\/inv-api\/wp\/v2\/coauthors?post=586851"}],"curies":[{"name":"wp","href":"https:\/\/api.w.org\/{rel}","templated":true}]}}