{"id":586998,"date":"2024-06-11T08:00:00","date_gmt":"2024-06-11T11:00:00","guid":{"rendered":"https:\/\/investnews.com.br\/?p=586998"},"modified":"2025-08-08T16:10:20","modified_gmt":"2025-08-08T19:10:20","slug":"olimpiadas-de-paris-executivos-brasileiros-amadores-vao-correr-a-maratona","status":"publish","type":"post","link":"https:\/\/investnews.com.br\/off-work\/olimpiadas-de-paris-executivos-brasileiros-amadores-vao-correr-a-maratona\/","title":{"rendered":"Olimp\u00edadas de Paris: executivos brasileiros, amadores, v\u00e3o correr a maratona"},"content":{"rendered":"<p>Pela primeira vez na hist\u00f3ria, as <strong>Olimp\u00edada<\/strong>s ter\u00e3o um evento aberto para a participa\u00e7\u00e3o de atletas amadores. Na noite de 10 de agosto, um dia antes do encerramento das Olimp\u00edadas de Paris, mais de 20 mil pessoas \u201ccomuns\u201d v\u00e3o <strong>disputar a maratona<\/strong> no mesmo circuito dos atletas profissionais. Haver\u00e1 ainda uma prova de 10 km para quem n\u00e3o tem f\u00f4lego ou pernas para aguentar os 42 km de uma maratona ol\u00edmpica.<\/p><p><strong>LEIA MAIS:<\/strong> <a href=\"https:\/\/investnews.com.br\/economia\/olimpiadas-quanto-custa-uma-medalha-de-ouro-olimpica\/\">Olimp\u00edadas: Quanto custa uma medalha de ouro ol\u00edmpica?<\/a><\/p><p><strong>LEIA MAIS<\/strong>: <a href=\"https:\/\/investnews.com.br\/economia\/paris-2024-quanto-custa-uma-olimpiada\/\">Paris-2024: Quanto custa uma Olimp\u00edada?<\/a><\/p><p>A \u201cMaratona para Todos\u201d vai passar por lugares hist\u00f3ricos da Fran\u00e7a e dar um gostinho de &#8220;experi\u00eancia inesquec\u00edvel&#8221; para seus participantes. Mas conseguir um lugar na linha de largada exigiu muito suor e, principalmente, muita sorte.<\/p><p>O <strong>Comit\u00ea Organizador dos Jogos Ol\u00edmpicos de Paris-2024 <\/strong>estabeleceu que para participar da maratona era necess\u00e1rio cumprir uma s\u00e9rie de tarefas de atividade f\u00edsica, como correr um n\u00famero determinado de quil\u00f4metros por semana e enviar os comprovantes no aplicativo do evento.<\/p><figure class=\"wp-block-image size-large\"><img loading=\"lazy\" decoding=\"async\" width=\"1024\" height=\"724\" src=\"https:\/\/media.investnews.com.br\/uploads\/2024\/06\/Paris2024_Maratona_Todos-1024x724.jpg\" alt=\"Mapa da Maratona de Paris 2024: rota Versailles a Paris, com kms e esta\u00e7\u00f5es de apoio.\" class=\"wp-image-587009\" srcset=\"https:\/\/media.investnews.com.br\/uploads\/2024\/06\/Paris2024_Maratona_Todos-1024x724.jpg 1024w, https:\/\/media.investnews.com.br\/uploads\/2024\/06\/Paris2024_Maratona_Todos-300x212.jpg 300w, https:\/\/media.investnews.com.br\/uploads\/2024\/06\/Paris2024_Maratona_Todos-768x543.jpg 768w, https:\/\/media.investnews.com.br\/uploads\/2024\/06\/Paris2024_Maratona_Todos-1536x1086.jpg 1536w, https:\/\/media.investnews.com.br\/uploads\/2024\/06\/Paris2024_Maratona_Todos-2048x1448.jpg 2048w, https:\/\/media.investnews.com.br\/uploads\/2024\/06\/Paris2024_Maratona_Todos-1256x888.jpg 1256w, https:\/\/media.investnews.com.br\/uploads\/2024\/06\/Paris2024_Maratona_Todos-172x122.jpg 172w, https:\/\/media.investnews.com.br\/uploads\/2024\/06\/Paris2024_Maratona_Todos-150x106.jpg 150w\" sizes=\"auto, (max-width: 1024px) 100vw, 1024px\" \/><figcaption class=\"wp-element-caption\">Percurso da maratona vai passar por atra\u00e7\u00f5es tur\u00edsticas de Paris. Cr\u00e9dito: Divulga\u00e7\u00e3o\/ Paris 2024\n\n<\/figcaption><\/figure><p>Alguns brasileiros foram atr\u00e1s desse sonho de disputar as Olimp\u00edadas sem serem atleta profissionais e encararam os desafios exigidos para buscar um lugar no sorteio para a \u201cMaratona para Todos\u201d. E teve gente que conseguiu!<\/p><h2 class=\"wp-block-heading\">Da esteira ao Ironman<\/h2><figure class=\"wp-block-image size-large\"><img loading=\"lazy\" decoding=\"async\" width=\"1024\" height=\"702\" src=\"https:\/\/media.investnews.com.br\/uploads\/2024\/06\/maratona_ana_karina-1024x702.jpg\" alt=\"Duas imagens da mesma mulher. Uma em retrato sorrindo, outra correndo em traje esportivo.\" class=\"wp-image-587002\" srcset=\"https:\/\/media.investnews.com.br\/uploads\/2024\/06\/maratona_ana_karina-1024x702.jpg 1024w, https:\/\/media.investnews.com.br\/uploads\/2024\/06\/maratona_ana_karina-300x206.jpg 300w, https:\/\/media.investnews.com.br\/uploads\/2024\/06\/maratona_ana_karina-768x527.jpg 768w, https:\/\/media.investnews.com.br\/uploads\/2024\/06\/maratona_ana_karina-1536x1053.jpg 1536w, https:\/\/media.investnews.com.br\/uploads\/2024\/06\/maratona_ana_karina-2048x1404.jpg 2048w, https:\/\/media.investnews.com.br\/uploads\/2024\/06\/maratona_ana_karina-1256x861.jpg 1256w, https:\/\/media.investnews.com.br\/uploads\/2024\/06\/maratona_ana_karina-172x118.jpg 172w, https:\/\/media.investnews.com.br\/uploads\/2024\/06\/maratona_ana_karina-150x103.jpg 150w\" sizes=\"auto, (max-width: 1024px) 100vw, 1024px\" \/><figcaption class=\"wp-element-caption\">Ana Karina Scarlato se tornou triatleta e vai realizar o sonho de correr a maratona em uma Olimp\u00edada.\nCr\u00e9dito: Divulgac\u00e3o <\/figcaption><\/figure><p>Ana Karina Scarlato, vice-presidente de produtos e inova\u00e7\u00e3o da<strong> Mastercard <\/strong>Brasil, \u00e9 uma das pessoas contempladas para correr a maratona em Paris. Diante de sua rotina estressante de reuni\u00f5es e decis\u00f5es estrat\u00e9gicas, a executiva de 45 anos passou a incluir em sua agenda algumas horas di\u00e1rias de dedica\u00e7\u00e3o \u00e0s atividades f\u00edsicas.\u00a0<\/p><p>Ana Karina come\u00e7ou a correr pequenas dist\u00e2ncias na esteira e nas ruas. Depois, foi aumentando: 5 km, 10 km, 21 km, at\u00e9 chegar a ter condi\u00e7\u00f5es de correr uma maratona.<\/p><p>Ela n\u00e3o parou por a\u00ed. Al\u00e9m de corrida, passou a nadar e pedalar e se tornou uma triatleta. No ano passado, <strong>encarou a prova mais radical <\/strong>de resist\u00eancia do mundo, o Ironman do Hava\u00ed: 3,8 km de nata\u00e7\u00e3o no mar, 180 km de bicicleta em estradas \u00edngremes e sinuosas e mais 42 km de corrida em mais de 11 horas de prova.\u00a0<\/p><p>\u201cO esporte \u00e9 uma v\u00e1lvula de escape de onde eu tiro a minha energia\u201d, explica Ana Karina. \u201cO triatlo me deixa focada no que realmente importa para o meu trabalho, me ensinou a ser mais disciplinada e a ter muito planejamento. No mundo corporativo \u00e9 muito f\u00e1cil perder o foco e o esporte me ajuda a ter resili\u00eancia para resolver qualquer tipo de problema, a buscar a melhor solu\u00e7\u00e3o e nunca desistir.\u201d<\/p><p>Pouco antes do Carnaval, Ana Karina recebeu um e-mail de Paris-2024 avisando que ela havia sido sorteada para correr a maratona. \u201cVou me sentir uma verdadeira atleta ol\u00edmpica. Vai ser incr\u00edvel fazer o mesmo percurso dos profissionais e correr naquela cidade maravilhosa.\u201d<\/p><p>Ela j\u00e1 tinha vivido a experi\u00eancia de ver uma Olimp\u00edada de perto quando morou em Londres, em 2012. Em Paris, Ana Karina vai fazer muito mais do que correr a maratona. \u201cComprei ingresso para a abertura e para jogos de v\u00f4lei, t\u00eanis e finais de nata\u00e7\u00e3o.\u201d<\/p><h2 class=\"wp-block-heading\">Mudan\u00e7a de h\u00e1bito<\/h2><figure class=\"wp-block-image size-large\"><img loading=\"lazy\" decoding=\"async\" width=\"1024\" height=\"715\" src=\"https:\/\/media.investnews.com.br\/uploads\/2024\/06\/maratona_duilio-1024x715.jpg\" alt=\"Homem: de terno, sorrindo (esq.) e correndo em prova de rua com bra\u00e7os abertos (dir.).\" class=\"wp-image-587003\" srcset=\"https:\/\/media.investnews.com.br\/uploads\/2024\/06\/maratona_duilio-1024x715.jpg 1024w, https:\/\/media.investnews.com.br\/uploads\/2024\/06\/maratona_duilio-300x209.jpg 300w, https:\/\/media.investnews.com.br\/uploads\/2024\/06\/maratona_duilio-768x536.jpg 768w, https:\/\/media.investnews.com.br\/uploads\/2024\/06\/maratona_duilio-172x120.jpg 172w, https:\/\/media.investnews.com.br\/uploads\/2024\/06\/maratona_duilio-150x105.jpg 150w, https:\/\/media.investnews.com.br\/uploads\/2024\/06\/maratona_duilio.jpg 1246w\" sizes=\"auto, (max-width: 1024px) 100vw, 1024px\" \/><figcaption class=\"wp-element-caption\">Duilio Monteiro de Carvalho foi sorteado para correr a maratona. Cr\u00e9dito: arquivo pessoal\n<\/figcaption><\/figure><p>Duilio Monteiro de Carvalho, de 42 anos, \u00e9 vice-presidente de varejo do Banco BCP, o maior banco do Peru, e trabalha no escrit\u00f3rio da empresa na Bol\u00edvia. Ele tamb\u00e9m foi sorteado para correr a maratona de Paris-2024 e se emociona s\u00f3 de pensar em cruzar a linha de chegada.\u00a0<\/p><p>\u201cNunca fui muito do esporte. Mas quando comecei a gerenciar equipes no meu trabalho percebi que as pessoas com melhor desempenho faziam algum tipo de esporte que necessitava de dedica\u00e7\u00e3o, alimenta\u00e7\u00e3o, fortalecimento e muita disciplina\u201d, revela. \u201cPassei a incluir na minha rotina de viagens e hot\u00e9is os treinos de corrida e gin\u00e1stica na academia.\u201d<\/p><p>Na pandemia, Du\u00edlio colocou como meta correr a Maratona de Amsterd\u00e3, na Holanda. J\u00e1 estava bem preparado para aguentar os 42 km, mas precisou esperar dois anos para poder realizar o sonho, em 2022. Correu ainda a Maratona de Berlim, no ano passado. Quando soube que haveria a possibilidade de disputar uma maratona nas Olimp\u00edadas de Paris, estabeleceu esse objetivo como meta.\u00a0<\/p><p>\u201cS\u00f3 20 mil pessoas v\u00e3o poder contar essa hist\u00f3ria. E eu serei um deles! Toda vez que penso nisso fico arrepiado. Me sinto verdadeiramente um atleta ol\u00edmpico\u201d, diz Duilio, que al\u00e9m de correr a maratona comprou ingressos para ver jogos de futebol e t\u00eanis e as competi\u00e7\u00f5es de vela, arco e flecha e levantamento de peso.<\/p><h2 class=\"wp-block-heading\">Esperan\u00e7a de correr<\/h2><figure class=\"wp-block-image size-full\"><img loading=\"lazy\" decoding=\"async\" width=\"944\" height=\"624\" src=\"https:\/\/media.investnews.com.br\/uploads\/2024\/06\/maratona_pablo.jpg\" alt=\"Homem sorrindo de \u00f3culos e estande IRONMAN com telas de informa\u00e7\u00f5es.\" class=\"wp-image-587004\" srcset=\"https:\/\/media.investnews.com.br\/uploads\/2024\/06\/maratona_pablo.jpg 944w, https:\/\/media.investnews.com.br\/uploads\/2024\/06\/maratona_pablo-300x198.jpg 300w, https:\/\/media.investnews.com.br\/uploads\/2024\/06\/maratona_pablo-768x508.jpg 768w, https:\/\/media.investnews.com.br\/uploads\/2024\/06\/maratona_pablo-172x114.jpg 172w, https:\/\/media.investnews.com.br\/uploads\/2024\/06\/maratona_pablo-191x125.jpg 191w, https:\/\/media.investnews.com.br\/uploads\/2024\/06\/maratona_pablo-150x99.jpg 150w\" sizes=\"auto, (max-width: 944px) 100vw, 944px\" \/><figcaption class=\"wp-element-caption\">Pablo Galv\u00e3o n\u00e3o foi sorteado, mas vai a Paris e espera conseguir uma vaga na \u201cMaratona para Todos\u201d. Cr\u00e9dito: Arquivo pessoal<\/figcaption><\/figure><p>Mas nem todo mundo que fez todos os pr\u00e9-requisitos para disputar a maratona amadora de Paris-2024 foi contemplado. O advogado Pablo Galv\u00e3o, de 43 anos, trabalha prestando assessoria jur\u00eddica para empresas dos mercados financeiro e imobili\u00e1rio. N\u00e3o conseguiu ter seu nome sorteado.\u00a0<\/p><p>Triatleta amador, Pablo disputou recentemente o <strong>Ironman de Florian\u00f3polis<\/strong> e j\u00e1 est\u00e1 de malas prontas para Paris.<\/p><p>\u201cComprei ingressos para jogos de futebol e vou acompanhar, tamb\u00e9m o triatlo e as provas de ciclismo de estrada, maratona e maratona aqu\u00e1tica, e tenho ainda esperan\u00e7as de que apare\u00e7a uma vaga de \u00faltima hora para eu correr a maratona em Paris\u201d, afirma. \u201cMas s\u00f3 de estar l\u00e1 vivendo o clima ol\u00edmpico j\u00e1 \u00e9 uma vit\u00f3ria incr\u00edvel.\u201d<\/p><p><strong>Como ser\u00e1 a \u2018Maratona para Todos\u2019<\/strong><\/p><ul class=\"wp-block-list\">\n<li><strong>Data:<\/strong> 10 de agosto, \u00e0s 21h (hor\u00e1rio local)<\/li>\n\n\n\n<li><strong>Dist\u00e2ncia:<\/strong> 42,195 km<\/li>\n\n\n\n<li><strong>Percurso: <\/strong>Largada no Hotel Deville e chegada em Les Invalides, passando por nove cidades (Paris, Boulogne-Billancourt, S\u00e8vres, Ville d&#8217;Avray, Versalhes, Viroflay, Chaville, Meudon e Issy-les-Moulineaux)<\/li>\n\n\n\n<li><strong>Participantes: <\/strong>20.024 pessoas<\/li>\n<\/ul>\n","protected":false},"excerpt":{"rendered":"<p>Pela primeira vez, corredores amadores como a vice-presidente da Mastercard Brasil, Ana Karina Scarlato, poder\u00e3o participar da prova<\/p>\n","protected":false},"author":122,"featured_media":587010,"comment_status":"closed","ping_status":"closed","sticky":false,"template":"","format":"standard","meta":{"_acf_changed":false,"inline_featured_image":false,"footnotes":""},"categories":[102723],"tags":[102669],"autor-wsj":[],"coauthors":[102661],"class_list":["post-586998","post","type-post","status-publish","format-standard","has-post-thumbnail","hentry","category-off-work","tag-olimpiadas-de-paris"],"acf":[],"amp_enabled":true,"_links":{"self":[{"href":"https:\/\/investnews.com.br\/inv-api\/wp\/v2\/posts\/586998","targetHints":{"allow":["GET"]}}],"collection":[{"href":"https:\/\/investnews.com.br\/inv-api\/wp\/v2\/posts"}],"about":[{"href":"https:\/\/investnews.com.br\/inv-api\/wp\/v2\/types\/post"}],"author":[{"embeddable":true,"href":"https:\/\/investnews.com.br\/inv-api\/wp\/v2\/users\/122"}],"replies":[{"embeddable":true,"href":"https:\/\/investnews.com.br\/inv-api\/wp\/v2\/comments?post=586998"}],"version-history":[{"count":27,"href":"https:\/\/investnews.com.br\/inv-api\/wp\/v2\/posts\/586998\/revisions"}],"predecessor-version":[{"id":702742,"href":"https:\/\/investnews.com.br\/inv-api\/wp\/v2\/posts\/586998\/revisions\/702742"}],"wp:featuredmedia":[{"embeddable":true,"href":"https:\/\/investnews.com.br\/inv-api\/wp\/v2\/media\/587010"}],"wp:attachment":[{"href":"https:\/\/investnews.com.br\/inv-api\/wp\/v2\/media?parent=586998"}],"wp:term":[{"taxonomy":"category","embeddable":true,"href":"https:\/\/investnews.com.br\/inv-api\/wp\/v2\/categories?post=586998"},{"taxonomy":"post_tag","embeddable":true,"href":"https:\/\/investnews.com.br\/inv-api\/wp\/v2\/tags?post=586998"},{"taxonomy":"autor-wsj","embeddable":true,"href":"https:\/\/investnews.com.br\/inv-api\/wp\/v2\/autor-wsj?post=586998"},{"taxonomy":"author","embeddable":true,"href":"https:\/\/investnews.com.br\/inv-api\/wp\/v2\/coauthors?post=586998"}],"curies":[{"name":"wp","href":"https:\/\/api.w.org\/{rel}","templated":true}]}}