{"id":587811,"date":"2024-06-13T09:41:40","date_gmt":"2024-06-13T12:41:40","guid":{"rendered":"https:\/\/investnews.com.br\/?p=587811"},"modified":"2024-08-01T17:29:51","modified_gmt":"2024-08-01T20:29:51","slug":"alivio-para-construtoras-remuneracao-do-saldo-do-fgts-sera-corrigida-pela-inflacao","status":"publish","type":"post","link":"https:\/\/investnews.com.br\/economia\/alivio-para-construtoras-remuneracao-do-saldo-do-fgts-sera-corrigida-pela-inflacao\/","title":{"rendered":"Al\u00edvio para construtoras: remunera\u00e7\u00e3o do saldo do FGTS ser\u00e1 corrigido pela infla\u00e7\u00e3o"},"content":{"rendered":"<p>Os ministros do Supremo Tribunal Federal (STF) decidiram na quarta-feira (12) que o saldo das contas do Fundo de Garantia por Tempo de Servi\u00e7o (<a href=\"https:\/\/investnews.com.br\/guias\/fgts-como-funciona-como-sacar\/\">FGTS<\/a>) passar\u00e1 a ser remunerado por sistem\u00e1tica que garanta no m\u00ednimo a atualiza\u00e7\u00e3o pela infla\u00e7\u00e3o medida pelo \u00cdndice Nacional de Pre\u00e7os ao Consumidor Amplo (<a href=\"https:\/\/investnews.com.br\/guias\/o-que-e-ipca\/\">IPCA<\/a>).<\/p>\n<p>O STF acatou proposta apresentada pela Advocacia Geral da Uni\u00e3o, ap\u00f3s negocia\u00e7\u00e3o com centrais sindicais, para que a corre\u00e7\u00e3o do fundo seja de 3% ao ano, mais <a href=\"https:\/\/investnews.com.br\/guias\/taxa-referencial-o-que-e\/\" target=\"_blank\" rel=\"noopener\">Taxa Referencial<\/a> (TR), com a distribui\u00e7\u00e3o obrigat\u00f3ria dos resultados auferidos pelo fundo no montante necess\u00e1rio para garantir o \u00edndice do IPCA. A decis\u00e3o n\u00e3o tem efeito retroativo.<\/p>\n<p><strong>Atualmente, a remunera\u00e7\u00e3o das contas \u00e9 feita pela TR mais 3%,<\/strong> e o Conselho Curador tem liberdade de determinar ou n\u00e3o distribui\u00e7\u00e3o de resultados. Na pr\u00e1tica, a remunera\u00e7\u00e3o tem superado a infla\u00e7\u00e3o na maioria dos anos recentes.<\/p>\n<p>O IPCA acumulou alta de 3,93% nos 12 meses at\u00e9 maio. A meta do Banco Central \u00e9 levar a infla\u00e7\u00e3o a 3%.<\/p>\n<p><strong>LEIA MAIS:<a href=\"https:\/\/investnews.com.br\/negocios\/passageiro-da-azul-podera-pagar-passagem-com-fgts\/\"> Passageiro da Azul poder\u00e1 pagar passagem com FGTS<\/a><\/strong><\/p>\n<p>O julgamento do STF foi retomado nesta quarta ap\u00f3s ter sido adiado por pedido de vista do ministro Cristiano Zanin em novembro do ano passado. N\u00e3o houve forma\u00e7\u00e3o de maioria e prevaleceu o voto m\u00e9dio.<\/p>\n<p>O advogado-geral da Uni\u00e3o, Jorge Messias, disse que a decis\u00e3o do Supremo representa uma vit\u00f3ria a todos os envolvidos na discuss\u00e3o. Segundo ele, ganham os trabalhadores, os que financiam suas moradias e os colaboradores do setor de constru\u00e7\u00e3o civil.<\/p>\n<p>&#8220;O governo, sob a lideran\u00e7a do presidente Lula, est\u00e1 demonstrando que, por meio de um di\u00e1logo construtivo, podemos encontrar as melhores solu\u00e7\u00f5es para a popula\u00e7\u00e3o e para desenvolvimento do pa\u00eds&#8221;, disse.<\/p>\n<p>A decis\u00e3o foi tomada em a\u00e7\u00e3o movida pelo partido Solidariedade em 2014 que pretendia que a corre\u00e7\u00e3o do FGTS fosse, pelo menos, da <a href=\"https:\/\/investnews.com.br\/guias\/poupanca-como-funciona-quanto-rende\/\">poupan\u00e7a<\/a> \u2013 que est\u00e1 em 6,17% ao ano. O partido alega que os trabalhadores acabam tendo defasagem na corre\u00e7\u00e3o do fundo ao longo do tempo.<\/p>\n<p>O governo e <strong>construtoras receavam que uma grande mudan\u00e7a na forma de remunera\u00e7\u00e3o do FGTS poderia descapitalizar o sistema de financiamento habitacional<\/strong> do pa\u00eds, fortemente baseado em recursos do fundo.<\/p>\n<p>O presidente da Associa\u00e7\u00e3o Brasileira de Incorporadoras Imobili\u00e1rias (Abrainc), Luiz Fran\u00e7a, disse em nota nesta quarta que a decis\u00e3o do STF &#8220;trouxe uma nova perspectiva para o futuro do FGTS&#8221;.<\/p>\n<p>&#8220;A decis\u00e3o levou em considera\u00e7\u00e3o a import\u00e2ncia da habita\u00e7\u00e3o e buscou preservar a capacidade do Fundo para investimento em habita\u00e7\u00e3o, saneamento e infraestrutura, e ainda permite que milh\u00f5es de fam\u00edlias possam conquistar o sonho da casa pr\u00f3pria&#8221;, afirmou.<\/p>\n<p>Para o presidente da C\u00e2mara Brasileira da Ind\u00fastria da Constru\u00e7\u00e3o (CBIC), Renato Correia, a decis\u00e3o foi &#8220;a mais correta poss\u00edvel&#8221;.<\/p>\n<blockquote><p>&#8220;Ela mant\u00e9m o poder de compra dos dep\u00f3sitos e mant\u00e9m a sa\u00fade do FGTS para continuar cumprindo a sua miss\u00e3o dupla, de garantir a salvaguarda do trabalhador no momento da demiss\u00e3o e o fluxo para a habita\u00e7\u00e3o de interesse social, que tamb\u00e9m beneficia o trabalhador&#8221;.<\/p><\/blockquote>\n<p>(Reportagem de Ricardo Brito)<\/p>\n","protected":false},"excerpt":{"rendered":"<p>Governo e construtoras receavam que uma grande mudan\u00e7a na forma de remunera\u00e7\u00e3o do FGTS poderia descapitalizar o sistema de financiamento habitacional<\/p>\n","protected":false},"author":61,"featured_media":587959,"comment_status":"closed","ping_status":"closed","sticky":false,"template":"","format":"standard","meta":{"_acf_changed":false,"inline_featured_image":false,"footnotes":""},"categories":[5],"tags":[608,61,102288],"autor-wsj":[],"coauthors":[2494],"class_list":["post-587811","post","type-post","status-publish","format-standard","has-post-thumbnail","hentry","category-economia","tag-construcao-civil","tag-fgts","tag-reuters"],"acf":[],"amp_enabled":true,"_links":{"self":[{"href":"https:\/\/investnews.com.br\/inv-api\/wp\/v2\/posts\/587811","targetHints":{"allow":["GET"]}}],"collection":[{"href":"https:\/\/investnews.com.br\/inv-api\/wp\/v2\/posts"}],"about":[{"href":"https:\/\/investnews.com.br\/inv-api\/wp\/v2\/types\/post"}],"author":[{"embeddable":true,"href":"https:\/\/investnews.com.br\/inv-api\/wp\/v2\/users\/61"}],"replies":[{"embeddable":true,"href":"https:\/\/investnews.com.br\/inv-api\/wp\/v2\/comments?post=587811"}],"version-history":[{"count":13,"href":"https:\/\/investnews.com.br\/inv-api\/wp\/v2\/posts\/587811\/revisions"}],"predecessor-version":[{"id":604984,"href":"https:\/\/investnews.com.br\/inv-api\/wp\/v2\/posts\/587811\/revisions\/604984"}],"wp:featuredmedia":[{"embeddable":true,"href":"https:\/\/investnews.com.br\/inv-api\/wp\/v2\/media\/587959"}],"wp:attachment":[{"href":"https:\/\/investnews.com.br\/inv-api\/wp\/v2\/media?parent=587811"}],"wp:term":[{"taxonomy":"category","embeddable":true,"href":"https:\/\/investnews.com.br\/inv-api\/wp\/v2\/categories?post=587811"},{"taxonomy":"post_tag","embeddable":true,"href":"https:\/\/investnews.com.br\/inv-api\/wp\/v2\/tags?post=587811"},{"taxonomy":"autor-wsj","embeddable":true,"href":"https:\/\/investnews.com.br\/inv-api\/wp\/v2\/autor-wsj?post=587811"},{"taxonomy":"author","embeddable":true,"href":"https:\/\/investnews.com.br\/inv-api\/wp\/v2\/coauthors?post=587811"}],"curies":[{"name":"wp","href":"https:\/\/api.w.org\/{rel}","templated":true}]}}