{"id":588624,"date":"2024-06-15T17:43:47","date_gmt":"2024-06-15T20:43:47","guid":{"rendered":"https:\/\/investnews.com.br\/?p=588624"},"modified":"2024-06-17T11:21:43","modified_gmt":"2024-06-17T14:21:43","slug":"milhares-vao-as-ruas-na-franca-em-protesto-contra-avanco-da-extrema-direita","status":"publish","type":"post","link":"https:\/\/investnews.com.br\/economia\/milhares-vao-as-ruas-na-franca-em-protesto-contra-avanco-da-extrema-direita\/","title":{"rendered":"Milhares v\u00e3o \u00e0s ruas na Fran\u00e7a em protesto contra avan\u00e7o da extrema direita"},"content":{"rendered":"\n<p>Milhares de manifestantes sa\u00edram \u00e0s ruas em toda a Fran\u00e7a neste s\u00e1bado (15) em protesto contra o avan\u00e7o da extrema direita de Marine Le Pen, que avan\u00e7ou na corrida eleitoral  para o Parlamento Europeu.<\/p>\n\n\n\n<p>Os manifestantes procuram chamar a aten\u00e7\u00e3o para as pol\u00edticas do partido nacionalista em mat\u00e9ria de direitos humanos, ambiente, igualdade de direitos e quest\u00f5es econ\u00f3micas.<\/p>\n\n\n\n<p>Macron fez uma aposta enorme ao dissolver a legislatura no domingo passado (9), depois de o seu partido ter sido derrotado pelo partido Reuni\u00e3o Nacional nas elei\u00e7\u00f5es para o Parlamento Europeu. A medida foi concebida para refor\u00e7ar o seu apoio interno, mas abriu a porta para Le Pen assumir o controle do governo franc\u00eas.<\/p>\n\n\n\n<p>Para complicar ainda mais as coisas para Macron, um grupo de quatro partidos de tend\u00eancia esquerdista concordou em unir for\u00e7as. As pesquisas indicam que a coliga\u00e7\u00e3o pode tornar-se o segundo maior bloco, \u00e0 frente do partido Renascen\u00e7a, do presidente. Como a Fran\u00e7a tem um sistema eleitoral de dois turnos com uma barreira para passar para o segundo, muitos candidatos da Renascen\u00e7a podem nem chegar ao \u00faltimo dia das elei\u00e7\u00f5es.<\/p>\n\n\n\n<p>\u201cEstamos num momento hist\u00f3rico, num momento incerto, \u00e9 um pouco como um salto para o desconhecido para a nossa democracia\u201d, disse Marylise Leon, secret\u00e1ria-geral do sindicato CFDT que organiza protestos, \u00e0 r\u00e1dio France Inter no s\u00e1bado. \u201cQuando se trata de extrema direita, somos mobilizados.\u201d<\/p>\n\n\n\n<p>Estima-se&nbsp; que cerca de 350 mil pessoas tenham participado das marchas em todo o pa\u00eds, segundo a pol\u00edcia francesa.<\/p>\n\n\n\n<p>Enquanto isso, no s\u00e1bado, o primeiro-ministro Gabriel Attal revelou o programa de campanha do governo, que procurava mostrar continuidade da agenda de Macron, ao mesmo tempo que amenizava as preocupa\u00e7\u00f5es dos trabalhadores com baixos sal\u00e1rios. Attal, que inicialmente ficou surpreso com a decis\u00e3o de Macron de convocar elei\u00e7\u00f5es legislativas, enfatizou a lei e a ordem, os cortes de impostos e a efici\u00eancia clim\u00e1tica.<\/p>\n\n\n\n<h2 class=\"wp-block-heading\">Rea\u00e7\u00e3o do mercado<\/h2>\n\n\n\n<p>A incerteza pol\u00edtica e a crescente probabilidade de o pr\u00f3ximo governo adotar aumento de gastos&nbsp; assustaram os investidores. O pr\u00eamio de risco dos t\u00edtulos p\u00fablicos de 10 anos em rela\u00e7\u00e3o aos pap\u00e9is alem\u00e3es tiveram o maior salto semanal da hist\u00f3ria.&nbsp;<\/p>\n\n\n\n<p>O <em>sell offs <\/em>fez a bolsa francesa perder&nbsp; US$ 210 bilh\u00f5es em valor de mercado. As a\u00e7\u00f5es dos bancos Soci\u00e9t\u00e9 G\u00e9n\u00e9rale SA, BNP Paribas SA e Cr\u00e9dit Agricole SA \u2013 todos grandes detentores de d\u00edvida p\u00fablica \u2013&nbsp; perderem mais de 10% cada<\/p>\n\n\n\n<h2 class=\"wp-block-heading\">Contraataque&nbsp;<\/h2>\n\n\n\n<p>Macron procurou retratar os seus advers\u00e1rios, tanto da extrema esquerda como da extrema direita, como incapazes de governar o pa\u00eds e chamou ambos os lados de \u201cincoerentes\u201d.<\/p>\n\n\n\n<p>\u201cEles n\u00e3o est\u00e3o prontos para governar\u201d, disse Macron aos jornalistas na cimeira do Grupo dos Sete, no sul de It\u00e1lia. \u201cExistem hoje dois blocos extremos que n\u00e3o s\u00e3o respons\u00e1veis \u200b\u200be que prometem presentes a pessoas que n\u00e3o s\u00e3o financiadas.\u201d<\/p>\n\n\n\n<p>O ministro das Finan\u00e7as, Bruno Le Maire, afirmou no in\u00edcio da semana que uma vit\u00f3ria da alian\u00e7a de esquerda levaria ao colapso econ\u00f3mico e \u00e0 sa\u00edda do pa\u00eds da UE, ao colocar os receios sobre a economia no centro da campanha.<\/p>\n\n\n\n<p>\u201cO programa deles \u00e9 uma loucura completa\u201d, disse Le Maire \u00e0 r\u00e1dio Franceinfo. \u201cIsso garantir\u00e1 o rebaixamento, o desemprego em massa e a sa\u00edda da Uni\u00e3o Europeia.\u201d<\/p>\n\n\n\n<p>Os respons\u00e1veis \u200b\u200bdo novo bloco de esquerda rejeitaram as alega\u00e7\u00f5es de Le Maire relativamente ao seu programa econ\u00f3mico. Dizem que os cortes de impostos de Macron para indiv\u00edduos ricos e sobre o capital deixaram um buraco enorme nas finan\u00e7as p\u00fablicas.<\/p>\n\n\n\n<p>Al\u00e9m disso, n\u00e3o \u00e9 claro que as t\u00e1ticas alarmistas do governo funcionem, e fazem lembrar os avisos de 2016 contra o Brexit e a ascens\u00e3o de Donald Trump \u00e0 Casa Branca.<\/p>\n\n\n\n<p>O Reuni\u00e3o Nacional est\u00e1 a caminho de conquistar 270 dos 577 assentos na Assembleia Nacional, em compara\u00e7\u00e3o com 90 a 130 para Macron e seus aliados, de acordo com uma proje\u00e7\u00e3o do instituto de pesquisas Elabe.<\/p>\n","protected":false},"excerpt":{"rendered":"<p>Partido de Le Pen est\u00e1 \u00e0 frente na disputa pela elei\u00e7\u00e3o legislativa para o Parlamento Europeu<\/p>\n","protected":false},"author":76,"featured_media":588668,"comment_status":"closed","ping_status":"closed","sticky":false,"template":"","format":"standard","meta":{"_acf_changed":false,"inline_featured_image":false,"footnotes":""},"categories":[5],"tags":[443],"autor-wsj":[],"coauthors":[101325],"class_list":["post-588624","post","type-post","status-publish","format-standard","has-post-thumbnail","hentry","category-economia","tag-franca"],"acf":[],"amp_enabled":true,"_links":{"self":[{"href":"https:\/\/investnews.com.br\/inv-api\/wp\/v2\/posts\/588624","targetHints":{"allow":["GET"]}}],"collection":[{"href":"https:\/\/investnews.com.br\/inv-api\/wp\/v2\/posts"}],"about":[{"href":"https:\/\/investnews.com.br\/inv-api\/wp\/v2\/types\/post"}],"author":[{"embeddable":true,"href":"https:\/\/investnews.com.br\/inv-api\/wp\/v2\/users\/76"}],"replies":[{"embeddable":true,"href":"https:\/\/investnews.com.br\/inv-api\/wp\/v2\/comments?post=588624"}],"version-history":[{"count":4,"href":"https:\/\/investnews.com.br\/inv-api\/wp\/v2\/posts\/588624\/revisions"}],"predecessor-version":[{"id":588670,"href":"https:\/\/investnews.com.br\/inv-api\/wp\/v2\/posts\/588624\/revisions\/588670"}],"wp:featuredmedia":[{"embeddable":true,"href":"https:\/\/investnews.com.br\/inv-api\/wp\/v2\/media\/588668"}],"wp:attachment":[{"href":"https:\/\/investnews.com.br\/inv-api\/wp\/v2\/media?parent=588624"}],"wp:term":[{"taxonomy":"category","embeddable":true,"href":"https:\/\/investnews.com.br\/inv-api\/wp\/v2\/categories?post=588624"},{"taxonomy":"post_tag","embeddable":true,"href":"https:\/\/investnews.com.br\/inv-api\/wp\/v2\/tags?post=588624"},{"taxonomy":"autor-wsj","embeddable":true,"href":"https:\/\/investnews.com.br\/inv-api\/wp\/v2\/autor-wsj?post=588624"},{"taxonomy":"author","embeddable":true,"href":"https:\/\/investnews.com.br\/inv-api\/wp\/v2\/coauthors?post=588624"}],"curies":[{"name":"wp","href":"https:\/\/api.w.org\/{rel}","templated":true}]}}