{"id":588701,"date":"2024-06-17T16:56:42","date_gmt":"2024-06-17T19:56:42","guid":{"rendered":"https:\/\/investnews.com.br\/?p=588701"},"modified":"2024-06-17T18:03:18","modified_gmt":"2024-06-17T21:03:18","slug":"aumento-das-renuncias-fiscais-preocupa-lula-dizem-ministros","status":"publish","type":"post","link":"https:\/\/investnews.com.br\/economia\/aumento-das-renuncias-fiscais-preocupa-lula-dizem-ministros\/","title":{"rendered":"Lula pressiona ministros por solu\u00e7\u00f5es para ren\u00fancias fiscais"},"content":{"rendered":"\n<p>O n\u00edvel elevado de ren\u00fancias fiscais nas contas do governo federal chamou a aten\u00e7\u00e3o do presidente Luiz In\u00e1cio Lula da Silva, que ficou &#8220;mal impressionado&#8221; com os n\u00fameros e demonstrou &#8220;preocupa\u00e7\u00e3o muito grande&#8221; com o tema em reuni\u00e3o no Pal\u00e1cio do Planalto, disseram nesta segunda-feira (17) os ministros da Fazenda, Fernando Haddad, e do Planejamento, Simone Tebet.<\/p>\n\n\n\n<p><strong>LEIA MAIS: <\/strong><a href=\"https:\/\/investnews.com.br\/economia\/com-piora-fiscal-selic-deve-ficar-em-105-ate-o-fim-de-2025-preve-economista-chefe-do-citi\/\">Com piora fiscal, Selic deve ficar em 10,5% at\u00e9 o fim de 2025, prev\u00ea economista-chefe do Citi<\/a><\/p>\n\n\n\n<p>Em entrevista \u00e0 imprensa ap\u00f3s reuni\u00e3o com Lula para analisar as contas do governo e preparar a elabora\u00e7\u00e3o do Or\u00e7amento de 2025, Tebet afirmou que o presidente deu aos ministros da \u00e1rea econ\u00f4mica um tempo para se debru\u00e7arem sobre os n\u00fameros e apresentarem solu\u00e7\u00f5es.<\/p>\n\n\n\n<p>Ela citou como exemplo de preocupa\u00e7\u00e3o o aumento do gasto da Previd\u00eancia, que est\u00e1 relacionado \u00e0 eleva\u00e7\u00e3o das ren\u00fancias tribut\u00e1rias.<\/p>\n\n\n\n<p>&#8220;S\u00e3o duas grandes preocupa\u00e7\u00f5es, o crescimento dos gastos da Previd\u00eancia e da ren\u00fancia tribut\u00e1ria. E o aumento dos gastos da Previd\u00eancia est\u00e1 relacionado tamb\u00e9m ao aumento das ren\u00fancias tribut\u00e1rias&#8221;, disse Tebet. &#8220;Esses n\u00fameros foram apresentados ao presidente, ele ficou extremamente mal impressionado com o aumento dos subs\u00eddios&#8221;, acrescentou.<\/p>\n\n\n\n<p>Haddad ressaltou que a carga tribut\u00e1ria caiu no ano passado e que o governo fez uma recomposi\u00e7\u00e3o para tentar reequilibrar as contas. \u201cDois temas chamaram a aten\u00e7\u00e3o do presidente. No plano da receita, uma preocupa\u00e7\u00e3o muito grande com as ren\u00fancias ficais\u201d, disse o ministro. \u201cE tamb\u00e9m uma explica\u00e7\u00e3o dada a ele sobre a queda da carga tribut\u00e1ria no ano passado, caiu mais de 0,6% do PIB, o que foi considerado pelo presidente bastante significativo\u201d.<\/p>\n","protected":false},"excerpt":{"rendered":"<p>Queda da carga tribut\u00e1ria no ano passado caiu mais de 0,6% do PIB, segundo Haddad <\/p>\n","protected":false},"author":61,"featured_media":577437,"comment_status":"closed","ping_status":"closed","sticky":false,"template":"","format":"standard","meta":{"_acf_changed":false,"inline_featured_image":false,"footnotes":""},"categories":[5],"tags":[1019,283],"autor-wsj":[],"coauthors":[2494],"class_list":["post-588701","post","type-post","status-publish","format-standard","has-post-thumbnail","hentry","category-economia","tag-ajuste-fiscal","tag-governo-federal"],"acf":[],"amp_enabled":true,"_links":{"self":[{"href":"https:\/\/investnews.com.br\/inv-api\/wp\/v2\/posts\/588701","targetHints":{"allow":["GET"]}}],"collection":[{"href":"https:\/\/investnews.com.br\/inv-api\/wp\/v2\/posts"}],"about":[{"href":"https:\/\/investnews.com.br\/inv-api\/wp\/v2\/types\/post"}],"author":[{"embeddable":true,"href":"https:\/\/investnews.com.br\/inv-api\/wp\/v2\/users\/61"}],"replies":[{"embeddable":true,"href":"https:\/\/investnews.com.br\/inv-api\/wp\/v2\/comments?post=588701"}],"version-history":[{"count":20,"href":"https:\/\/investnews.com.br\/inv-api\/wp\/v2\/posts\/588701\/revisions"}],"predecessor-version":[{"id":588781,"href":"https:\/\/investnews.com.br\/inv-api\/wp\/v2\/posts\/588701\/revisions\/588781"}],"wp:featuredmedia":[{"embeddable":true,"href":"https:\/\/investnews.com.br\/inv-api\/wp\/v2\/media\/577437"}],"wp:attachment":[{"href":"https:\/\/investnews.com.br\/inv-api\/wp\/v2\/media?parent=588701"}],"wp:term":[{"taxonomy":"category","embeddable":true,"href":"https:\/\/investnews.com.br\/inv-api\/wp\/v2\/categories?post=588701"},{"taxonomy":"post_tag","embeddable":true,"href":"https:\/\/investnews.com.br\/inv-api\/wp\/v2\/tags?post=588701"},{"taxonomy":"autor-wsj","embeddable":true,"href":"https:\/\/investnews.com.br\/inv-api\/wp\/v2\/autor-wsj?post=588701"},{"taxonomy":"author","embeddable":true,"href":"https:\/\/investnews.com.br\/inv-api\/wp\/v2\/coauthors?post=588701"}],"curies":[{"name":"wp","href":"https:\/\/api.w.org\/{rel}","templated":true}]}}