{"id":588867,"date":"2024-06-18T11:24:13","date_gmt":"2024-06-18T14:24:13","guid":{"rendered":"https:\/\/investnews.com.br\/?p=588867"},"modified":"2025-10-23T10:57:53","modified_gmt":"2025-10-23T13:57:53","slug":"para-lula-presidente-do-bc-trabalha-para-prejudicar-o-pais","status":"publish","type":"post","link":"https:\/\/investnews.com.br\/economia\/para-lula-presidente-do-bc-trabalha-para-prejudicar-o-pais\/","title":{"rendered":"Para Lula, Campos Neto trabalha para prejudicar o pa\u00eds"},"content":{"rendered":"<p>O presidente Luiz In\u00e1cio Lula acusou nesta ter\u00e7a-feira o presidente do Banco Central, Roberto Campos Neto, de trabalhar para prejudicar o pa\u00eds, sinalizando que indicar\u00e1 um sucessor para o cargo de chefe da autarquia que seja &#8220;s\u00e9rio, respons\u00e1vel e imune aos nervosismos moment\u00e2neos do mercado&#8221;.<\/p>\n<p>&#8220;O presidente do Banco Central n\u00e3o demonstra nenhuma capacidade de autonomia, tem lado pol\u00edtico e, na minha opini\u00e3o, trabalha muito mais para prejudicar o pa\u00eds do que para ajudar&#8221;, disse Lula em entrevista \u00e0 R\u00e1dio CBN.<\/p>\n<p>De acordo com o presidente, o comportamento da autarquia \u00e9 a \u00fanica &#8220;coisa desajustada&#8221; no Brasil no momento e a taxa de juros n\u00e3o pode ser &#8220;proibitiva&#8221; para setores produtivos. Ele disse ser &#8220;triste&#8221; a possibilidade de o BC deixar a Selic, agora em 10,50%, inalterada.<\/p>\n<p>Na quarta-feira, o Comit\u00ea de Pol\u00edtica Monet\u00e1ria do BC (<a href=\"https:\/\/investnews.com.br\/guias\/copom-taxa-selic\/\">Copom<\/a>) anunciar\u00e1 sua decis\u00e3o sobre a <a href=\"https:\/\/investnews.com.br\/guias\/taxa-selic\/\">taxa Selic<\/a>, com ampla expectativa do mercado de manuten\u00e7\u00e3o dos juros no patamar atual, encerrando um ciclo de sete cortes consecutivos.<\/p>\n<p>Economistas consultados pela autoridade monet\u00e1ria em sua pesquisa Focus passaram a ver que n\u00e3o haver\u00e1 mais cortes de juros neste ano, em meio ao aumento das incertezas nos cen\u00e1rios dom\u00e9stico e externo.<\/p>\n<p>&#8220;O Brasil n\u00e3o precisa disso. H\u00e1 um grau de confian\u00e7a no Brasil extraordin\u00e1rio&#8221;, rebateu Lula.<\/p>\n<p><strong>LEIA MAIS: <a href=\"https:\/\/investnews.com.br\/economia\/adeus-ao-juro-de-um-digito-prolonga-a-via-crucis-das-empresas\/\">Adeus ao juro de um d\u00edgito prolonga a via crucis das empresas<\/a><\/strong><\/p>\n<p>Lula tem criticado a atua\u00e7\u00e3o de Campos Neto desde o in\u00edcio de seu terceiro mandado. O presidente do BC foi indicado por Jair Bolsonaro e ocupar\u00e1 o cargo at\u00e9 o fim deste ano.<\/p>\n<p>Na entrevista desta ter\u00e7a-feira, Lula disse ser necess\u00e1rio descobrir a quem Campos Neto &#8220;\u00e9 submetido&#8221;, criticando um encontro do chefe do BC na semana passada com o governador de S\u00e3o Paulo, Tarc\u00edsio de Freitas, um opositor do l\u00edder do Executivo.<\/p>\n<p>Questionado sobre a sucess\u00e3o na presid\u00eancia do BC, Lula citou algumas caracter\u00edsticas importantes que seu indicado deve possuir. Ele sinalizou que pretende escolher um nome que tenha compromisso com o controle da infla\u00e7\u00e3o e o desenvolvimento do pa\u00eds.<\/p>\n<p>Tamb\u00e9m defendeu que o presidente da autarquia deve ter respeito ao cargo e n\u00e3o se submeter a press\u00f5es do <a href=\"https:\/\/investnews.com.br\/guias\/como-funciona-o-mercado-financeiro\/\">mercado financeiro<\/a>, dizendo que o mercado &#8220;muitas vezes&#8221; n\u00e3o contribui para o pa\u00eds.<\/p>\n<p>&#8220;Na hora que tiver que escolher um presidente do Banco Central, vai ser uma pessoa madura, calejada, respons\u00e1vel, que tenha respeito ao cargo que exerce e que n\u00e3o se submeta \u00e0 press\u00e3o de mercado&#8221;, disse.<\/p>\n<p>O diretor de pol\u00edtica monet\u00e1ria do BC, Gabriel Gal\u00edpolo, \u00e9 visto como um poss\u00edvel sucessor de Campos Neto. Ele foi indicado por Lula ao cargo ap\u00f3s servir como secret\u00e1rio-executivo do Minist\u00e9rio da Fazenda no in\u00edcio de seu mandato.<\/p>\n<p>(Por Fernando Cardoso)<\/p>\n","protected":false},"excerpt":{"rendered":"<p>De acordo com o presidente, o comportamento da autarquia \u00e9 a \u00fanica &#8220;coisa desajustada&#8221; no Brasil no momento e a taxa de juros n\u00e3o pode ser &#8220;proibitiva&#8221; para setores produtivos<\/p>\n","protected":false},"author":61,"featured_media":589254,"comment_status":"closed","ping_status":"closed","sticky":false,"template":"","format":"standard","meta":{"_acf_changed":false,"inline_featured_image":false,"footnotes":""},"categories":[5],"tags":[56,2370,102468,102288,112861],"autor-wsj":[],"coauthors":[2494],"class_list":["post-588867","post","type-post","status-publish","format-standard","has-post-thumbnail","hentry","category-economia","tag-banco-central","tag-luiz-inacio-lula-da-silva","tag-lula","tag-reuters","tag-roberto-campos-neto"],"acf":[],"amp_enabled":true,"_links":{"self":[{"href":"https:\/\/investnews.com.br\/inv-api\/wp\/v2\/posts\/588867","targetHints":{"allow":["GET"]}}],"collection":[{"href":"https:\/\/investnews.com.br\/inv-api\/wp\/v2\/posts"}],"about":[{"href":"https:\/\/investnews.com.br\/inv-api\/wp\/v2\/types\/post"}],"author":[{"embeddable":true,"href":"https:\/\/investnews.com.br\/inv-api\/wp\/v2\/users\/61"}],"replies":[{"embeddable":true,"href":"https:\/\/investnews.com.br\/inv-api\/wp\/v2\/comments?post=588867"}],"version-history":[{"count":5,"href":"https:\/\/investnews.com.br\/inv-api\/wp\/v2\/posts\/588867\/revisions"}],"predecessor-version":[{"id":589255,"href":"https:\/\/investnews.com.br\/inv-api\/wp\/v2\/posts\/588867\/revisions\/589255"}],"wp:featuredmedia":[{"embeddable":true,"href":"https:\/\/investnews.com.br\/inv-api\/wp\/v2\/media\/589254"}],"wp:attachment":[{"href":"https:\/\/investnews.com.br\/inv-api\/wp\/v2\/media?parent=588867"}],"wp:term":[{"taxonomy":"category","embeddable":true,"href":"https:\/\/investnews.com.br\/inv-api\/wp\/v2\/categories?post=588867"},{"taxonomy":"post_tag","embeddable":true,"href":"https:\/\/investnews.com.br\/inv-api\/wp\/v2\/tags?post=588867"},{"taxonomy":"autor-wsj","embeddable":true,"href":"https:\/\/investnews.com.br\/inv-api\/wp\/v2\/autor-wsj?post=588867"},{"taxonomy":"author","embeddable":true,"href":"https:\/\/investnews.com.br\/inv-api\/wp\/v2\/coauthors?post=588867"}],"curies":[{"name":"wp","href":"https:\/\/api.w.org\/{rel}","templated":true}]}}