{"id":589961,"date":"2024-07-02T11:46:17","date_gmt":"2024-07-02T14:46:17","guid":{"rendered":"https:\/\/investnews.com.br\/?p=589961"},"modified":"2024-07-02T11:53:14","modified_gmt":"2024-07-02T14:53:14","slug":"fundo-de-perdas-e-danos-climaticos-da-onu-deveria-ser-acionado-pelo-brasil","status":"publish","type":"post","link":"https:\/\/investnews.com.br\/colunistas\/fundo-de-perdas-e-danos-climaticos-da-onu-deveria-ser-acionado-pelo-brasil\/","title":{"rendered":"Fundo de perdas e danos clim\u00e1ticos da ONU deveria ser acionado pelo Brasil\u00a0"},"content":{"rendered":"\n<p>Entre as principais delibera\u00e7\u00f5es das Confer\u00eancias Clim\u00e1ticas das Na\u00e7\u00f5es Unidas (ONU) em 2022 e 2023 estavam a cria\u00e7\u00e3o do Fundo Clim\u00e1tico de Perdas e Danos. De forma pr\u00e1tica, isso significa o acesso a mais de US$ 700 milh\u00f5es por pa\u00edses que que sofrem com os danos clim\u00e1ticos, caso do Brasil com a trag\u00e9dia no Rio Grande do Sul.&nbsp;<\/p>\n\n\n\n<p>Dito isso, acredito que o Brasil deveria urgentemente requerer o uso do fundo da ONU para recuperar o estado ga\u00facho e criar uma estrutura robusta para recebimento por outros estados vulner\u00e1veis. Claro que<strong> \u00e9 necess\u00e1rio demonstrar que o pa\u00eds est\u00e1 preparado em termos de governan\u00e7a <\/strong>para atender a mais rigorosa lista de controle de gastos e transpar\u00eancia para poder receber tais recursos.<\/p>\n\n\n\n<p>Se segu\u00edssemos a linha adotada pela Minist\u00e9rio do Meio Ambiente e Mudan\u00e7as Clim\u00e1ticas em <a href=\"https:\/\/investnews.com.br\/esg\/3-motivos-para-o-governo-decretar-emergencia-climatica-em-1038-municipios\/\">que <\/a><a href=\"https:\/\/investnews.com.br\/negocios\/3-motivos-para-o-governo-decretar-emergencia-climatica-em-1038-municipios\/\">estuda reconhecer 1038 munic\u00edpios<\/a> brasileiros em estado permanente de emerg\u00eancia clim\u00e1tica, poder\u00edamos pleitear o fundo a fim de ter recursos suficientes para enfrentar os quatro cen\u00e1rios definidos pela ONU e pela comunidade cient\u00edfica: mitiga\u00e7\u00e3o, adapta\u00e7\u00e3o, resili\u00eancia e perdas&nbsp;e&nbsp;danos.<\/p>\n\n\n\n<p>No caso do Rio Grande do Sul, obviamente, j\u00e1 estamos tratando de um cen\u00e1rio de perdas e danos.<\/p>\n\n\n\n<figure class=\"wp-block-image size-large\"><img loading=\"lazy\" decoding=\"async\" width=\"1024\" height=\"613\" src=\"https:\/\/media.investnews.com.br\/uploads\/2024\/05\/Divulgacao_Palacio_Piratini_53701580770_9fe95362ea_o-1024x613.webp\" alt=\"Rio Grande do Sul\" class=\"wp-image-582093\" srcset=\"https:\/\/media.investnews.com.br\/uploads\/2024\/05\/Divulgacao_Palacio_Piratini_53701580770_9fe95362ea_o-1024x613.webp 1024w, https:\/\/media.investnews.com.br\/uploads\/2024\/05\/Divulgacao_Palacio_Piratini_53701580770_9fe95362ea_o-300x179.webp 300w, https:\/\/media.investnews.com.br\/uploads\/2024\/05\/Divulgacao_Palacio_Piratini_53701580770_9fe95362ea_o-768x459.webp 768w, https:\/\/media.investnews.com.br\/uploads\/2024\/05\/Divulgacao_Palacio_Piratini_53701580770_9fe95362ea_o-172x103.webp 172w, https:\/\/media.investnews.com.br\/uploads\/2024\/05\/Divulgacao_Palacio_Piratini_53701580770_9fe95362ea_o-150x90.webp 150w, https:\/\/media.investnews.com.br\/uploads\/2024\/05\/Divulgacao_Palacio_Piratini_53701580770_9fe95362ea_o.webp 1170w\" sizes=\"auto, (max-width: 1024px) 100vw, 1024px\" \/><figcaption class=\"wp-element-caption\">Foto: Divulga\u00e7\u00e3o\/Pal\u00e1cio Piratini<\/figcaption><\/figure>\n\n\n\n<p>Claro que o argumento principal para o Brasil solicitar os recursos \u00e9 fundamentado pelo arcabou\u00e7o t\u00e9cnico das finan\u00e7as sustent\u00e1veis, em que pesa o fato de que h\u00e1 mais urgente necessidade de compensa\u00e7\u00e3o para pa\u00edses mais pobres que historicamente poluem menos em detrimento de pa\u00edses ricos que poluem muito h\u00e1 anos.<\/p>\n\n\n\n<p>Algumas quest\u00f5es burocr\u00e1ticas ser\u00e3o necess\u00e1rias para destravarmos os recursos desse Fundo de Perdas e Danos, como por exemplo, se o Banco Mundial, seu gestor confirmado na COP28, pode cumprir todas as condi\u00e7\u00f5es exigidas para receber o fundo e distribu\u00ed-lo.&nbsp;<\/p>\n\n\n\n<p>Entre essas condi\u00e7\u00f5es est\u00e3o a capacidade de instituir prote\u00e7\u00f5es para garantir a independ\u00eancia e integridade do banco, permitir o acesso universal e direto aos recursos do fundo \u00e0 todos os pa\u00edses signat\u00e1rios do Acordo de Paris, mesmo aqueles que n\u00e3o forem membros do Banco Mundial. <\/p>\n\n\n\n<p>Ou seja, h\u00e1 ainda um percurso a ser cumprido pelo Banco Mundial e pela ONU para liberar esses recursos, mas o governo brasileiro com toda a comunidade cient\u00edfica e os estados devem come\u00e7ar a busc\u00e1-los.&nbsp;<\/p>\n\n\n\n<p>Vamos aguardar, mas lembro que o Relat\u00f3rio \u201cUnidos pela Ci\u00eancia\u201d publicado pela ONU no fim do ano passado indicou que entre 1970 e 2021 ocorreram cerca de 12 mil desastres meteorol\u00f3gicos clim\u00e1ticos e h\u00eddricos no planeta. Isso trouxe mais de dois milh\u00f5es de mortes e gerou uma perda de aproximadamente US$ 4,3 trilh\u00f5es. Em solo brasileiro, vimos isso de perto ap\u00f3s o desastre em terras ga\u00fachas.<\/p>\n\n\n\n<p><\/p>\n\n\n\n<p><em><strong>As informa\u00e7\u00f5es desta coluna s\u00e3o de inteira responsabilidade dos autores e n\u00e3o do InvestNews e das institui\u00e7\u00f5es com as quais ele possui liga\u00e7\u00e3o.&nbsp;<\/strong><\/em><\/p>\n\n\n\n<p><\/p>\n","protected":false},"excerpt":{"rendered":"<p>Fundo da ONU dar\u00e1 acesso a mais de US$ 700 milh\u00f5es por pa\u00edses vulner\u00e1veis aos efeitos das mudan\u00e7as clim\u00e1ticas<\/p>\n","protected":false},"author":81,"featured_media":573942,"comment_status":"closed","ping_status":"closed","sticky":false,"template":"","format":"standard","meta":{"_acf_changed":false,"inline_featured_image":false,"footnotes":""},"categories":[2063],"tags":[101773],"autor-wsj":[],"coauthors":[101344],"class_list":["post-589961","post","type-post","status-publish","format-standard","has-post-thumbnail","hentry","category-colunistas","tag-mudancas-climaticas"],"acf":[],"amp_enabled":true,"_links":{"self":[{"href":"https:\/\/investnews.com.br\/inv-api\/wp\/v2\/posts\/589961","targetHints":{"allow":["GET"]}}],"collection":[{"href":"https:\/\/investnews.com.br\/inv-api\/wp\/v2\/posts"}],"about":[{"href":"https:\/\/investnews.com.br\/inv-api\/wp\/v2\/types\/post"}],"author":[{"embeddable":true,"href":"https:\/\/investnews.com.br\/inv-api\/wp\/v2\/users\/81"}],"replies":[{"embeddable":true,"href":"https:\/\/investnews.com.br\/inv-api\/wp\/v2\/comments?post=589961"}],"version-history":[{"count":14,"href":"https:\/\/investnews.com.br\/inv-api\/wp\/v2\/posts\/589961\/revisions"}],"predecessor-version":[{"id":596895,"href":"https:\/\/investnews.com.br\/inv-api\/wp\/v2\/posts\/589961\/revisions\/596895"}],"wp:featuredmedia":[{"embeddable":true,"href":"https:\/\/investnews.com.br\/inv-api\/wp\/v2\/media\/573942"}],"wp:attachment":[{"href":"https:\/\/investnews.com.br\/inv-api\/wp\/v2\/media?parent=589961"}],"wp:term":[{"taxonomy":"category","embeddable":true,"href":"https:\/\/investnews.com.br\/inv-api\/wp\/v2\/categories?post=589961"},{"taxonomy":"post_tag","embeddable":true,"href":"https:\/\/investnews.com.br\/inv-api\/wp\/v2\/tags?post=589961"},{"taxonomy":"autor-wsj","embeddable":true,"href":"https:\/\/investnews.com.br\/inv-api\/wp\/v2\/autor-wsj?post=589961"},{"taxonomy":"author","embeddable":true,"href":"https:\/\/investnews.com.br\/inv-api\/wp\/v2\/coauthors?post=589961"}],"curies":[{"name":"wp","href":"https:\/\/api.w.org\/{rel}","templated":true}]}}