{"id":589979,"date":"2024-06-21T12:53:39","date_gmt":"2024-06-21T15:53:39","guid":{"rendered":"https:\/\/investnews.com.br\/?p=589979"},"modified":"2024-06-24T17:00:08","modified_gmt":"2024-06-24T20:00:08","slug":"dolar-opera-instavel-apos-aceleracao-da-atividade-industrial-americana-mas-com-menor-pressao-de-precos","status":"publish","type":"post","link":"https:\/\/investnews.com.br\/economia\/dolar-opera-instavel-apos-aceleracao-da-atividade-industrial-americana-mas-com-menor-pressao-de-precos\/","title":{"rendered":"D\u00f3lar encerra em queda, mas n\u00e3o impede a alta de 1,12% na semana"},"content":{"rendered":"\n<p>O d\u00f3lar encerrou a sexta-feira em queda de 0,38% frente ao real, negociado a R$ 5,4431, um dia depois de atingir seu maior valor de fechamento em quase dois anos, mas o recuo n\u00e3o impediu que a divisa norte-americana tivesse a quinta semana consecutiva de eleva\u00e7\u00e3o ante o real. <\/p>\n\n\n\n<p>As cota\u00e7\u00f5es refletiram o desconforto dos investidores com o cen\u00e1rio fiscal e com declara\u00e7\u00f5es do presidente Luiz In\u00e1cio Lula da Silva sobre o Banco Central.<\/p>\n\n\n\n<p>Na semana, a moeda voltou a acumular alta, de 1,12%. Em 2024, o d\u00f3lar j\u00e1 acumula eleva\u00e7\u00e3o de 12,15%.<\/p>\n\n\n\n<h2 class=\"wp-block-heading\">Vai e vem<\/h2>\n\n\n\n<p>A moeda norte-americana abriu a sexta-feira em queda, com investidores ajustando posi\u00e7\u00f5es e realizando lucros ap\u00f3s os avan\u00e7os recentes, em um dia de agenda relativamente esvaziada no Brasil e no exterior. <\/p>\n\n\n\n<p>No in\u00edcio da tarde, por\u00e9m, o d\u00f3lar zerou as perdas, em movimento semelhante ao visto na v\u00e9spera, quando a moeda chegou a cair quase 1% no in\u00edcio da sess\u00e3o, refletindo a decis\u00e3o do Comit\u00ea de Pol\u00edtica Monet\u00e1ria (<a href=\"https:\/\/investnews.com.br\/guias\/copom-taxa-selic\/\">Copom<\/a>) do BC sobre a <a href=\"https:\/\/investnews.com.br\/guias\/taxa-selic\/\">taxa Selic<\/a>, mas recuperou for\u00e7a durante a sess\u00e3o.<\/p>\n\n\n\n<p><strong>LEIA MAIS: <\/strong><a href=\"https:\/\/investnews.com.br\/economia\/copom-voto-unanime-na-selic-em-105-pode-embaralhar-sucessao-do-bc\/\">Copom: voto un\u00e2nime na Selic em 10,5% pode embaralhar sucess\u00e3o do BC<\/a><\/p>\n\n\n\n<p>Por tr\u00e1s do fortalecimento do d\u00f3lar nesta sexta-feira estava novamente a desconfian\u00e7a do mercado em rela\u00e7\u00e3o ao ajuste fiscal e o mal-estar com declara\u00e7\u00f5es recentes do presidente Luiz In\u00e1cio Lula da Silva contra o presidente do BC, Roberto Campos Neto.<\/p>\n\n\n\n<p>\u201cA quest\u00e3o fiscal ainda n\u00e3o foi resolvida. E o d\u00f3lar \u00e9 o grande term\u00f4metro do sentimento de avers\u00e3o a risco. Por isso o d\u00f3lar se ajusta a conta-gotas\u201d, disse Larissa Quaresma, analista da Empiricus Research, ao justificar o fato de a moeda n\u00e3o ter passado por ajustes de baixa mais consistentes ap\u00f3s a reuni\u00e3o de quarta-feira do Copom.<\/p>\n\n\n\n<p>Na ocasi\u00e3o, o colegiado votou de forma un\u00e2nime pela manuten\u00e7\u00e3o da Selic em 10,50% ao ano, como demandava o mercado. A curva de juros brasileira reagiu positivamente, com redu\u00e7\u00e3o de pr\u00eamios, mas o d\u00f3lar tem demonstrado dificuldades para ceder ante o real.<\/p>\n\n\n\n<p>\u201cO ajuste maior do d\u00f3lar pode ocorrer quando houver um encaminhamento maior da quest\u00e3o fiscal, com algum corte de gastos efetivo\u201d, acrescentou Quaresma.<\/p>\n\n\n\n<p>\u00c0s 12h28 o d\u00f3lar \u00e0 vista atingiu a cota\u00e7\u00e3o m\u00e1xima, ap\u00f3s Lula ter voltado a criticar, durante entrevista pela manh\u00e3, o fato de a Selic estar em 10,50% ao ano \u201csem nenhuma explica\u00e7\u00e3o e sem nenhum crit\u00e9rio\u201d, em suas palavras.<\/p>\n\n\n\n<p>\u00c0 tarde, Lula disse em outra entrevista que o \u201cnervosismo especulativo\u201d em rela\u00e7\u00e3o ao d\u00f3lar n\u00e3o vai afetar a economia brasileira.<\/p>\n\n\n\n<h2 class=\"wp-block-heading\">Ibovespa <\/h2>\n\n\n\n<p>O Ibovespa fechou em alta de 0,74%, aos 121.341,13 pontos, confirmando o primeiro ganho semanal desde meados de maio, com Localiza entre os destaques positivos, assim como Sabesp, na imin\u00eancia da oferta de a\u00e7\u00f5es que privatizar\u00e1 a companhia de saneamento b\u00e1sico do Estado de S\u00e3o Paulo.<\/p>\n\n\n\n<p>O indicador oscilou de 120.061,04 pontos na m\u00ednima a 121.580,05 pontos na m\u00e1xima, acumulando na semana ganho de 1,4%. O volume financeiro somou R$ 30,3 bilh\u00f5es.<\/p>\n\n\n\n<p>Para o analista R\u00e9gis Chinchila, da Terra Investimentos, o Ibovespa descolou de Nova York nesta sess\u00e3o, em movimento t\u00e9cnico de vencimento de op\u00e7\u00f5es sobre a\u00e7\u00f5es na bolsa paulista. Em Wall Street, o S&amp;P 500, uma das refer\u00eancias do mercado acion\u00e1rio norte-americano, fechou em queda de 0,16%.<\/p>\n\n\n\n<p>Apesar da alta no acumulado da semana, Chinchila considerou que a semana foi &#8220;um pouco mais travada&#8221;, com investidores ainda &#8220;bem cautelosos com as quest\u00f5es fiscais, troca de presidente do Banco Central e inc\u00f4modo com alta do d\u00f3lar que pode pressionar infla\u00e7\u00e3o \u00e0 frente&#8221;.<\/p>\n\n\n\n<p>Na pr\u00f3xima semana, uns dos destaques da agenda local ser\u00e1 a <strong>ata da reuni\u00e3o do Comit\u00ea de Pol\u00edtica Monet\u00e1ria (Copom) <\/strong>encerrada na \u00faltima quarta-feira, em que a Selic foi mantida em 10,50% ao ano, em vota\u00e7\u00e3o un\u00e2nime do colegiado. Tamb\u00e9m em foco estar\u00e3o o IPCA-15 de junho e o Relat\u00f3rio de Infla\u00e7\u00e3o do BC.<\/p>\n\n\n\n<h2 class=\"wp-block-heading\">Destaques<\/h2>\n\n\n\n<p>&#8211; LOCALIZA ON valorizou-se 5,22%, tendo de pano de fundo relat\u00f3rio do Bank of America com analistas afirmando que as vantagens competitivas e a forte cultura da empresa permanecem. Eles acrescentaram que esperam uma r\u00e1pida recupera\u00e7\u00e3o do retorno sobre o capital investido (ROIC) de volta aos n\u00edveis hist\u00f3ricos, especialmente quando os pre\u00e7os dos autom\u00f3veis pararem de cair.<\/p>\n\n\n\n<p>&#8211; SABESP ON subiu 3,87%, diante do lan\u00e7amento iminente da oferta de a\u00e7\u00f5es que privatizar\u00e1 a companhia de saneamento b\u00e1sico do Estado de S\u00e3o Paulo. A empresa de saneamento Aegea e a Equatorial Energia est\u00e3o entre os investidores interessados na opera\u00e7\u00e3o, que ter\u00e1 uma primeira etapa para potenciais acionistas de refer\u00eancia apresentarem suas propostas. A expectativa \u00e9 de que o an\u00fancio ocorra nesta sexta.<\/p>\n\n\n\n<p>&#8211; ISA CTEEP PN avan\u00e7ou 3,89% tendo no radar decreto que vai regular os novos contratos de distribuidoras de energia el\u00e9trica. O \u00edndice das empresas de energia el\u00e9trica na B3 fechou em alta de 1,27%. ENERGISA UNIT ganhou 2,06% tamb\u00e9m reagindo a dados mostrando que o consumo consolidado de energia el\u00e9trica, cativo e livre nas \u00e1reas de concess\u00e3o do grupo cresceu 12,4% em maio ano a ano.<\/p>\n\n\n\n<p>&#8211; ZAMP ON, que n\u00e3o est\u00e1 no Ibovespa, disparou 12,8%, ap\u00f3s o conselho de administra\u00e7\u00e3o da operadora das redes de fast food Burger King e Popeye&#8217;s no Brasil eleger Paulo Sergio de Camargo como novo presidente-executivo da companhia em substitui\u00e7\u00e3o a Ariel Grunkraut. Camargo, que liderou a divis\u00e3o brasileira da Arcos Dourados, operadora da rede de fast food McDonald&#8217;s, tomar\u00e1 posse no dia 28 de junho.<\/p>\n\n\n\n<p><\/p>\n\n\n\n<p><\/p>\n","protected":false},"excerpt":{"rendered":"<p>Mais cedo, moeda americana chegou a operar em queda ante o real<\/p>\n","protected":false},"author":61,"featured_media":587384,"comment_status":"closed","ping_status":"closed","sticky":false,"template":"","format":"standard","meta":{"_acf_changed":false,"inline_featured_image":false,"footnotes":""},"categories":[5],"tags":[26,499,236,102288],"autor-wsj":[],"coauthors":[2494,1494],"class_list":["post-589979","post","type-post","status-publish","format-standard","has-post-thumbnail","hentry","category-economia","tag-dolar","tag-economia","tag-eua","tag-reuters"],"acf":[],"amp_enabled":true,"_links":{"self":[{"href":"https:\/\/investnews.com.br\/inv-api\/wp\/v2\/posts\/589979","targetHints":{"allow":["GET"]}}],"collection":[{"href":"https:\/\/investnews.com.br\/inv-api\/wp\/v2\/posts"}],"about":[{"href":"https:\/\/investnews.com.br\/inv-api\/wp\/v2\/types\/post"}],"author":[{"embeddable":true,"href":"https:\/\/investnews.com.br\/inv-api\/wp\/v2\/users\/61"}],"replies":[{"embeddable":true,"href":"https:\/\/investnews.com.br\/inv-api\/wp\/v2\/comments?post=589979"}],"version-history":[{"count":31,"href":"https:\/\/investnews.com.br\/inv-api\/wp\/v2\/posts\/589979\/revisions"}],"predecessor-version":[{"id":592396,"href":"https:\/\/investnews.com.br\/inv-api\/wp\/v2\/posts\/589979\/revisions\/592396"}],"wp:featuredmedia":[{"embeddable":true,"href":"https:\/\/investnews.com.br\/inv-api\/wp\/v2\/media\/587384"}],"wp:attachment":[{"href":"https:\/\/investnews.com.br\/inv-api\/wp\/v2\/media?parent=589979"}],"wp:term":[{"taxonomy":"category","embeddable":true,"href":"https:\/\/investnews.com.br\/inv-api\/wp\/v2\/categories?post=589979"},{"taxonomy":"post_tag","embeddable":true,"href":"https:\/\/investnews.com.br\/inv-api\/wp\/v2\/tags?post=589979"},{"taxonomy":"autor-wsj","embeddable":true,"href":"https:\/\/investnews.com.br\/inv-api\/wp\/v2\/autor-wsj?post=589979"},{"taxonomy":"author","embeddable":true,"href":"https:\/\/investnews.com.br\/inv-api\/wp\/v2\/coauthors?post=589979"}],"curies":[{"name":"wp","href":"https:\/\/api.w.org\/{rel}","templated":true}]}}