{"id":592662,"date":"2024-06-25T10:42:17","date_gmt":"2024-06-25T13:42:17","guid":{"rendered":"https:\/\/investnews.com.br\/?p=592662"},"modified":"2024-06-25T10:42:19","modified_gmt":"2024-06-25T13:42:19","slug":"sob-milei-argentina-entra-em-recessao-tecnica-enquanto-desemprego-cresce","status":"publish","type":"post","link":"https:\/\/investnews.com.br\/economia\/sob-milei-argentina-entra-em-recessao-tecnica-enquanto-desemprego-cresce\/","title":{"rendered":"Sob Milei, Argentina entra em recess\u00e3o t\u00e9cnica enquanto desemprego cresce"},"content":{"rendered":"\n<p>BUENOS AIRES &#8212; A <strong>Argentina<\/strong> entrou em uma recess\u00e3o t\u00e9cnica no primeiro trimestre deste ano com aumento do desemprego, mostraram dados oficiais do pa\u00eds na segunda-feira (24). A retra\u00e7\u00e3o ocorre em meio a uma dura pol\u00edtica de austeridade do presidente <strong>Javier Milei<\/strong>, que colocou o ajuste fiscal do pa\u00eds como item priorit\u00e1rio de sua pauta.<\/p>\n\n\n\n<p>O Produto Interno Bruto (PIB) argentino caiu 2,6% no primeiro trimestre do ano, em compara\u00e7\u00e3o ao \u00faltimo trimestre de 2023, a segunda contra\u00e7\u00e3o consecutiva trimestre a trimestre &#8212; a defini\u00e7\u00e3o habitual de recess\u00e3o.<\/p>\n\n\n\n<p>O trimestre marca o primeiro per\u00edodo completo com Milei, que assumiu o poder em dezembro.<\/p>\n\n\n\n<p>A ag\u00eancia de estat\u00edsticas oficial <strong>Indec<\/strong> tamb\u00e9m divulgou dados sobre o mercado de trabalho, que mostraram que a taxa de desemprego chegou a 7,7% no primeiro trimestre, ante 5,7% no fim do ano passado, Isso significa aproximadamente 300 mil novas pessoas desempregadas desde o trimestre anterior.<\/p>\n\n\n\n<p><strong>LEIA MAIS<\/strong>: <a href=\"https:\/\/investnews.com.br\/economia\/milei-ressuscita-financiamento-imobiliario-e-bancos-lotam\/\">Milei ressuscita financiamento imobili\u00e1rio e bancos lotam<\/a><\/p>\n\n\n\n<p>A infla\u00e7\u00e3o de tr\u00eas d\u00edgitos e a recess\u00e3o atingiram os consumidores com for\u00e7a e prejudicaram as vendas de produtos, enquanto os cortes de gastos de Milei paralisaram projetos estatais de infraestrutura e provocaram grandes perdas de postos de trabalho em setores como a constru\u00e7\u00e3o.<\/p>\n\n\n\n<p>Milei, economista de forma\u00e7\u00e3o, tem argumentado que o pa\u00eds precisa colocar as finan\u00e7as em ordem ap\u00f3s anos de d\u00e9ficits fiscais que levaram a calotes regulares da d\u00edvida soberana e feriram a reputa\u00e7\u00e3o do pa\u00eds com investidores globais.<\/p>\n\n\n\n<p>Desde que assumiu o poder, ele tem estimulado os mercados com um foco firme no super\u00e1vit fiscal, o que, por enquanto, ele conseguiu produzir. T\u00edtulos e a\u00e7\u00f5es tiveram uma forte recupera\u00e7\u00e3o, mas a economia foi atingida, com o crescimento da pobreza e da falta de moradia.<\/p>\n\n\n\n<p>Ele argumenta que um rem\u00e9dio fiscal duro \u00e9 necess\u00e1rio e que a economia come\u00e7ar\u00e1 a dar a volta por cima.<\/p>\n\n\n\n<p>Dados do Indec mostraram que, na compara\u00e7\u00e3o ano a ano, a economia caiu 5,1% no primeiro trimestre, enquanto analistas previam uma contra\u00e7\u00e3o de 5,25%.<\/p>\n\n\n\n<p>O consumo privado caiu 6,7% em termos anuais no trimestre, e o consumo p\u00fablico recuou 5%, segundo os dados. As importa\u00e7\u00f5es despencaram 20,1%, mas as exporta\u00e7\u00f5es subiram 26,1%.<\/p>\n\n\n\n<p>(Reportagem de Aida Pelaez-Fernandez e Hernan Nessi)<\/p>\n","protected":false},"excerpt":{"rendered":"<p>Trimestre marca o primeiro per\u00edodo completo com Milei, que assumiu o poder em dezembro<\/p>\n","protected":false},"author":61,"featured_media":540445,"comment_status":"closed","ping_status":"closed","sticky":false,"template":"","format":"standard","meta":{"_acf_changed":false,"inline_featured_image":false,"footnotes":""},"categories":[5],"tags":[102288],"autor-wsj":[],"coauthors":[2494],"class_list":["post-592662","post","type-post","status-publish","format-standard","has-post-thumbnail","hentry","category-economia","tag-reuters"],"acf":[],"amp_enabled":true,"_links":{"self":[{"href":"https:\/\/investnews.com.br\/inv-api\/wp\/v2\/posts\/592662","targetHints":{"allow":["GET"]}}],"collection":[{"href":"https:\/\/investnews.com.br\/inv-api\/wp\/v2\/posts"}],"about":[{"href":"https:\/\/investnews.com.br\/inv-api\/wp\/v2\/types\/post"}],"author":[{"embeddable":true,"href":"https:\/\/investnews.com.br\/inv-api\/wp\/v2\/users\/61"}],"replies":[{"embeddable":true,"href":"https:\/\/investnews.com.br\/inv-api\/wp\/v2\/comments?post=592662"}],"version-history":[{"count":4,"href":"https:\/\/investnews.com.br\/inv-api\/wp\/v2\/posts\/592662\/revisions"}],"predecessor-version":[{"id":594405,"href":"https:\/\/investnews.com.br\/inv-api\/wp\/v2\/posts\/592662\/revisions\/594405"}],"wp:featuredmedia":[{"embeddable":true,"href":"https:\/\/investnews.com.br\/inv-api\/wp\/v2\/media\/540445"}],"wp:attachment":[{"href":"https:\/\/investnews.com.br\/inv-api\/wp\/v2\/media?parent=592662"}],"wp:term":[{"taxonomy":"category","embeddable":true,"href":"https:\/\/investnews.com.br\/inv-api\/wp\/v2\/categories?post=592662"},{"taxonomy":"post_tag","embeddable":true,"href":"https:\/\/investnews.com.br\/inv-api\/wp\/v2\/tags?post=592662"},{"taxonomy":"autor-wsj","embeddable":true,"href":"https:\/\/investnews.com.br\/inv-api\/wp\/v2\/autor-wsj?post=592662"},{"taxonomy":"author","embeddable":true,"href":"https:\/\/investnews.com.br\/inv-api\/wp\/v2\/coauthors?post=592662"}],"curies":[{"name":"wp","href":"https:\/\/api.w.org\/{rel}","templated":true}]}}