{"id":594362,"date":"2024-06-25T11:10:31","date_gmt":"2024-06-25T14:10:31","guid":{"rendered":"https:\/\/investnews.com.br\/?p=594362"},"modified":"2024-06-25T18:55:16","modified_gmt":"2024-06-25T21:55:16","slug":"lufthansa-vai-adicionar-taxa-ambiental-no-preco-de-suas-passagens-na-uniao-europeia","status":"publish","type":"post","link":"https:\/\/investnews.com.br\/negocios\/lufthansa-vai-adicionar-taxa-ambiental-no-preco-de-suas-passagens-na-uniao-europeia\/","title":{"rendered":"Lufthansa vai adicionar &#8216;taxa ambiental&#8217; no pre\u00e7o de suas passagens na Uni\u00e3o Europeia"},"content":{"rendered":"<p>A <strong>Lufthansa<\/strong> vai cobrar uma taxa ambiental de at\u00e9 72 euros \u00e0s suas tarifas, afirmou o grupo nesta ter\u00e7a-feira (25), enquanto a ind\u00fastria busca alternativas para cobrir o custo do cumprimento das novas regras da Uni\u00e3o Europeia sobre a redu\u00e7\u00e3o de <strong>emiss\u00f5es.<\/strong><\/p>\n<p>As companhias a\u00e9reas alertam h\u00e1 anos que as regulamenta\u00e7\u00f5es que exigem o uso de combust\u00edvel de avia\u00e7\u00e3o sustent\u00e1vel (SAF) &#8212; que \u00e9 mais caro &#8212; podem aumentar os custos.<\/p>\n<p>As tarifas aumentar\u00e3o entre 1 euro e 72 euros, dependendo do tipo de bilhete, em todos os voos com partida de pa\u00edses da Uni\u00e3o Europeia, no Reino Unido, Noruega e Su\u00ed\u00e7a, informou o grupo a\u00e9reo alem\u00e3o.<\/p>\n<p>Alguns dos aumentos entram em vigor a partir de 26 de junho e outros a partir de 2025.<\/p>\n<p><span style=\"font-weight: 400;\"><strong>LEIA MAIS<\/strong>: <a href=\"https:\/\/investnews.com.br\/negocios\/companhias-aereas-globais-elevam-perspectiva-de-lucro-para-2024\/\">Companhias a\u00e9reas globais elevam perspectiva de lucro para 2024<\/a><\/span><\/p>\n<p>A companhia disse que a taxa cobriria &#8220;parte dos custos adicionais cada vez maiores devido a requisitos ambientais regulat\u00f3rios&#8221;, como SAF, feito de materiais de base biol\u00f3gica \u2013 considerados cruciais para tornar o voo menos poluente.<\/p>\n<p>A <strong>avia\u00e7\u00e3o \u00e9 considerada respons\u00e1vel por cerca de 2% das emiss\u00f5es mundiais<\/strong>, mas \u00e9 vista como um dos setores mais dif\u00edceis de descarbonizar, uma vez que o combust\u00edvel para voos n\u00e3o pode ser facilmente substitu\u00eddo por outros tipos de energia.<\/p>\n<p>Os reguladores europeus introduziram regras que exigem aos fornecedores de combust\u00edvel que garantam que 2% do combust\u00edvel nos aeroportos da Uni\u00e3o Europeia seja SAF at\u00e9 2025, aumentando para 6% em 2030 e 70% em 2050.<\/p>\n<p>A <strong>Air France-KLM est\u00e1 avaliando medidas amplamente semelhantes \u00e0s da Lufthansa<\/strong>, disse uma pessoa familiarizada com o assunto. O grupo j\u00e1 adotou uma taxa de contribui\u00e7\u00e3o SAF em janeiro de 2022, disse, adicionando uma sobretaxa de at\u00e9 12 euros para tarifas executivas e de at\u00e9 4 euros para econ\u00f4micas.<\/p>\n<p>&#8220;Temos uma contribui\u00e7\u00e3o SAF em vigor, aplic\u00e1vel a todos os voos (n\u00e3o apenas na partida da Europa) para refletir de forma transparente o custo adicional da incorpora\u00e7\u00e3o de combust\u00edvel de avia\u00e7\u00e3o sustent\u00e1vel&#8221;, disse um porta-voz da Air France-KLM em comunicado enviado por e-mail.<\/p>\n<p>(Reportagem adicional de Paolo Laudani)<\/p>\n","protected":false},"excerpt":{"rendered":"<p>Companhia afirma que cobran\u00e7a vai cobrir custos adicionais para seguir a legisla\u00e7\u00e3o ambiental do bloco<\/p>\n","protected":false},"author":61,"featured_media":594736,"comment_status":"closed","ping_status":"closed","sticky":false,"template":"","format":"standard","meta":{"_acf_changed":false,"inline_featured_image":false,"footnotes":""},"categories":[6],"tags":[792,102288],"autor-wsj":[],"coauthors":[2494],"class_list":["post-594362","post","type-post","status-publish","format-standard","has-post-thumbnail","hentry","category-negocios","tag-aviacao","tag-reuters"],"acf":[],"amp_enabled":true,"_links":{"self":[{"href":"https:\/\/investnews.com.br\/inv-api\/wp\/v2\/posts\/594362","targetHints":{"allow":["GET"]}}],"collection":[{"href":"https:\/\/investnews.com.br\/inv-api\/wp\/v2\/posts"}],"about":[{"href":"https:\/\/investnews.com.br\/inv-api\/wp\/v2\/types\/post"}],"author":[{"embeddable":true,"href":"https:\/\/investnews.com.br\/inv-api\/wp\/v2\/users\/61"}],"replies":[{"embeddable":true,"href":"https:\/\/investnews.com.br\/inv-api\/wp\/v2\/comments?post=594362"}],"version-history":[{"count":3,"href":"https:\/\/investnews.com.br\/inv-api\/wp\/v2\/posts\/594362\/revisions"}],"predecessor-version":[{"id":594737,"href":"https:\/\/investnews.com.br\/inv-api\/wp\/v2\/posts\/594362\/revisions\/594737"}],"wp:featuredmedia":[{"embeddable":true,"href":"https:\/\/investnews.com.br\/inv-api\/wp\/v2\/media\/594736"}],"wp:attachment":[{"href":"https:\/\/investnews.com.br\/inv-api\/wp\/v2\/media?parent=594362"}],"wp:term":[{"taxonomy":"category","embeddable":true,"href":"https:\/\/investnews.com.br\/inv-api\/wp\/v2\/categories?post=594362"},{"taxonomy":"post_tag","embeddable":true,"href":"https:\/\/investnews.com.br\/inv-api\/wp\/v2\/tags?post=594362"},{"taxonomy":"autor-wsj","embeddable":true,"href":"https:\/\/investnews.com.br\/inv-api\/wp\/v2\/autor-wsj?post=594362"},{"taxonomy":"author","embeddable":true,"href":"https:\/\/investnews.com.br\/inv-api\/wp\/v2\/coauthors?post=594362"}],"curies":[{"name":"wp","href":"https:\/\/api.w.org\/{rel}","templated":true}]}}