{"id":5956,"date":"2020-03-12T12:20:00","date_gmt":"2020-03-12T15:20:00","guid":{"rendered":"https:\/\/investnews.com.br\/?p=5956"},"modified":"2024-06-26T12:29:55","modified_gmt":"2024-06-26T15:29:55","slug":"coronavirus-pandemia-mas-e-agora","status":"publish","type":"post","link":"https:\/\/investnews.com.br\/economia\/coronavirus-pandemia-mas-e-agora\/","title":{"rendered":"Coronav\u00edrus: pandemia, mas e agora?"},"content":{"rendered":"\n<p>Ap\u00f3s a classifica\u00e7\u00e3o do <a href=\"https:\/\/investnews.com.br\/tag\/coronavirus\/\" class=\"rank-math-link\">coronav\u00edrus<\/a> como pandemia pela Organiza\u00e7\u00e3o Mundial da Sa\u00fade (<a href=\"https:\/\/investnews.com.br\/tag\/oms\/\">OMS<\/a>), considerando o est\u00e1gio de transmiss\u00e3o global, autoridades e governos intensificaram as a\u00e7\u00f5es para conter a doen\u00e7a e o p\u00e2nico entre a popula\u00e7\u00e3o. <\/p>\n\n\n\n<p>Na Bolsa, pela segunda vez na semana, os neg\u00f3cios entraram no &#8220;circuit breaker&#8221;. As negocia\u00e7\u00f5es foram paralisadas, a fim de interromper a forte queda dos papeis. Economias do mundo todo refazem suas proje\u00e7\u00f5es de crescimento, e analistas temem recess\u00e3o global.<\/p>\n\n\n\n<p><strong>LEIA MAIS: <a href=\"https:\/\/investnews.com.br\/financas\/bolsa-cai-mais-de-8-aos-84-mil-pontos-dolar-vai-a-r-470\/\" class=\"rank-math-link\">Ap\u00f3s novo \u2018circuit breaker\u2019, Bolsa fecha em queda de 7,6%, a 85 mil pontos<\/a><\/strong><\/p>\n\n\n\n<p>Segundo o diretor-geral da entidade, Tedros Adhanom Ghebreyesus, a OMS recebeu informa\u00e7\u00f5es de quase <strong>125 mil casos do coronav\u00edrus em 118 pa\u00edses e territ\u00f3rios<\/strong>. A atualiza\u00e7\u00e3o \u00e9 desta quinta-feira (12).<\/p>\n\n\n\n<p>Em discurso enviado por e-mail, Tedros ainda diz que, nas duas \u00faltimas semanas, o total de casos relatados fora da China \u2014 onde a doen\u00e7a teve origem \u2014 aumentou quase 13 vezes e que o n\u00famero de pa\u00edses afetados quase triplicou.  <\/p>\n\n\n\n<p>Na Europa a situa\u00e7\u00e3o \u00e9 muito mais cr\u00edtica. A <a href=\"https:\/\/investnews.com.br\/tag\/italia\/\" class=\"rank-math-link\">It\u00e1lia<\/a>, que inclusive foi o destino de viagem de brasileiros contaminados, \u00e9 o pa\u00eds com mais casos confirmados fora da China: <strong>12.462<\/strong>, segundo o <a href=\"https:\/\/coronavirus.jhu.edu\/map.html\" class=\"rank-math-link\" target=\"_blank\" rel=\"noopener\">mapa<\/a> da Universidade Johns Hopkins de Maryland (<a href=\"https:\/\/investnews.com.br\/tag\/estados-unidos\/\" class=\"rank-math-link\">EUA<\/a>). Isso para uma popula\u00e7\u00e3o de aproximadamente 60 milh\u00f5es de pessoas.<\/p>\n\n\n\n<p>No foco do coronav\u00edrus, a <a href=\"https:\/\/investnews.com.br\/tag\/china\/\" class=\"rank-math-link\">China<\/a> come\u00e7a a conter a expans\u00e3o da doen\u00e7a. De ter\u00e7a-feira (10) para a quarta-feira (11), o aumento no n\u00famero casos novos foi de <strong>aproximadamente 0,02%<\/strong> (de 80.778 para 80.793). No pico de contamina\u00e7\u00e3o na China, o n\u00famero de casos aumentava quase 32%, segundo dados da plataforma <a href=\"https:\/\/www.worldometers.info\/coronavirus\/\" class=\"rank-math-link\" target=\"_blank\" rel=\"noopener\">Worldometer<\/a>.  <\/p>\n\n\n\n<p>Com o surto na Europa, <a href=\"https:\/\/investnews.com.br\/tag\/donald-trump\/\" class=\"rank-math-link\">Donald Trump<\/a>  anunciou a suspens\u00e3o de todas as viagens da Europa para os Estados Unidos pelos pr\u00f3ximos 30 dias, a partir de sexta-feira. <\/p>\n\n\n\n<h2 class=\"wp-block-heading\">No Brasil<\/h2>\n\n\n\n<p>O Minist\u00e9rio da Sa\u00fade atualizou hoje o <strong>n\u00famero oficial de casos para 60<\/strong>, e anunciou, com in\u00edcio at\u00e9 7 de abril, a contrata\u00e7\u00e3o de 5,8 mil m\u00e9dicos para atender a demanda que deve ser gerada pelo novo coronav\u00edrus. 44% destes profissionais v\u00e3o atender nas capitais e regi\u00f5es metropolitanas. <\/p>\n\n\n\n<p>O Hospital Israelita Albert Einstein confirmou s\u00f3 na quarta-feira (11), <strong>16 novas infec\u00e7\u00f5es<\/strong> pelo coronav\u00edrus. A atualiza\u00e7\u00e3o dos casos com dados do governo, deve demorar 24h para entrar na conta oficial.  <\/p>\n\n\n\n<p>Ontem o ministro da Sa\u00fade, Luiz Henrique Mandetta afirmou que o Brasil deve viver semanas &#8220;duras&#8221; ap\u00f3s o come\u00e7o da transmiss\u00e3o comunit\u00e1ria do novo coronav\u00edrus. &#8220;Vamos passar por isso. Vai ser duro. V\u00e3o ser quatro meses que vamos viver, mais ou menos umas 20 semanas duras&#8221;, disse Mandetta.  <\/p>\n\n\n\n<p>O primeiro governador a agir foi Ibaneis Rocha, do Distrito Federal. Ele editou Decreto que disp\u00f5e sobre a suspens\u00e3o das aulas da rede p\u00fablica e privada em todas as escolas, universidades e faculdades; de eventos, de qualquer natureza, que exijam licen\u00e7a do poder local, com p\u00fablico superior a 100 pessoas, por cinco dias, prorrog\u00e1veis por igual per\u00edodo. A expectativa \u00e9 que o governador  <a href=\"https:\/\/investnews.com.br\/tag\/joao-doria\/\">Jo\u00e3o Doria<\/a>  seja o pr\u00f3ximo a agir, ap\u00f3s ter o primeiro caso na Universidade de S\u00e3o Paulo (USP), com um estudante de geografia contaminado. <\/p>\n\n\n\n<p>Hoje a Universidade de Campinas (Unicamp) informou em comunicado a suspens\u00e3o, de 13 a 29 de mar\u00e7o, de todas as suas atividades. &#8220;Ser\u00e3o mantidas apenas as atividades essenciais, a ser definidas e informadas \u00e0 comunidade pelo comit\u00ea de crise criado pela Reitoria&#8221;, diz a nota.   <\/p>\n\n\n\n<h2 class=\"wp-block-heading\">Nas empresas <\/h2>\n\n\n\n<p>A rotina das empresas brasileiras tamb\u00e9m foi afetada, com suspens\u00e3o de congressos, viagens canceladas, funcion\u00e1rios em home office, campanhas de preven\u00e7\u00e3o, distribui\u00e7\u00e3o de \u00e1lcool gel, reuni\u00f5es por videoconfer\u00eancia e quarentena para quem voltou de viagem do exterior. <\/p>\n\n\n\n<p>Nos \u00faltimos dias a Tim, Gerdau e Cosan, suspendeu eventos importantes nos EUA. O Google tamb\u00e9m cancelou um evento que reuniria 10 mil mulheres no Gin\u00e1sio do Ibirapuera.  A empresa tamb\u00e9m ofereceu aos funcion\u00e1rios a alternativa de trabalhar de casa, medida adotada pelo Facebook at\u00e9 10 de abril. <\/p>\n\n\n\n<p>A Toyota distribuiu aos funcion\u00e1rios de suas tr\u00eas f\u00e1bricas um guia sobre o covid-19 e fechou os centros de visita\u00e7\u00e3o dessas unidades at\u00e9 o fim do m\u00eas. A FCA Fiat Chrysler reduziu o n\u00famero de acessos \u00e0s f\u00e1bricas &#8220;ao necess\u00e1rio \u00e0s fun\u00e7\u00f5es operacionais&#8221;.<\/p>\n\n\n\n<p>A partir de segunda-feira, os funcion\u00e1rios da EDP far\u00e3o um rod\u00edzio onde alguns funcion\u00e1rios trabalham na empresa e outros em casa. A medida deve ser implantada para os pr\u00f3ximos seis meses. A empresa tamb\u00e9m montou um comit\u00ea de gest\u00e3o de crise para preparar a\u00e7\u00f5es de preven\u00e7\u00e3o e j\u00e1 adquiriu 5 mil m\u00e1scaras.<\/p>\n\n\n\n<p>O escrit\u00f3rio da Mastercard, em S\u00e3o Paulo, que teve um caso de contamina\u00e7\u00e3o, ficou fechado um dia para higieniza\u00e7\u00e3o e os funcion\u00e1rios podem trabalhar de casa. Na XP, que teve dois casos, os procedimentos de higieniza\u00e7\u00e3o foram intensificados. Na CSN, tamb\u00e9m com um caso, a empresa pediu para os funcion\u00e1rios seguirem as recomenda\u00e7\u00f5es do Minist\u00e9rio da Sa\u00fade.<\/p>\n\n\n\n<p>O iFood passou a incentivar o home office e as reuni\u00f5es internas e com fornecedores passaram a ser por videoconfer\u00eancia. J\u00e1 a Nestl\u00e9 pede a qualquer funcion\u00e1rio que tenha viajado para \u00e1reas de risco nos \u00faltimos 14 dias para trabalhar de casa por duas semanas. <\/p>\n\n\n\n<p>Nas unidades da Volkswagen, qualquer executivo ou oper\u00e1rio tem de passar em avalia\u00e7\u00e3o no ambulat\u00f3rio m\u00e9dico antes de viajar para receber orienta\u00e7\u00f5es e encaminhamento para vacina\u00e7\u00e3o contra influenza (gripe comum). Ap\u00f3s a viagem, o funcion\u00e1rio deve trabalhar de casa por duas semanas.<\/p>\n\n\n\n<p>A General Motors tamb\u00e9m adota restri\u00e7\u00f5es de viagens e pr\u00e1tica de quarentena para quem esteve em algum dos pa\u00edses foco das epidemia.<\/p>\n\n\n\n<p>O escrit\u00f3rio de advocacia L.O. Baptista antecipou a campanha de vacina\u00e7\u00e3o da gripe e uma equipe de sa\u00fade vai vacinar os funcion\u00e1rios. A empresa est\u00e1 criando uma linha direta para as pessoas reportarem situa\u00e7\u00f5es de risco relacionadas ao Covid-19.<\/p>\n\n\n\n<p><strong><a href=\"https:\/\/www.estadaoconteudo.com.br\/saude\/not\/2020\/mar\/11\/218.htm\" class=\"rank-math-link\" target=\"_blank\" rel=\"noopener\"><br><\/a><\/strong><\/p>\n","protected":false},"excerpt":{"rendered":"<p>Entenda porque a OMS decidiu declarar pandemia. <\/p>\n","protected":false},"author":17,"featured_media":4196,"comment_status":"open","ping_status":"open","sticky":false,"template":"","format":"standard","meta":{"_acf_changed":false,"inline_featured_image":false,"footnotes":""},"categories":[5],"tags":[244,404,79,78,839,394,418],"autor-wsj":[],"coauthors":[],"class_list":["post-5956","post","type-post","status-publish","format-standard","has-post-thumbnail","hentry","category-economia","tag-china","tag-coronavirus","tag-donald-trump","tag-estados-unidos","tag-italia","tag-joao-doria","tag-oms"],"acf":[],"amp_enabled":true,"_links":{"self":[{"href":"https:\/\/investnews.com.br\/inv-api\/wp\/v2\/posts\/5956","targetHints":{"allow":["GET"]}}],"collection":[{"href":"https:\/\/investnews.com.br\/inv-api\/wp\/v2\/posts"}],"about":[{"href":"https:\/\/investnews.com.br\/inv-api\/wp\/v2\/types\/post"}],"author":[{"embeddable":true,"href":"https:\/\/investnews.com.br\/inv-api\/wp\/v2\/users\/17"}],"replies":[{"embeddable":true,"href":"https:\/\/investnews.com.br\/inv-api\/wp\/v2\/comments?post=5956"}],"version-history":[{"count":21,"href":"https:\/\/investnews.com.br\/inv-api\/wp\/v2\/posts\/5956\/revisions"}],"predecessor-version":[{"id":6045,"href":"https:\/\/investnews.com.br\/inv-api\/wp\/v2\/posts\/5956\/revisions\/6045"}],"wp:featuredmedia":[{"embeddable":true,"href":"https:\/\/investnews.com.br\/inv-api\/wp\/v2\/media\/4196"}],"wp:attachment":[{"href":"https:\/\/investnews.com.br\/inv-api\/wp\/v2\/media?parent=5956"}],"wp:term":[{"taxonomy":"category","embeddable":true,"href":"https:\/\/investnews.com.br\/inv-api\/wp\/v2\/categories?post=5956"},{"taxonomy":"post_tag","embeddable":true,"href":"https:\/\/investnews.com.br\/inv-api\/wp\/v2\/tags?post=5956"},{"taxonomy":"autor-wsj","embeddable":true,"href":"https:\/\/investnews.com.br\/inv-api\/wp\/v2\/autor-wsj?post=5956"},{"taxonomy":"author","embeddable":true,"href":"https:\/\/investnews.com.br\/inv-api\/wp\/v2\/coauthors?post=5956"}],"curies":[{"name":"wp","href":"https:\/\/api.w.org\/{rel}","templated":true}]}}