{"id":595935,"date":"2024-06-28T09:21:54","date_gmt":"2024-06-28T12:21:54","guid":{"rendered":"https:\/\/investnews.com.br\/?p=595935"},"modified":"2024-06-28T09:55:53","modified_gmt":"2024-06-28T12:55:53","slug":"conselho-da-anima-escolhe-ex-arcelormittal-como-nova-ceo","status":"publish","type":"post","link":"https:\/\/investnews.com.br\/negocios\/conselho-da-anima-escolhe-ex-arcelormittal-como-nova-ceo\/","title":{"rendered":"Conselho da \u00c2nima escolhe ex-ArcelorMittal como nova CEO"},"content":{"rendered":"\n<p>A empresa de educa\u00e7\u00e3o \u00c2nima, dona da Universidade S\u00e3o Judas, informou nesta quinta-feira (27) que seu conselho de administra\u00e7\u00e3o elegeu <strong>Paula Maria Harraca<\/strong> como nova diretora-presidente da companhia, em substitui\u00e7\u00e3o ao s\u00f3cio-fundador Marcelo Battistella Bueno.<\/p>\n\n\n\n<p>Bueno ficar\u00e1 inteiramente focado na transi\u00e7\u00e3o da posi\u00e7\u00e3o, apoiando a nova CEO, at\u00e9 o final de 2024. Paula \u00e9 a primeira executiva n\u00e3o fundadora a assumir a presid\u00eancia da companhia.<\/p>\n\n\n\n<p>Ela, que \u00e9 ex-executiva da <a href=\"https:\/\/investnews.com.br\/negocios\/reag-compra-imovel-de-r-180-milhoes-da-arcelormittal-e-reforca-onipresenca\/\">ArcelorMittal<\/a>, dar\u00e1 continuidade a um mandato unificado da diretoria de dois anos que ser\u00e1 encerrado em assembleia geral ordin\u00e1ria a ser realizada no pr\u00f3ximo ano, conforme ata da reuni\u00e3o.<\/p>\n\n\n\n<p>Segundo a \u00c2nima, a nomea\u00e7\u00e3o vem em um momento de maior foco no fortalecimento das marcas da empresa, crescimento sustent\u00e1vel e manuten\u00e7\u00e3o dos padr\u00f5es de efici\u00eancia operacional.<\/p>\n","protected":false},"excerpt":{"rendered":"<p>Paula Maria Harraca primeira executiva n\u00e3o fundadora a assumir a presid\u00eancia da companhia<\/p>\n","protected":false},"author":61,"featured_media":596011,"comment_status":"closed","ping_status":"closed","sticky":false,"template":"","format":"standard","meta":{"_acf_changed":false,"inline_featured_image":false,"footnotes":""},"categories":[6],"tags":[359,102288],"autor-wsj":[],"coauthors":[2494],"class_list":["post-595935","post","type-post","status-publish","format-standard","has-post-thumbnail","hentry","category-negocios","tag-anima-educacao","tag-reuters"],"acf":[],"amp_enabled":true,"_links":{"self":[{"href":"https:\/\/investnews.com.br\/inv-api\/wp\/v2\/posts\/595935","targetHints":{"allow":["GET"]}}],"collection":[{"href":"https:\/\/investnews.com.br\/inv-api\/wp\/v2\/posts"}],"about":[{"href":"https:\/\/investnews.com.br\/inv-api\/wp\/v2\/types\/post"}],"author":[{"embeddable":true,"href":"https:\/\/investnews.com.br\/inv-api\/wp\/v2\/users\/61"}],"replies":[{"embeddable":true,"href":"https:\/\/investnews.com.br\/inv-api\/wp\/v2\/comments?post=595935"}],"version-history":[{"count":3,"href":"https:\/\/investnews.com.br\/inv-api\/wp\/v2\/posts\/595935\/revisions"}],"predecessor-version":[{"id":596012,"href":"https:\/\/investnews.com.br\/inv-api\/wp\/v2\/posts\/595935\/revisions\/596012"}],"wp:featuredmedia":[{"embeddable":true,"href":"https:\/\/investnews.com.br\/inv-api\/wp\/v2\/media\/596011"}],"wp:attachment":[{"href":"https:\/\/investnews.com.br\/inv-api\/wp\/v2\/media?parent=595935"}],"wp:term":[{"taxonomy":"category","embeddable":true,"href":"https:\/\/investnews.com.br\/inv-api\/wp\/v2\/categories?post=595935"},{"taxonomy":"post_tag","embeddable":true,"href":"https:\/\/investnews.com.br\/inv-api\/wp\/v2\/tags?post=595935"},{"taxonomy":"autor-wsj","embeddable":true,"href":"https:\/\/investnews.com.br\/inv-api\/wp\/v2\/autor-wsj?post=595935"},{"taxonomy":"author","embeddable":true,"href":"https:\/\/investnews.com.br\/inv-api\/wp\/v2\/coauthors?post=595935"}],"curies":[{"name":"wp","href":"https:\/\/api.w.org\/{rel}","templated":true}]}}