{"id":596538,"date":"2024-07-01T08:52:28","date_gmt":"2024-07-01T11:52:28","guid":{"rendered":"https:\/\/investnews.com.br\/?p=596538"},"modified":"2024-07-01T18:48:56","modified_gmt":"2024-07-01T21:48:56","slug":"eve-da-embraer-capta-us-94-milhoes-em-aumento-de-capital","status":"publish","type":"post","link":"https:\/\/investnews.com.br\/negocios\/eve-da-embraer-capta-us-94-milhoes-em-aumento-de-capital\/","title":{"rendered":"Eve, da Embraer, encerra em queda de mais de 19% em NY ap\u00f3s an\u00fancio de aumento de capital"},"content":{"rendered":"\n<p>As a\u00e7\u00f5es da fabricante de aeronaves el\u00e9tricas Eve, controlada pela <a href=\"https:\/\/investnews.com.br\/tag\/embraer\/\">Embrae<\/a>r, encerraram o preg\u00e3o da Bolsa de Nova York em queda de 19%, negociadas US$ 3,28. Os pap\u00e9is chegaram a cair 22,2% nesta segunda-feira (01), a US$ 3,15, e atingiram a m\u00ednima hist\u00f3rica desde o <a href=\"https:\/\/investnews.com.br\/guias\/ipo-o-que-e-e-como-funciona\/\">IPO<\/a>, realizado em maio de 2022. <\/p>\n\n\n\n<p><strong>LEIA MAIS:<\/strong> <a href=\"https:\/\/investnews.com.br\/brasil-em-wall-street\/\">InvestNews lan\u00e7a s\u00e9rie exclusiva \u201cBrasil em Wall Street\u201d, com empresas listadas na NYSE<\/a><\/p>\n\n\n\n<p>A queda ocorreu ap\u00f3s a companhia ter anunciado mais cedo um aumento de capital junto a investidores que incluem a pr\u00f3pria fabricante de aeronaves e a japonesa Nidec. <\/p>\n\n\n\n<p>A empresa vendeu 23,5 milh\u00f5es de a\u00e7\u00f5es a US$ 4 cada e garantias, em uma coloca\u00e7\u00e3o privada para um grupo de empresas industriais globais que incluiu a Embraer, sua controladora, e a japonesa Nidec. Com a opera\u00e7\u00e3o, a Eve levantou US$ 94 milh\u00f5es. <\/p>\n\n\n\n<p>A empresa disse que a medida visa apoiar o desenvolvimento e a fabrica\u00e7\u00e3o de sua aeronave eVTOL, seu &#8220;t\u00e1xi voador&#8221;.<\/p>\n\n\n\n<p>A Nidec disse, em um comunicado separado, que seu investimento totalizar\u00e1 US$ 20 milh\u00f5es. <\/p>\n\n\n\n<p>O presidente-executivo da Eve, Johann Bordais, disse \u00e0 Reuters em junho que a empresa levantaria recursos em breve para financiar seu &#8220;t\u00e1xi voador&#8221; at\u00e9 sua certifica\u00e7\u00e3o, esperada para 2026.<\/p>\n\n\n\n<p>A Eve abriu capital em maio de 2022 ap\u00f3s uma fus\u00e3o com uma empresa de aquisi\u00e7\u00e3o de prop\u00f3sito espec\u00edfico (SPAC, na sigla em ingl\u00eas). Com o movimento desta segunda-feira, as a\u00e7\u00f5es da Eve caem 55% no ano.<\/p>\n","protected":false},"excerpt":{"rendered":"<p>Recursos ser\u00e3o utilizados para o desenvolvimento do eVTOL, popularmente chamado de &#8220;t\u00e1xi voador&#8221;<\/p>\n","protected":false},"author":61,"featured_media":305912,"comment_status":"closed","ping_status":"closed","sticky":false,"template":"","format":"standard","meta":{"_acf_changed":false,"inline_featured_image":false,"footnotes":""},"categories":[6],"tags":[101350,177,102288],"autor-wsj":[],"coauthors":[2494],"class_list":["post-596538","post","type-post","status-publish","format-standard","has-post-thumbnail","hentry","category-negocios","tag-eve","tag-embraer","tag-reuters"],"acf":[],"amp_enabled":true,"_links":{"self":[{"href":"https:\/\/investnews.com.br\/inv-api\/wp\/v2\/posts\/596538","targetHints":{"allow":["GET"]}}],"collection":[{"href":"https:\/\/investnews.com.br\/inv-api\/wp\/v2\/posts"}],"about":[{"href":"https:\/\/investnews.com.br\/inv-api\/wp\/v2\/types\/post"}],"author":[{"embeddable":true,"href":"https:\/\/investnews.com.br\/inv-api\/wp\/v2\/users\/61"}],"replies":[{"embeddable":true,"href":"https:\/\/investnews.com.br\/inv-api\/wp\/v2\/comments?post=596538"}],"version-history":[{"count":6,"href":"https:\/\/investnews.com.br\/inv-api\/wp\/v2\/posts\/596538\/revisions"}],"predecessor-version":[{"id":596709,"href":"https:\/\/investnews.com.br\/inv-api\/wp\/v2\/posts\/596538\/revisions\/596709"}],"wp:featuredmedia":[{"embeddable":true,"href":"https:\/\/investnews.com.br\/inv-api\/wp\/v2\/media\/305912"}],"wp:attachment":[{"href":"https:\/\/investnews.com.br\/inv-api\/wp\/v2\/media?parent=596538"}],"wp:term":[{"taxonomy":"category","embeddable":true,"href":"https:\/\/investnews.com.br\/inv-api\/wp\/v2\/categories?post=596538"},{"taxonomy":"post_tag","embeddable":true,"href":"https:\/\/investnews.com.br\/inv-api\/wp\/v2\/tags?post=596538"},{"taxonomy":"autor-wsj","embeddable":true,"href":"https:\/\/investnews.com.br\/inv-api\/wp\/v2\/autor-wsj?post=596538"},{"taxonomy":"author","embeddable":true,"href":"https:\/\/investnews.com.br\/inv-api\/wp\/v2\/coauthors?post=596538"}],"curies":[{"name":"wp","href":"https:\/\/api.w.org\/{rel}","templated":true}]}}