{"id":596581,"date":"2024-07-01T13:43:55","date_gmt":"2024-07-01T16:43:55","guid":{"rendered":"https:\/\/investnews.com.br\/?p=596581"},"modified":"2024-07-01T13:43:57","modified_gmt":"2024-07-01T16:43:57","slug":"lula-diz-que-novo-presidente-do-bc-olhara-brasil-como-pais-e-nao-como-o-mercado-fala","status":"publish","type":"post","link":"https:\/\/investnews.com.br\/economia\/lula-diz-que-novo-presidente-do-bc-olhara-brasil-como-pais-e-nao-como-o-mercado-fala\/","title":{"rendered":"Lula diz que novo presidente do BC olhar\u00e1 Brasil como pa\u00eds \u00e9, n\u00e3o como o mercado fala"},"content":{"rendered":"<p>O presidente Luiz In\u00e1cio Lula da Silva afirmou nesta segunda-feira (1) que quem quer o Banco Central aut\u00f4nomo \u00e9 o mercado, acrescentando que o pr\u00f3ximo presidente da autarquia olhar\u00e1 o Brasil da forma que o pa\u00eds realmente \u00e9, e n\u00e3o do jeito que o <a href=\"https:\/\/investnews.com.br\/guias\/como-funciona-o-mercado-financeiro\/\">mercado financeiro<\/a> fala.<\/p>\n<p>Depois de afirmar que o pa\u00eds n\u00e3o precisa de juros altos neste momento, Lula afirmou em entrevista \u00e0 r\u00e1dio Princesa, de Feira de Santana (BA), que n\u00e3o d\u00e1 para o presidente do BC &#8212; a quem se referiu como \u201ccidad\u00e3o\u201d &#8212; ser mais importante que o presidente da Rep\u00fablica.<\/p>\n<p>&#8220;Eu estou h\u00e1 dois anos com o presidente do Banco Central do (ex-presidente Jair) Bolsonaro, n\u00e3o \u00e9 correto isso&#8221;, afirmou, ponderando que a autonomia do BC foi aprovada pelo Congresso e ser\u00e1 respeitada.<\/p>\n<p><strong>LEIA MAIS: <a href=\"https:\/\/investnews.com.br\/economia\/bc-aumenta-estimativa-de-chance-de-estouro-da-meta-da-inflacao-em-2024\/\">BC aumenta estimativa de chance de estouro da meta da infla\u00e7\u00e3o em 2024<\/a><\/strong><\/p>\n<p>&#8220;Eu tenho que, com muita paci\u00eancia, esperar a hora de indicar o outro candidato, e ver se a gente consegue&#8230; ter um presidente do Banco Central que olhe o pa\u00eds do jeito que ele \u00e9, e n\u00e3o do jeito que o sistema financeiro fala&#8221;, acrescentou.<\/p>\n<p>O presidente afirmou que preza pela responsabilidade fiscal e que infla\u00e7\u00e3o baixa \u00e9 sua obsess\u00e3o, usando como exemplo a decis\u00e3o do governo de manter a meta para a evolu\u00e7\u00e3o dos pre\u00e7os em 3%.<\/p>\n<p>Ap\u00f3s criticar o fato de um governante vencer as elei\u00e7\u00f5es sem ter o poder de indicar o comando do Banco Central, Lula voltou a fazer reclama\u00e7\u00f5es sobre o n\u00edvel dos juros b\u00e1sicos no pa\u00eds.<\/p>\n<p>&#8220;O que voc\u00ea n\u00e3o pode \u00e9 ter um Banco Central que n\u00e3o est\u00e1 combinando adequadamente com aquilo que \u00e9 o desejo da na\u00e7\u00e3o. N\u00e3o precisamos ter pol\u00edtica de juro alto neste momento, a <a href=\"https:\/\/investnews.com.br\/guias\/taxa-selic\/\">taxa Selic<\/a> a 10,50% est\u00e1 exagerada&#8221;, disse.<\/p>\n<p>Lula tem criticado reiteradamente a atua\u00e7\u00e3o do Banco Central, tamb\u00e9m fazendo ataques ao atual presidente da autarquia, Roberto Campos Neto, que tem mandato at\u00e9 o fim deste ano.<\/p>\n<p>Na semana passada, Campos Neto disse que pronunciamentos feitos por Lula impactam negativamente pre\u00e7os de mercado e que o efeito desses movimentos pode dificultar a atua\u00e7\u00e3o da autoridade monet\u00e1ria.<\/p>\n<p>O presidente voltou a enfatizar que n\u00e3o haver\u00e1 mudan\u00e7a na pol\u00edtica de reajuste do <a href=\"https:\/\/investnews.com.br\/guias\/salario-minimo\/\">sal\u00e1rio m\u00ednimo<\/a> porque o governo n\u00e3o quer &#8220;prejudicar quem j\u00e1 \u00e9 prejudicado&#8221;.<\/p>\n<p>Lula afirmou que n\u00e3o \u00e9 correto fazer ajuste fiscal por meio de mudan\u00e7a no sal\u00e1rio m\u00ednimo e argumentou que o governo n\u00e3o gasta o que n\u00e3o tem e est\u00e1 fazendo pente fino contra fraudes em programas sociais.<\/p>\n<p>(Por Bernardo Caram, em Bras\u00edlia; Reportagem adicional de Eduardo Sim\u00f5es e Fernando Cardoso, em S\u00e3o Paulo)<\/p>\n","protected":false},"excerpt":{"rendered":"<p>O presidente afirmou que preza pela responsabilidade fiscal e que infla\u00e7\u00e3o baixa \u00e9 sua obsess\u00e3o<\/p>\n","protected":false},"author":61,"featured_media":585362,"comment_status":"closed","ping_status":"closed","sticky":false,"template":"","format":"standard","meta":{"_acf_changed":false,"inline_featured_image":false,"footnotes":""},"categories":[5],"tags":[56,52,2370,102468,102288],"autor-wsj":[],"coauthors":[2494],"class_list":["post-596581","post","type-post","status-publish","format-standard","has-post-thumbnail","hentry","category-economia","tag-banco-central","tag-inflacao","tag-luiz-inacio-lula-da-silva","tag-lula","tag-reuters"],"acf":[],"amp_enabled":true,"_links":{"self":[{"href":"https:\/\/investnews.com.br\/inv-api\/wp\/v2\/posts\/596581","targetHints":{"allow":["GET"]}}],"collection":[{"href":"https:\/\/investnews.com.br\/inv-api\/wp\/v2\/posts"}],"about":[{"href":"https:\/\/investnews.com.br\/inv-api\/wp\/v2\/types\/post"}],"author":[{"embeddable":true,"href":"https:\/\/investnews.com.br\/inv-api\/wp\/v2\/users\/61"}],"replies":[{"embeddable":true,"href":"https:\/\/investnews.com.br\/inv-api\/wp\/v2\/comments?post=596581"}],"version-history":[{"count":2,"href":"https:\/\/investnews.com.br\/inv-api\/wp\/v2\/posts\/596581\/revisions"}],"predecessor-version":[{"id":596608,"href":"https:\/\/investnews.com.br\/inv-api\/wp\/v2\/posts\/596581\/revisions\/596608"}],"wp:featuredmedia":[{"embeddable":true,"href":"https:\/\/investnews.com.br\/inv-api\/wp\/v2\/media\/585362"}],"wp:attachment":[{"href":"https:\/\/investnews.com.br\/inv-api\/wp\/v2\/media?parent=596581"}],"wp:term":[{"taxonomy":"category","embeddable":true,"href":"https:\/\/investnews.com.br\/inv-api\/wp\/v2\/categories?post=596581"},{"taxonomy":"post_tag","embeddable":true,"href":"https:\/\/investnews.com.br\/inv-api\/wp\/v2\/tags?post=596581"},{"taxonomy":"autor-wsj","embeddable":true,"href":"https:\/\/investnews.com.br\/inv-api\/wp\/v2\/autor-wsj?post=596581"},{"taxonomy":"author","embeddable":true,"href":"https:\/\/investnews.com.br\/inv-api\/wp\/v2\/coauthors?post=596581"}],"curies":[{"name":"wp","href":"https:\/\/api.w.org\/{rel}","templated":true}]}}