{"id":596909,"date":"2024-07-02T14:29:12","date_gmt":"2024-07-02T17:29:12","guid":{"rendered":"https:\/\/investnews.com.br\/?p=596909"},"modified":"2025-10-23T09:43:23","modified_gmt":"2025-10-23T12:43:23","slug":"haddad-nega-mudanca-em-iof-sobre-cambio","status":"publish","type":"post","link":"https:\/\/investnews.com.br\/economia\/haddad-nega-mudanca-em-iof-sobre-cambio\/","title":{"rendered":"Haddad nega mudan\u00e7a em IOF sobre c\u00e2mbio"},"content":{"rendered":"<p>O ministro da Fazenda, Fernando Haddad, disse nesta ter\u00e7a-feira (2) que n\u00e3o h\u00e1 possibilidade de o governo mexer no imposto sobre opera\u00e7\u00f5es financeiras (<a href=\"https:\/\/investnews.com.br\/guias\/iof\/\">IOF<\/a>) em opera\u00e7\u00f5es de c\u00e2mbio, e afirmou que a melhor maneira de conter a desvaloriza\u00e7\u00e3o do real ante o d\u00f3lar \u00e9 melhorar a comunica\u00e7\u00e3o sobre o arcabou\u00e7o fiscal e a autonomia do Banco Central.<\/p>\n<p>&#8220;N\u00e3o, n\u00e3o h\u00e1&#8221;, respondeu Haddad ao ser questionado por jornalistas em Bras\u00edlia sobre eventual possibilidade de o governo tomar medidas para alterar a atual regra de incid\u00eancia do IOF sobre o c\u00e2mbio para contar a alta da moeda norte-americana.<\/p>\n<blockquote><p>&#8220;Eu acredito que o melhor a fazer \u00e9 acertar a comunica\u00e7\u00e3o, tanto em rela\u00e7\u00e3o \u00e0 autonomia do Banco Central quanto em rela\u00e7\u00e3o ao arcabou\u00e7o fiscal. N\u00e3o vejo nada fora disso. Autonomia do Banco Central e rigidez do arcabou\u00e7o fiscal, \u00e9 isso que vai tranquilizar as pessoas&#8221;, afirmou.<\/p><\/blockquote>\n<p>As falas de Haddad acontecem ap\u00f3s <strong><a href=\"https:\/\/investnews.com.br\/economia\/alta-do-dolar-temos-que-fazer-alguma-coisa-mas-nao-posso-falar-para-nao-alertar-meus-adversarios-diz-lula\/\">declara\u00e7\u00f5es do presidente Luiz In\u00e1cio Lula da Silva<\/a> <\/strong>mais cedo em entrevista \u00e0 r\u00e1dio Sociedade, de Salvador, nas quais Lula disse que far\u00e1 &#8220;alguma coisa&#8221; para conter a alta do d\u00f3lar, mas que n\u00e3o adiantaria qual medida seria tomada para n\u00e3o &#8220;alertar meus advers\u00e1rios&#8221;.<\/p>\n<p>Na entrevista, Lula afirmou tamb\u00e9m que teria reuni\u00f5es para tratar do assunto quando retornasse \u00e0 Bras\u00edlia na quarta-feira (3). Haddad, por sua vez, disse que a pauta do encontro que ter\u00e1 com Lula ser\u00e1 &#8220;exclusivamente uma agenda fiscal&#8221;.<\/p>\n<p>&#8220;A nossa agenda com o presidente amanh\u00e3 (quarta) \u00e9 exclusivamente uma agenda fiscal. N\u00e3o sei de onde saiu esse rumor (de mudan\u00e7as no IOF sobre c\u00e2mbio), mas aqui na Fazenda estamos trabalhando em uma agenda eminentemente fiscal com o presidente&#8221;, assegurou o titular da Fazenda.<\/p>\n<p>Nas v\u00e1rias entrevistas a emissoras de r\u00e1dio de todo o pa\u00eds que tem concedido frequentemente, Lula quase sempre ataca o presidente do Banco Central, Roberto Campos Neto, a quem acusa de ter &#8220;vi\u00e9s pol\u00edtico&#8221;, e tamb\u00e9m reclama do fato de ter de esperar o fim do mandato de Campos Neto para indicar um presidente para o BC.<\/p>\n<p><strong>LEIA MAIS: <a href=\"https:\/\/investnews.com.br\/economia\/o-que-fazer-para-baixar-o-dolar\/\">O que fazer para baixar o d\u00f3lar?<\/a><\/strong><\/p>\n<p>Na entrevista desta ter\u00e7a, Lula tamb\u00e9m disse que a alta recente do d\u00f3lar ante o real &#8220;n\u00e3o \u00e9 normal&#8221; e afirmou que o que est\u00e1 acontecendo \u00e9 um ataque especulativo \u00e0 moeda brasileira, admitindo que a desvaloriza\u00e7\u00e3o da divisa nacional o preocupa.<\/p>\n<p>Na segunda-feira, o d\u00f3lar \u00e0 vista fechou cotado a 5,6538 reais na venda, em alta de 1,13%, no maior pre\u00e7o de fechamento desde 10 de janeiro de 2022.<\/p>\n<p>Nesta ter\u00e7a, por volta de 12h20, a divida norte-americana era negociada na casa dos 5,67 reais para a venda.<\/p>\n<h2>Campos Neto defende BC fora da \u201carena pol\u00edtica\u201d<\/h2>\n<p>O Banco Central tem que ficar fora da \u201carena pol\u00edtica\u201d, afirmou besta ter\u00e7a o presidente da autarquia, Roberto Campos Neto, argumentando que o tempo mostrar\u00e1 que o trabalho da autoridade monet\u00e1ria \u00e9 t\u00e9cnico.<\/p>\n<p>Falando em f\u00f3rum promovido pelo Banco Central Europeu (ECB) em Sintra, Portugal, Campos Neto afirmou que se observa nas \u00faltimas semanas um pr\u00eamio de risco elevado no Brasil, com incertezas relacionadas ao que acontecer\u00e1 quando a autoridade monet\u00e1ria tiver um novo comando.<\/p>\n<p>&#8220;Como Banco Central, temos que ficar fora da arena pol\u00edtica e tentar seguir com o trabalho t\u00e9cnico. E acho que o que fizemos&#8230; acho que \u00e9 uma prova viva de que tudo que foi feito foi t\u00e9cnico&#8221;, afirmou.<\/p>\n<p>&#8220;H\u00e1 um pr\u00eamio de risco na curva (de juros), e ele tem sido elevado nas \u00faltimas semanas com a incerteza sobre o que acontecer\u00e1 quando a pr\u00f3xima lideran\u00e7a, o pr\u00f3ximo time (do BC) assumir.&#8221;<\/p>\n<p>O presidente da autarquia ponderou que a \u00faltima decis\u00e3o do Comit\u00ea de Pol\u00edtica Monet\u00e1ria (<a href=\"https:\/\/investnews.com.br\/guias\/copom-taxa-selic\/\">Copom<\/a>), de manter a taxa b\u00e1sica Selic em 10,50% ao ano, foi un\u00e2nime, com apoio de quatro indicados pelo atual governo, entendendo o que seria melhor para o pa\u00eds.<\/p>\n<p>Para ele, cujo mandato no comando do BC se encerra em dezembro, o pr\u00eamio de risco relacionado ao tema tende a cair com o tempo.<\/p>\n<p>O Banco Central, e principalmente Campos Neto, t\u00eam sido alvo de reiteradas cr\u00edticas do presidente Luiz In\u00e1cio Lula da Silva, o que tem gerado <a href=\"https:\/\/investnews.com.br\/guias\/volatilidade-o-que-e\/\">volatilidade<\/a> no mercado brasileiro.<\/p>\n<p>O presidente do BC disse em sua apresenta\u00e7\u00e3o em Portugal que a precifica\u00e7\u00e3o do mercado mostra que o principal risco hoje est\u00e1 relacionado \u00e0s contas p\u00fablicas no pa\u00eds.<\/p>\n<p>Ele ponderou que essa avalia\u00e7\u00e3o do mercado n\u00e3o est\u00e1 sincronizada com a realidade e que as expectativas de infla\u00e7\u00e3o est\u00e3o desconectadas dos fundamentos da economia.<\/p>\n<p>As declara\u00e7\u00f5es de Campos Neto foram feitas ao lado da presidente do Banco Central Europeu, Christine Lagarde, e do presidente do banco central dos Estados Unidos, Jerome Powell, que tamb\u00e9m participaram do painel.<\/p>\n<p>(Por Eduardo Sim\u00f5es, em S\u00e3o PauloEdi\u00e7\u00e3o de Pedro Fonseca)<\/p>\n","protected":false},"excerpt":{"rendered":"<p>Ministro da economia tamb\u00e9m afirmou que a melhor maneira de conter a desvaloriza\u00e7\u00e3o do real ante o d\u00f3lar \u00e9 melhorar a comunica\u00e7\u00e3o sobre o arcabou\u00e7o fiscal e a autonomia do BC<\/p>\n","protected":false},"author":61,"featured_media":597109,"comment_status":"closed","ping_status":"closed","sticky":false,"template":"","format":"standard","meta":{"_acf_changed":false,"inline_featured_image":false,"footnotes":""},"categories":[5],"tags":[26,101620,102288],"autor-wsj":[],"coauthors":[2494],"class_list":["post-596909","post","type-post","status-publish","format-standard","has-post-thumbnail","hentry","category-economia","tag-dolar","tag-fernando-haddad","tag-reuters"],"acf":[],"amp_enabled":true,"_links":{"self":[{"href":"https:\/\/investnews.com.br\/inv-api\/wp\/v2\/posts\/596909","targetHints":{"allow":["GET"]}}],"collection":[{"href":"https:\/\/investnews.com.br\/inv-api\/wp\/v2\/posts"}],"about":[{"href":"https:\/\/investnews.com.br\/inv-api\/wp\/v2\/types\/post"}],"author":[{"embeddable":true,"href":"https:\/\/investnews.com.br\/inv-api\/wp\/v2\/users\/61"}],"replies":[{"embeddable":true,"href":"https:\/\/investnews.com.br\/inv-api\/wp\/v2\/comments?post=596909"}],"version-history":[{"count":5,"href":"https:\/\/investnews.com.br\/inv-api\/wp\/v2\/posts\/596909\/revisions"}],"predecessor-version":[{"id":597111,"href":"https:\/\/investnews.com.br\/inv-api\/wp\/v2\/posts\/596909\/revisions\/597111"}],"wp:featuredmedia":[{"embeddable":true,"href":"https:\/\/investnews.com.br\/inv-api\/wp\/v2\/media\/597109"}],"wp:attachment":[{"href":"https:\/\/investnews.com.br\/inv-api\/wp\/v2\/media?parent=596909"}],"wp:term":[{"taxonomy":"category","embeddable":true,"href":"https:\/\/investnews.com.br\/inv-api\/wp\/v2\/categories?post=596909"},{"taxonomy":"post_tag","embeddable":true,"href":"https:\/\/investnews.com.br\/inv-api\/wp\/v2\/tags?post=596909"},{"taxonomy":"autor-wsj","embeddable":true,"href":"https:\/\/investnews.com.br\/inv-api\/wp\/v2\/autor-wsj?post=596909"},{"taxonomy":"author","embeddable":true,"href":"https:\/\/investnews.com.br\/inv-api\/wp\/v2\/coauthors?post=596909"}],"curies":[{"name":"wp","href":"https:\/\/api.w.org\/{rel}","templated":true}]}}