{"id":597760,"date":"2024-07-04T08:46:56","date_gmt":"2024-07-04T11:46:56","guid":{"rendered":"https:\/\/investnews.com.br\/?p=597760"},"modified":"2024-07-04T18:42:42","modified_gmt":"2024-07-04T21:42:42","slug":"venda-de-carros-eletricos-no-brasil-salta-146-no-1o-semestre","status":"publish","type":"post","link":"https:\/\/investnews.com.br\/economia\/venda-de-carros-eletricos-no-brasil-salta-146-no-1o-semestre\/","title":{"rendered":"Com &#8216;efeito BYD&#8217;, venda de carros el\u00e9tricos no Brasil salta 146% no 1\u00ba semestre"},"content":{"rendered":"<p>Quase 80 mil ve\u00edculos el\u00e9tricos leves foram vendidos\/emplacados no primeiro semestre deste ano, um salto de 146% na compara\u00e7\u00e3o com o mesmo per\u00edodo no ano passado, informou nesta quarta-feira (3) a Associa\u00e7\u00e3o Brasileira do Ve\u00edculo El\u00e9trico (ABVE).<\/p>\n<p>Apenas em junho, foram 14.396 emplacamentos, o terceiro melhor m\u00eas da s\u00e9rie hist\u00f3rica, uma alta de 131% em rela\u00e7\u00e3o a junho de 2023. Com isso, o segmento encerrou o primeiro semestre com 79.304 ve\u00edculos leves eletrificados vendidos no Brasil.<\/p>\n<p><strong>A estimativa \u00e9 que estejam circulando no pa\u00eds cerca de 300 mil carros el\u00e9tricos leves, de acordo com a associa\u00e7\u00e3o.<\/strong><\/p>\n<p>&#8220;Os n\u00fameros de junho e do primeiro semestre confirmam o excelente momento da eletromobilidade no Brasil, mas temos de ficar atentos aos perigos de retrocesso na rota de descarboniza\u00e7\u00e3o e efici\u00eancia energ\u00e9tica da matriz brasileira de transporte&#8221;, disse o presidente da ABVE, Ricardo Bastos.<\/p>\n<p>A expectativa da ABVE \u00e9 que 2024 termine com um novo recorde de mais de 150 mil ve\u00edculos eletrificados vendidos no ano, ante 93.927 em 2023.<\/p>\n<p><strong>Os eletrificados incluem todas as tecnologias: BEV 100% el\u00e9tricos, PHEV h\u00edbridos el\u00e9tricos plug-in, HEV flex e a gasolina (n\u00e3o plug-in) e os micro-h\u00edbridos MHEV, com baixo grau de eletrifica\u00e7\u00e3o.<\/strong><\/p>\n<p><strong>LEIA MAIS: <a href=\"https:\/\/investnews.com.br\/economia\/o-que-e-preciso-saber-sobre-os-carros-hibridos\/\">O que \u00e9 preciso saber sobre os carros h\u00edbridos<\/a><\/strong><\/p>\n<p>Na semana passada, a ind\u00fastria tradicional de autom\u00f3veis formalizou um pedido para que o governo adotasse uma al\u00edquota de 35% para el\u00e9tricos importados, devido \u00e0 entrada em massa desse tipo de carro no mercado nacional.<\/p>\n<p>&#8220;Temos ouvido not\u00edcias preocupantes sobre a antecipa\u00e7\u00e3o da al\u00edquota de 35% do Imposto de Importa\u00e7\u00e3o de ve\u00edculos el\u00e9tricos, que estava prevista pelo governo federal somente para julho de 2026. Entendemos que, a se confirmar, essa antecipa\u00e7\u00e3o configuraria uma lament\u00e1vel quebra das regras estabelecidas h\u00e1 apenas seis meses pelo pr\u00f3prio governo&#8221;, finalizou Bastos.<\/p>\n<p><strong>LEIA MAIS: <a href=\"https:\/\/investnews.com.br\/tecnologia\/carro-eletrico-a-bateria-destroi-mesmo-o-valor-de-revenda\/\">Carro el\u00e9trico: a vida \u00fatil da bateria corr\u00f3i mesmo o valor de revenda?<\/a><\/strong><\/p>\n<div class=\"excerpt\"><\/div>\n","protected":false},"excerpt":{"rendered":"<p>A estimativa \u00e9 que estejam circulando no pa\u00eds cerca de 300 mil VE leves, de acordo com a Associa\u00e7\u00e3o Brasileira do Ve\u00edculo El\u00e9trico (ABVE)<\/p>\n","protected":false},"author":61,"featured_media":573907,"comment_status":"closed","ping_status":"closed","sticky":false,"template":"","format":"standard","meta":{"_acf_changed":false,"inline_featured_image":false,"footnotes":""},"categories":[5],"tags":[102288],"autor-wsj":[],"coauthors":[2494],"class_list":["post-597760","post","type-post","status-publish","format-standard","has-post-thumbnail","hentry","category-economia","tag-reuters"],"acf":[],"amp_enabled":true,"_links":{"self":[{"href":"https:\/\/investnews.com.br\/inv-api\/wp\/v2\/posts\/597760","targetHints":{"allow":["GET"]}}],"collection":[{"href":"https:\/\/investnews.com.br\/inv-api\/wp\/v2\/posts"}],"about":[{"href":"https:\/\/investnews.com.br\/inv-api\/wp\/v2\/types\/post"}],"author":[{"embeddable":true,"href":"https:\/\/investnews.com.br\/inv-api\/wp\/v2\/users\/61"}],"replies":[{"embeddable":true,"href":"https:\/\/investnews.com.br\/inv-api\/wp\/v2\/comments?post=597760"}],"version-history":[{"count":6,"href":"https:\/\/investnews.com.br\/inv-api\/wp\/v2\/posts\/597760\/revisions"}],"predecessor-version":[{"id":598201,"href":"https:\/\/investnews.com.br\/inv-api\/wp\/v2\/posts\/597760\/revisions\/598201"}],"wp:featuredmedia":[{"embeddable":true,"href":"https:\/\/investnews.com.br\/inv-api\/wp\/v2\/media\/573907"}],"wp:attachment":[{"href":"https:\/\/investnews.com.br\/inv-api\/wp\/v2\/media?parent=597760"}],"wp:term":[{"taxonomy":"category","embeddable":true,"href":"https:\/\/investnews.com.br\/inv-api\/wp\/v2\/categories?post=597760"},{"taxonomy":"post_tag","embeddable":true,"href":"https:\/\/investnews.com.br\/inv-api\/wp\/v2\/tags?post=597760"},{"taxonomy":"autor-wsj","embeddable":true,"href":"https:\/\/investnews.com.br\/inv-api\/wp\/v2\/autor-wsj?post=597760"},{"taxonomy":"author","embeddable":true,"href":"https:\/\/investnews.com.br\/inv-api\/wp\/v2\/coauthors?post=597760"}],"curies":[{"name":"wp","href":"https:\/\/api.w.org\/{rel}","templated":true}]}}