{"id":598512,"date":"2024-07-06T16:49:59","date_gmt":"2024-07-06T19:49:59","guid":{"rendered":"https:\/\/investnews.com.br\/?p=598512"},"modified":"2024-07-06T16:50:01","modified_gmt":"2024-07-06T19:50:01","slug":"fabricantes-de-carros-eletricos-da-china-demonstram-insatisfacao-com-tarifas-da-ue","status":"publish","type":"post","link":"https:\/\/investnews.com.br\/economia\/fabricantes-de-carros-eletricos-da-china-demonstram-insatisfacao-com-tarifas-da-ue\/","title":{"rendered":"Fabricantes de carros el\u00e9tricos da China demonstram insatisfa\u00e7\u00e3o com tarifas da UE"},"content":{"rendered":"\n<p>A Associa\u00e7\u00e3o Chinesa de Fabricantes de Autom\u00f3veis est\u00e1 \u201cfortemente insatisfeita\u201d <a href=\"https:\/\/investnews.com.br\/economia\/uniao-europeia-impoe-tarifas-provisorias-a-veiculos-eletricos-da-china\/\">com tarifas antisubs\u00eddio propostas pela Uni\u00e3o Europeia<\/a>, disse o grupo industrial em um comunicado neste s\u00e1bado.<\/p>\n\n\n\n<p>As fabricantes haviam cooperado com a investiga\u00e7\u00e3o da Comiss\u00e3o Europeia aos subs\u00eddios chineses, mas ela ignorou os fatos e selecionou previamente os resultados, afirmou a associa\u00e7\u00e3o em uma publica\u00e7\u00e3o no aplicativo de mensagens chin\u00eas WeChat.<\/p>\n\n\n\n<p><strong>LEIA TAMB\u00c9M:<\/strong> <a href=\"https:\/\/investnews.com.br\/economia\/venda-de-carros-eletricos-no-brasil-salta-146-no-1o-semestre\/\">Com \u2018efeito BYD\u2019, venda de carros el\u00e9tricos no Brasil salta 146% no 1\u00ba semestre<\/a><\/p>\n\n\n\n<p>A UE imp\u00f4s tarifas de at\u00e9 37,5% sobre importa\u00e7\u00f5es de ve\u00edculos el\u00e9tricos feitos na China a partir de sexta-feira, com uma janela de quatro meses durante a qual as tarifas s\u00e3o provis\u00f3rias, com negocia\u00e7\u00f5es intensas esperadas entre os dois lados.<\/p>\n\n\n\n<p>\u201cA (associa\u00e7\u00e3o) lamenta profundamente e o considera inaceit\u00e1vel\u201d, disse.<\/p>\n\n\n\n<p>Os impostos provis\u00f3rios entre 17,4% e 37,6%, sem retroatividade, foram projetados para impedir o que a presidente da Comiss\u00e3o Europeia, Urusula von der Leyen, disse ser a amea\u00e7a de uma enxurrada de ve\u00edculos el\u00e9tricos chineses constru\u00eddos com subs\u00eddios estatais.<\/p>\n\n\n\n<p>(Reportagem de David Kirton e reda\u00e7\u00e3o de Xangai)&nbsp;<\/p>\n","protected":false},"excerpt":{"rendered":"<p>UE imp\u00f4s tarifas de at\u00e9 37,5% sobre importa\u00e7\u00f5es de ve\u00edculos el\u00e9tricos feitos na China<\/p>\n","protected":false},"author":61,"featured_media":559772,"comment_status":"closed","ping_status":"closed","sticky":false,"template":"","format":"standard","meta":{"_acf_changed":false,"inline_featured_image":false,"footnotes":""},"categories":[5],"tags":[802,297,244,102288,504,1032],"autor-wsj":[],"coauthors":[2494],"class_list":["post-598512","post","type-post","status-publish","format-standard","has-post-thumbnail","hentry","category-economia","tag-automoveis","tag-carros","tag-china","tag-reuters","tag-uniao-europeia","tag-veiculos"],"acf":[],"amp_enabled":true,"_links":{"self":[{"href":"https:\/\/investnews.com.br\/inv-api\/wp\/v2\/posts\/598512","targetHints":{"allow":["GET"]}}],"collection":[{"href":"https:\/\/investnews.com.br\/inv-api\/wp\/v2\/posts"}],"about":[{"href":"https:\/\/investnews.com.br\/inv-api\/wp\/v2\/types\/post"}],"author":[{"embeddable":true,"href":"https:\/\/investnews.com.br\/inv-api\/wp\/v2\/users\/61"}],"replies":[{"embeddable":true,"href":"https:\/\/investnews.com.br\/inv-api\/wp\/v2\/comments?post=598512"}],"version-history":[{"count":2,"href":"https:\/\/investnews.com.br\/inv-api\/wp\/v2\/posts\/598512\/revisions"}],"predecessor-version":[{"id":598516,"href":"https:\/\/investnews.com.br\/inv-api\/wp\/v2\/posts\/598512\/revisions\/598516"}],"wp:featuredmedia":[{"embeddable":true,"href":"https:\/\/investnews.com.br\/inv-api\/wp\/v2\/media\/559772"}],"wp:attachment":[{"href":"https:\/\/investnews.com.br\/inv-api\/wp\/v2\/media?parent=598512"}],"wp:term":[{"taxonomy":"category","embeddable":true,"href":"https:\/\/investnews.com.br\/inv-api\/wp\/v2\/categories?post=598512"},{"taxonomy":"post_tag","embeddable":true,"href":"https:\/\/investnews.com.br\/inv-api\/wp\/v2\/tags?post=598512"},{"taxonomy":"autor-wsj","embeddable":true,"href":"https:\/\/investnews.com.br\/inv-api\/wp\/v2\/autor-wsj?post=598512"},{"taxonomy":"author","embeddable":true,"href":"https:\/\/investnews.com.br\/inv-api\/wp\/v2\/coauthors?post=598512"}],"curies":[{"name":"wp","href":"https:\/\/api.w.org\/{rel}","templated":true}]}}