{"id":598540,"date":"2024-07-07T13:35:33","date_gmt":"2024-07-07T16:35:33","guid":{"rendered":"https:\/\/investnews.com.br\/?p=598540"},"modified":"2025-08-08T16:09:39","modified_gmt":"2025-08-08T19:09:39","slug":"extrema-direita-caminha-para-levar-maior-bancada-na-franca","status":"publish","type":"post","link":"https:\/\/investnews.com.br\/economia\/extrema-direita-caminha-para-levar-maior-bancada-na-franca\/","title":{"rendered":"Esquerda surpreende extrema direita e deve sair vencedora das elei\u00e7\u00f5es legislativas na Fran\u00e7a"},"content":{"rendered":"<p><em>[Texto atualizado \u00e0s 16h15, ap\u00f3s a divulga\u00e7\u00e3o das primeiras proje\u00e7\u00f5es p\u00f3s-vota\u00e7\u00e3o]<\/em><\/p><p>Uma coaliz\u00e3o de esquerda est\u00e1 a caminho de ganhar a maioria das cadeiras nas elei\u00e7\u00f5es legislativas da <a href=\"https:\/\/investnews.com.br\/tag\/franca\/\">Fran\u00e7a<\/a>, em um golpe surpreendente para a l\u00edder de extrema direita Marine Le Pen, que esperava formar o pr\u00f3ximo governo. <\/p><p>As pesquisas de antes da vota\u00e7\u00e3o deste domingo (7) indicavam vit\u00f3ria para o grupo de Le Pen, mas as primeiras proje\u00e7\u00f5es p\u00f3s-urna indicam que a coaliz\u00e3o de esquerda conseguiu virar o jogo. Os resultados oficiais ser\u00e3o divulgados nas pr\u00f3ximas horas.<\/p><p>A Nova Frente Popular, que inclui os socialistas e a extrema-esquerda Fran\u00e7a Insubmissa, est\u00e1 pronta para obter entre 170 e 215 assentos na Assembleia Nacional, de acordo com proje\u00e7\u00f5es iniciais. Isso ainda est\u00e1 muito aqu\u00e9m dos 289 necess\u00e1rios para uma maioria absoluta na c\u00e2mara baixa de 577 assentos.<\/p><p>A Reuni\u00e3o Nacional (RN), de Le Pen, que as pesquisas de opini\u00e3o mostraram que ganharia a maioria dos assentos na semana passada, deve ficar em terceiro lugar, obtendo entre 110 e 158 assentos, enquanto a alian\u00e7a centrista do presidente Emmanuel Macron deve ficar em segundo lugar, com 150 a 182.<\/p><p>Uma vit\u00f3ria da Nova Frente Popular provavelmente alarmar\u00e1 investidores preocupados com o estado das finan\u00e7as p\u00fablicas da Fran\u00e7a. O grupo prometeu um grande aumento nos gastos p\u00fablicos, um aumento no <a href=\"https:\/\/investnews.com.br\/guias\/salario-minimo\/\">sal\u00e1rio m\u00ednimo<\/a> e um corte na idade de aposentadoria, medidas que provocariam um grande choque com a Uni\u00e3o Europeia.\u00a0<\/p><p>\u201cO NFP implementar\u00e1 seu programa\u201d, disse Jean-Luc Melenchon, l\u00edder da Fran\u00e7a Insubmissa aos apoiadores no domingo. \u201cNada al\u00e9m de seu programa, todo seu programa.\u201d<\/p><p>Mesmo que o grupo n\u00e3o tenha votos para governar sozinho, \u00e9 prov\u00e1vel que exija novos compromissos de gastos de Macron para formar uma nova administra\u00e7\u00e3o.\u00a0<\/p><h2 class=\"wp-block-heading\">Jogo de for\u00e7as<\/h2><p>Como n\u00e3o se espera que nenhum partido obtenha mais de 50% dos assentos no parlamento, Macron ter\u00e1 que nomear um primeiro-ministro para liderar um governo minorit\u00e1rio. Esse posto geralmente vai para o grupo que ganha mais assentos, mas o resultado indeciso pode levar a um per\u00edodo de constru\u00e7\u00e3o de coaliz\u00e3o entre os partidos.<\/p><p>As proje\u00e7\u00f5es oferecem alguma justificativa para o apelo de <a href=\"https:\/\/investnews.com.br\/economia\/milhares-vao-as-ruas-na-franca-em-protesto-contra-avanco-da-extrema-direita\/\">Macron para dissolver o parlamento <\/a>ap\u00f3s uma derrota esmagadora para o partido de Le Pen no m\u00eas passado. Ele foi amplamente criticado pela decis\u00e3o depois que seu partido terminou em um distante terceiro lugar no primeiro turno da vota\u00e7\u00e3o na semana passada, em que Le Pen tomou a iniciativa.\u00a0<\/p><p>Macron sugeriu anteriormente que partidos de grupos pol\u00edticos opostos poderiam governar juntos para bloquear os \u201cextremos\u201d, abrindo a porta para uma coaliz\u00e3o centrista minorit\u00e1ria.<\/p><p>De acordo com uma proje\u00e7\u00e3o da <em>Toluna Harris Interactive<\/em>, que dividiu as estimativas por partido, o grupo de Macron, juntamente com a ala mais moderada da Nova Frente Popular, poderia, no papel, atingir 306 assentos, uma confort\u00e1vel maioria absoluta.\u00a0<\/p><p>A quest\u00e3o \u00e9 se essas partes estariam dispostas a trabalhar juntas. M\u00e9lenchon disse que se recusaria a entrar em qualquer acordo com Macron.\u00a0<\/p><figure class=\"wp-block-image size-large\"><img loading=\"lazy\" decoding=\"async\" width=\"1024\" height=\"683\" src=\"https:\/\/media.investnews.com.br\/uploads\/2024\/07\/413622398-1024x683.jpg\" alt=\"Pessoas em um local de vota\u00e7\u00e3o\/registro. Uma pessoa se aproxima de mesas com atendentes e placas de letras. Cen\u00e1rio interno e claro.\" class=\"wp-image-598579\" srcset=\"https:\/\/media.investnews.com.br\/uploads\/2024\/07\/413622398-1024x683.jpg 1024w, https:\/\/media.investnews.com.br\/uploads\/2024\/07\/413622398-300x200.jpg 300w, https:\/\/media.investnews.com.br\/uploads\/2024\/07\/413622398-768x512.jpg 768w, https:\/\/media.investnews.com.br\/uploads\/2024\/07\/413622398-1536x1025.jpg 1536w, https:\/\/media.investnews.com.br\/uploads\/2024\/07\/413622398-2048x1366.jpg 2048w, https:\/\/media.investnews.com.br\/uploads\/2024\/07\/413622398-1256x838.jpg 1256w, https:\/\/media.investnews.com.br\/uploads\/2024\/07\/413622398-172x115.jpg 172w, https:\/\/media.investnews.com.br\/uploads\/2024\/07\/413622398-150x100.jpg 150w\" sizes=\"auto, (max-width: 1024px) 100vw, 1024px\" \/><figcaption class=\"wp-element-caption\">Sala de vota\u00e7\u00e3o para o segundo turno das elei\u00e7\u00f5es legislativas na Fran\u00e7a (Lys Arango\/Bloomberg)<\/figcaption><\/figure><p>A semana passada viu esfor\u00e7os fren\u00e9ticos para ativar a chamada Frente Republicana \u2014 um arranjo no qual os partidos tradicionais retiram estrategicamente candidatos de certas disputas para refor\u00e7ar os votos anti-Reuni\u00e3o Nacional. O partido de Macron retirou 76 candidatos de disputas de segundo turno onde eles tinham pouca chance de vencer, a fim de evitar dividir o voto anti-Le Pen. A Nova Frente Popular retirou 130.\u00a0<\/p><p>A Fran\u00e7a n\u00e3o pode se dar ao luxo de um aumento acentuado nos gastos para apaziguar eleitores insatisfeitos, j\u00e1 que o governo j\u00e1 est\u00e1 lutando para conter o d\u00e9ficit or\u00e7ament\u00e1rio. No m\u00eas passado, a Comiss\u00e3o Europeia colocou o pa\u00eds em um procedimento especial por violar as regras de d\u00e9ficit que podem dificultar a limita\u00e7\u00e3o de esfor\u00e7os para implementar quaisquer planos de gastos ambiciosos, ao mesmo tempo em que adere \u00e0s regras da UE.<\/p><p>Macron dissolveu a c\u00e2mara baixa h\u00e1 quase quatro semanas e convocou uma vota\u00e7\u00e3o antecipada depois que seu grupo foi derrotado nas elei\u00e7\u00f5es europeias.<\/p><h2 class=\"wp-block-heading\">Mercados<\/h2><p>O \u00edndice CAC 40 da Fran\u00e7a teve o pior desempenho entre os principais \u00edndices de a\u00e7\u00f5es europeus desde que Macron convocou elei\u00e7\u00f5es antecipadas no m\u00eas passado, enquanto no pico da liquida\u00e7\u00e3o, uma m\u00e9trica de risco do mercado de t\u00edtulos atingiu seu n\u00edvel mais alto desde a crise da d\u00edvida soberana.<\/p><p>As a\u00e7\u00f5es subiram na semana passada depois que a vota\u00e7\u00e3o do primeiro turno aliviou as preocupa\u00e7\u00f5es sobre um governo de extrema direita, e o estresse geral do mercado diminuiu.<\/p><p>Ainda assim, o CAC 40 permanece aproximadamente 4% abaixo dos n\u00edveis vistos antes da convoca\u00e7\u00e3o para elei\u00e7\u00e3o antecipada de 9 de junho. <\/p><p>O pr\u00eamio que os investidores exigem para manter t\u00edtulos do governo franc\u00eas sobre os alem\u00e3es est\u00e1 em menos de 70 pontos-base, abaixo do pico de 86 pontos-base ap\u00f3s a convoca\u00e7\u00e3o para elei\u00e7\u00e3o, mas bem acima do n\u00edvel de 50 pontos-base do in\u00edcio de junho.<\/p><p><em>\u00a9 2024 Bloomberg LP<\/em><\/p>\n","protected":false},"excerpt":{"rendered":"<p>Proje\u00e7\u00f5es apontam para vit\u00f3ria do bloco formado pelos grupos Nova Frente Popular e Fran\u00e7a Insubmissa<\/p>\n","protected":false},"author":76,"featured_media":598692,"comment_status":"closed","ping_status":"closed","sticky":false,"template":"","format":"standard","meta":{"_acf_changed":false,"inline_featured_image":false,"footnotes":""},"categories":[5],"tags":[443,504],"autor-wsj":[],"coauthors":[101325],"class_list":["post-598540","post","type-post","status-publish","format-standard","has-post-thumbnail","hentry","category-economia","tag-franca","tag-uniao-europeia"],"acf":[],"amp_enabled":true,"_links":{"self":[{"href":"https:\/\/investnews.com.br\/inv-api\/wp\/v2\/posts\/598540","targetHints":{"allow":["GET"]}}],"collection":[{"href":"https:\/\/investnews.com.br\/inv-api\/wp\/v2\/posts"}],"about":[{"href":"https:\/\/investnews.com.br\/inv-api\/wp\/v2\/types\/post"}],"author":[{"embeddable":true,"href":"https:\/\/investnews.com.br\/inv-api\/wp\/v2\/users\/76"}],"replies":[{"embeddable":true,"href":"https:\/\/investnews.com.br\/inv-api\/wp\/v2\/comments?post=598540"}],"version-history":[{"count":45,"href":"https:\/\/investnews.com.br\/inv-api\/wp\/v2\/posts\/598540\/revisions"}],"predecessor-version":[{"id":702701,"href":"https:\/\/investnews.com.br\/inv-api\/wp\/v2\/posts\/598540\/revisions\/702701"}],"wp:featuredmedia":[{"embeddable":true,"href":"https:\/\/investnews.com.br\/inv-api\/wp\/v2\/media\/598692"}],"wp:attachment":[{"href":"https:\/\/investnews.com.br\/inv-api\/wp\/v2\/media?parent=598540"}],"wp:term":[{"taxonomy":"category","embeddable":true,"href":"https:\/\/investnews.com.br\/inv-api\/wp\/v2\/categories?post=598540"},{"taxonomy":"post_tag","embeddable":true,"href":"https:\/\/investnews.com.br\/inv-api\/wp\/v2\/tags?post=598540"},{"taxonomy":"autor-wsj","embeddable":true,"href":"https:\/\/investnews.com.br\/inv-api\/wp\/v2\/autor-wsj?post=598540"},{"taxonomy":"author","embeddable":true,"href":"https:\/\/investnews.com.br\/inv-api\/wp\/v2\/coauthors?post=598540"}],"curies":[{"name":"wp","href":"https:\/\/api.w.org\/{rel}","templated":true}]}}