{"id":599042,"date":"2024-07-10T09:58:07","date_gmt":"2024-07-10T12:58:07","guid":{"rendered":"https:\/\/investnews.com.br\/?p=599042"},"modified":"2025-09-05T14:14:52","modified_gmt":"2025-09-05T17:14:52","slug":"bmw-amplia-lideranca-sobre-mercedes-e-audi-em-corrida-de-carros-eletricos","status":"publish","type":"post","link":"https:\/\/investnews.com.br\/negocios\/bmw-amplia-lideranca-sobre-mercedes-e-audi-em-corrida-de-carros-eletricos\/","title":{"rendered":"BMW amplia lideran\u00e7a sobre Mercedes e Audi em corrida de carros el\u00e9tricos"},"content":{"rendered":"\n<p>A BMW ampliou sua lideran\u00e7a sobre as rivais alem\u00e3s na transi\u00e7\u00e3o para ve\u00edculos el\u00e9tricos (EVs) com um aumento significativo no segundo trimestre, enquanto a Mercedes-Benz e a Audi enfrentaram dificuldades. As entregas de modelos el\u00e9tricos da BMW, como o i4 e o iX1, cresceram 22% em rela\u00e7\u00e3o ao ano anterior, totalizando 107.933 unidades at\u00e9 junho, segundo a empresa. A BMW atribuiu esse desempenho a um portf\u00f3lio de produtos atraente que compensou um mercado desafiador.<\/p>\n\n\n\n<p>Os resultados da BMW contrastam fortemente com os da Mercedes-Benz Group AG, que registrou uma queda de 25% nas entregas de EVs de passageiros, somando apenas 45.800 unidades. A montadora com sede em Stuttgart apontou uma demanda mais fraca nas principais economias e descontos pesados no mercado de EVs como raz\u00f5es para a queda.<\/p>\n\n\n\n<p>Enquanto isso, na Audi, as entregas de EVs no segundo trimestre permaneceram est\u00e1veis em 41.000 unidades, enquanto a empresa-m\u00e3e Volkswagen relatou uma queda de 15% nas vendas de ve\u00edculos totalmente el\u00e9tricos na Europa e nos EUA no primeiro semestre deste ano. A demanda por EVs na China tem sido mais forte, aumentando 45% no mesmo per\u00edodo.<\/p>\n\n\n\n<p><strong>LEIA MAIS: <a href=\"https:\/\/investnews.com.br\/economia\/venda-de-carros-eletricos-no-brasil-salta-146-no-1o-semestre\/\">Com \u2018efeito BYD\u2019, venda de carros el\u00e9tricos no Brasil salta 146% no 1\u00ba semestre<\/a><\/strong><\/p>\n\n\n\n<p>A BMW est\u00e1 apostando nas vendas de EVs ap\u00f3s lan\u00e7ar v\u00e1rios novos modelos el\u00e9tricos, incluindo o sed\u00e3 i4 e, mais recentemente, o crossover iX2. A empresa com sede em Munique se adiantou na transi\u00e7\u00e3o para EVs em rela\u00e7\u00e3o a muitos concorrentes com o desenvolvimento do i3, acumulando maior experi\u00eancia com a tecnologia de baterias e superando a recep\u00e7\u00e3o mista do modelo.<\/p>\n\n\n\n<p>Este desempenho mostra que a BMW est\u00e1 conseguindo superar os desafios do mercado de EVs na Europa, onde as vendas desses ve\u00edculos t\u00eam se estabilizado ou diminu\u00eddo como parte das entregas gerais nos \u00faltimos meses. A demanda por EVs reduziu ap\u00f3s os governos come\u00e7arem a reduzir ou eliminar incentivos financeiros para a compra desses ve\u00edculos.<\/p>\n\n\n\n<p><strong>LEIA MAIS: <a href=\"https:\/\/investnews.com.br\/economia\/fabricantes-de-carros-eletricos-da-china-demonstram-insatisfacao-com-tarifas-da-ue\/\">Fabricantes de carros el\u00e9tricos da China demonstram insatisfa\u00e7\u00e3o com tarifas da UE<\/a><\/strong><\/p>\n","protected":false},"excerpt":{"rendered":"<p>As entregas de modelos el\u00e9tricos da BMW, como o i4 e o iX1, cresceram 22% em rela\u00e7\u00e3o ao ano anterior<\/p>\n","protected":false},"author":76,"featured_media":25671,"comment_status":"closed","ping_status":"closed","sticky":false,"template":"","format":"standard","meta":{"_acf_changed":false,"inline_featured_image":false,"footnotes":""},"categories":[6],"tags":[110576,297],"autor-wsj":[],"coauthors":[101325],"class_list":["post-599042","post","type-post","status-publish","format-standard","has-post-thumbnail","hentry","category-negocios","tag-bmw","tag-carros"],"acf":[],"amp_enabled":true,"_links":{"self":[{"href":"https:\/\/investnews.com.br\/inv-api\/wp\/v2\/posts\/599042","targetHints":{"allow":["GET"]}}],"collection":[{"href":"https:\/\/investnews.com.br\/inv-api\/wp\/v2\/posts"}],"about":[{"href":"https:\/\/investnews.com.br\/inv-api\/wp\/v2\/types\/post"}],"author":[{"embeddable":true,"href":"https:\/\/investnews.com.br\/inv-api\/wp\/v2\/users\/76"}],"replies":[{"embeddable":true,"href":"https:\/\/investnews.com.br\/inv-api\/wp\/v2\/comments?post=599042"}],"version-history":[{"count":2,"href":"https:\/\/investnews.com.br\/inv-api\/wp\/v2\/posts\/599042\/revisions"}],"predecessor-version":[{"id":599049,"href":"https:\/\/investnews.com.br\/inv-api\/wp\/v2\/posts\/599042\/revisions\/599049"}],"wp:featuredmedia":[{"embeddable":true,"href":"https:\/\/investnews.com.br\/inv-api\/wp\/v2\/media\/25671"}],"wp:attachment":[{"href":"https:\/\/investnews.com.br\/inv-api\/wp\/v2\/media?parent=599042"}],"wp:term":[{"taxonomy":"category","embeddable":true,"href":"https:\/\/investnews.com.br\/inv-api\/wp\/v2\/categories?post=599042"},{"taxonomy":"post_tag","embeddable":true,"href":"https:\/\/investnews.com.br\/inv-api\/wp\/v2\/tags?post=599042"},{"taxonomy":"autor-wsj","embeddable":true,"href":"https:\/\/investnews.com.br\/inv-api\/wp\/v2\/autor-wsj?post=599042"},{"taxonomy":"author","embeddable":true,"href":"https:\/\/investnews.com.br\/inv-api\/wp\/v2\/coauthors?post=599042"}],"curies":[{"name":"wp","href":"https:\/\/api.w.org\/{rel}","templated":true}]}}