{"id":599914,"date":"2024-07-13T11:49:05","date_gmt":"2024-07-13T14:49:05","guid":{"rendered":"https:\/\/investnews.com.br\/?p=599914"},"modified":"2025-08-08T16:09:29","modified_gmt":"2025-08-08T19:09:29","slug":"final-entre-espanha-e-inglaterra-na-euro-2024-e-mais-do-que-um-jogo-de-futebol","status":"publish","type":"post","link":"https:\/\/investnews.com.br\/economia\/final-entre-espanha-e-inglaterra-na-euro-2024-e-mais-do-que-um-jogo-de-futebol\/","title":{"rendered":"Final entre Espanha e Inglaterra na Euro 2024 \u00e9 mais do que um jogo de futebol"},"content":{"rendered":"<p>Os c\u00e2nticos racistas come\u00e7avam toda vez que Shaun Wright-Phillips tocava na bola. E ficavam mais fortes \u00e0 medida que o jogo avan\u00e7ava, com 40 mil torcedores espanh\u00f3is exalando \u00f3dio sobre o ponta-direita da Inglaterra, um homem negro de 23 anos.<\/p><p>Muita coisa mudou desde aquela noite, h\u00e1 quase duas d\u00e9cadas, no est\u00e1dio Santiago Bernab\u00e9u, do Real Madrid. Ondas sucessivas de imigra\u00e7\u00e3o transformaram a pol\u00edtica na Espanha, assim como no Reino Unido e no resto da Europa. A tecnologia revolucionou a maneira como as sociedades se comunicam. Mas jovens jogadores de futebol negros ainda enfrentam abusos.<\/p><p>Quando as duas equipes se encontrarem no domingo (16h) na final da Eurocopa, as estrelas da Espanha ser\u00e3o dois jovens descendentes de imigrantes \u2014 Nico Williams, do Athletic Bilbao, e Lamine Yamal, de 16 anos, do Barcelona. <\/p><figure class=\"wp-block-image size-large\"><img loading=\"lazy\" decoding=\"async\" width=\"1024\" height=\"683\" src=\"https:\/\/media.investnews.com.br\/uploads\/2024\/07\/413833248-1024x683.jpg\" alt=\"Jogadores da Espanha, 19 e 17, sorrindo e celebrando em campo de futebol \u00e0 noite.\" class=\"wp-image-599911\" srcset=\"https:\/\/media.investnews.com.br\/uploads\/2024\/07\/413833248-1024x683.jpg 1024w, https:\/\/media.investnews.com.br\/uploads\/2024\/07\/413833248-300x200.jpg 300w, https:\/\/media.investnews.com.br\/uploads\/2024\/07\/413833248-768x512.jpg 768w, https:\/\/media.investnews.com.br\/uploads\/2024\/07\/413833248-1536x1024.jpg 1536w, https:\/\/media.investnews.com.br\/uploads\/2024\/07\/413833248-2048x1366.jpg 2048w, https:\/\/media.investnews.com.br\/uploads\/2024\/07\/413833248-1256x837.jpg 1256w, https:\/\/media.investnews.com.br\/uploads\/2024\/07\/413833248-172x115.jpg 172w, https:\/\/media.investnews.com.br\/uploads\/2024\/07\/413833248-150x100.jpg 150w\" sizes=\"auto, (max-width: 1024px) 100vw, 1024px\" \/><figcaption class=\"wp-element-caption\">Lamine Yamal, \u00e0 esquerda, e Nico Williams, da Espanha, comemoram ap\u00f3s marcar contra a Ge\u00f3rgia na Eurocopa, em Col\u00f4nia, no dia 30 de junho. Foto: Rico Brouwer\/Soccrates\/Getty Images\n<\/figcaption><\/figure><p>Isso \u00e9 um testemunho do progresso \u2014 a equipe espanhola que enfrentou a Inglaterra em novembro de 2004 era toda branca. Mas trata-se de um progresso fr\u00e1gil, como seus advers\u00e1rios na final sabem muito bem.<\/p><p>As comunidades imigrantes do Reino Unido chegaram uma gera\u00e7\u00e3o ou mais antes das da Espanha, que oferecia poucos atrativos para imigrantes at\u00e9 o boom econ\u00f4mico dos anos 1990. Existem pelo menis 300 mil pessoas na Espanha com origens na \u00c1frica Subsaariana, enquanto h\u00e1 2,4 milh\u00f5es de pessoas de grupos \u00e9tnicos negros na Inglaterra. E a equipe da Inglaterra conta com jogadores negros de forma regular desde os anos 1980.<\/p><p>O futebol raramente \u00e9 apenas sobre esportes, e isso \u00e9 especialmente verdade neste torneio.<\/p><p>Em um ano de elei\u00e7\u00f5es \u2014 cinco na Europa e uma para o pr\u00f3prio Parlamento Europeu \u2014 migra\u00e7\u00e3o e identidade t\u00eam sido quest\u00f5es centrais e divisivas. Elas dominaram os 51 jogos da Euro, de jogadores negros franceses tomando uma posi\u00e7\u00e3o rara ao pedir aos eleitores que mantivessem os extremistas fora do poder, a membros do partido de extrema direita da Alemanha caracterizando sua sele\u00e7\u00e3o nacional como muito &#8220;woke&#8221; \u2013 diversa demais, n\u00e3o &#8220;suficientemente alem\u00e3&#8221;.<\/p><p>LEIA MAIS: <a href=\"https:\/\/investnews.com.br\/wsj\/a-liga-mais-rica-do-planeta-esta-se-desintegrando\/\" target=\"_blank\" rel=\"noreferrer noopener\">A liga de futebol mais rica do planeta est\u00e1 se desintegrando<\/a><\/p><p>Quando tr\u00eas jogadores negros perderam seus p\u00eanaltis na disputa que decidiu a \u00faltima Eurocopa, em 2021, eles sofreram uma enxurrada de abusos racistas nas redes sociais. Ian Wright, ex-jogador do Arsenal e pai de Wright-Phillips, escreveu em junho que os jogadores negros s\u00e3o bodes expiat\u00f3rios. Contexto: ap\u00f3s a sele\u00e7\u00e3o inglesa ter perdido um amistoso, jornais publicaram imagens do ponta-direita Bukayo Saka, filho de nigerianos, como s\u00edmbolo da derrota. Saka esteve em campo por apenas 25 minutos.<\/p><p>\u201cAgora mais do que nunca, vamos apoiar e apoiar esses jovens\u201d, disse Wright no X\/Twitter. H\u00e1 uma semana, quando Saka falou sobre sua resili\u00eancia ap\u00f3s um p\u00eanalti crucial na vit\u00f3ria da Inglaterra sobre a Su\u00ed\u00e7a nas quartas de final, o al\u00edvio em seu rosto era vis\u00edvel. Mas os torcedores que dizem que este torneio \u00e9 sua chance de reden\u00e7\u00e3o j\u00e1 est\u00e3o contribuindo para uma narrativa cruel: a de que descendentes de imigrantes precisam ser consistentemente excepcionais para receber o apoio da na\u00e7\u00e3o.<\/p><p>A Espanha est\u00e1 abra\u00e7ando Yamal, mas tr\u00eas meses atr\u00e1s ele foi alvo de uma piada racista em um dos principais programas esportivos da Espanha. \u201cSe Lamine Yamal n\u00e3o se sair bem no futebol, ele pode acabar ao lado de um sem\u00e1foro\u201d, disse o comentarista e ex-goleiro German Burgos, insinuando que, se ele n\u00e3o fosse bem-sucedido, acabaria pedindo esmolas nas ruas.<\/p><figure class=\"wp-block-image size-large\"><img loading=\"lazy\" decoding=\"async\" width=\"1024\" height=\"683\" src=\"https:\/\/media.investnews.com.br\/uploads\/2024\/07\/413833054-1024x683.jpg\" alt=\"Futebol: jogador ingl\u00eas (#18) no ch\u00e3o disputa bola com jogador espanhol em campo.\" class=\"wp-image-599909\" srcset=\"https:\/\/media.investnews.com.br\/uploads\/2024\/07\/413833054-1024x683.jpg 1024w, https:\/\/media.investnews.com.br\/uploads\/2024\/07\/413833054-300x200.jpg 300w, https:\/\/media.investnews.com.br\/uploads\/2024\/07\/413833054-768x512.jpg 768w, https:\/\/media.investnews.com.br\/uploads\/2024\/07\/413833054-1536x1024.jpg 1536w, https:\/\/media.investnews.com.br\/uploads\/2024\/07\/413833054-2048x1366.jpg 2048w, https:\/\/media.investnews.com.br\/uploads\/2024\/07\/413833054-1256x837.jpg 1256w, https:\/\/media.investnews.com.br\/uploads\/2024\/07\/413833054-172x115.jpg 172w, https:\/\/media.investnews.com.br\/uploads\/2024\/07\/413833054-150x100.jpg 150w\" sizes=\"auto, (max-width: 1024px) 100vw, 1024px\" \/><figcaption class=\"wp-element-caption\">O brit\u00e2nico Wright-Phillips durante um amistoso contra a Espanha no Santiago Bernab\u00e9u, Madri, em 2004. Foto: Ben Radford\/Getty Images\n<\/figcaption><\/figure><p>Burgos, de 54 anos, foi demitido pela emissora Movistar+. Em seu pedido de desculpas inicial, ele disse que \u201c\u00e0s vezes o humor te coloca em apuros\u201d antes de uma declara\u00e7\u00e3o mais longa nas redes sociais, dizendo que sua \u201cinten\u00e7\u00e3o n\u00e3o era ofender Lamine Yamal, muito pelo contr\u00e1rio\u201d.<\/p><p>Os coment\u00e1rios de Burgos, um argentino que treinou no Atl\u00e9tico de Madrid, refletem a sensa\u00e7\u00e3o de que seu coment\u00e1rio seria considerado socialmente aceit\u00e1vel.<\/p><p>A resposta da Movistar+ mostra que as coisas est\u00e3o mudando na Espanha, de certa forma, e a presen\u00e7a de Yamal e Williams na sele\u00e7\u00e3o nacional \u00e9 um reflexo de como a composi\u00e7\u00e3o da sociedade espanhola mudou.\u00a0<\/p><p>O primeiro-ministro Pedro Sanchez diz que os imigrantes fazem contribui\u00e7\u00f5es inestim\u00e1veis \u200b\u200bpara uma sociedade com uma popula\u00e7\u00e3o envelhecida \u2014 um pensamento que poucos l\u00edderes de l\u00e1 expressam \u2014 e que seu governo est\u00e1 tomando medidas para regularizar meio milh\u00e3o deles.<\/p><figure class=\"wp-block-image size-large\"><img loading=\"lazy\" decoding=\"async\" width=\"1024\" height=\"683\" src=\"https:\/\/media.investnews.com.br\/uploads\/2024\/07\/413837776-1024x683.jpg\" alt=\"Jogador de futebol, camisa branca da Inglaterra, #7, comemora com m\u00e3os nas orelhas e l\u00edngua para fora em campo.\" class=\"wp-image-599913\" srcset=\"https:\/\/media.investnews.com.br\/uploads\/2024\/07\/413837776-1024x683.jpg 1024w, https:\/\/media.investnews.com.br\/uploads\/2024\/07\/413837776-300x200.jpg 300w, https:\/\/media.investnews.com.br\/uploads\/2024\/07\/413837776-768x512.jpg 768w, https:\/\/media.investnews.com.br\/uploads\/2024\/07\/413837776-1536x1024.jpg 1536w, https:\/\/media.investnews.com.br\/uploads\/2024\/07\/413837776-2048x1366.jpg 2048w, https:\/\/media.investnews.com.br\/uploads\/2024\/07\/413837776-1256x837.jpg 1256w, https:\/\/media.investnews.com.br\/uploads\/2024\/07\/413837776-172x115.jpg 172w, https:\/\/media.investnews.com.br\/uploads\/2024\/07\/413837776-150x100.jpg 150w\" sizes=\"auto, (max-width: 1024px) 100vw, 1024px\" \/><figcaption class=\"wp-element-caption\">Saka comemora ao marcar seu p\u00eanalti no jogo das quartas contra a Su\u00ed\u00e7a, em D\u00fcsseldorf, no dia 6 de julho. Foto: James Baylis &#8211; AMA\/Getty Images Europe<br><\/figcaption><\/figure><p>Mas ele enfrenta uma forte resist\u00eancia do partido de extrema direita Vox. O machismo tradicional da sociedade espanhola tamb\u00e9m est\u00e1 presente, como mostrado quando o chefe da federa\u00e7\u00e3o de futebol for\u00e7ou um beijo em uma de suas jogadoras enquanto elas comemoravam a vit\u00f3ria na Copa do Mundo feminina no ano passado. Leticia Villamediana Gonzalez, professora associada de Estudos Hisp\u00e2nicos na Universidade de Warwick, disse que o problema \u00e9 sist\u00eamico e \u201cprecisa de muito, muito mais tempo para mudar\u201d.<\/p><p>Sanchez gosta de se gabar da diversidade de seu gabinete, que inclui 12 mulheres entre 23 ministros. Mas, exceto pela ministra da Inf\u00e2ncia, cujo pai era palestino, todo o gabinete \u00e9 branco.<\/p><p>LEIA MAIS: <a href=\"https:\/\/investnews.com.br\/off-work\/brasil-tera-pela-primeira-vez-mais-atletas-mulheres-do-que-homens-nas-olimpiadas\/\" target=\"_blank\" rel=\"noreferrer noopener\">Brasil ter\u00e1 pela primeira vez mais atletas mulheres do que homens nas Olimp\u00edadas<\/a><\/p><p>E o racismo \u00e9 um ponto cego em grande parte da Espanha. Abusos racistas como os sofridos por Wright-Phillips se tornaram uma sauda\u00e7\u00e3o comum na temporada passada para Vinicius Junior nos est\u00e1dios rivais do pa\u00eds. O atacante do Real Madrid caiu em prantos durante uma coletiva de imprensa no in\u00edcio deste ano ao falar sobre o \u00f3dio que sofre.<\/p><p>\u201cA liga tem um problema \u2014 com esses epis\u00f3dios de racismo, para mim, eles t\u00eam que parar o jogo\u201d, disse o treinador de Vinicius, Carlo Ancelotti, ap\u00f3s uma partida em Val\u00eancia. No Reino Unido tamb\u00e9m, pede-se por mais apoio das autoridades. Wright diz que recebe insultos racistas obscenos nas redes sociais diariamente.<\/p><figure class=\"wp-block-image size-large\"><img loading=\"lazy\" decoding=\"async\" width=\"1024\" height=\"681\" src=\"https:\/\/media.investnews.com.br\/uploads\/2024\/07\/413833498-1024x681.jpg\" alt=\"Jovem negro, com olhos vermelhos, enxuga l\u00e1grimas do rosto em momento de emo\u00e7\u00e3o. Brinco com o n\u00famero 7 vis\u00edvel.\" class=\"wp-image-599912\" srcset=\"https:\/\/media.investnews.com.br\/uploads\/2024\/07\/413833498-1024x681.jpg 1024w, https:\/\/media.investnews.com.br\/uploads\/2024\/07\/413833498-300x200.jpg 300w, https:\/\/media.investnews.com.br\/uploads\/2024\/07\/413833498-768x511.jpg 768w, https:\/\/media.investnews.com.br\/uploads\/2024\/07\/413833498-1536x1022.jpg 1536w, https:\/\/media.investnews.com.br\/uploads\/2024\/07\/413833498-2048x1363.jpg 2048w, https:\/\/media.investnews.com.br\/uploads\/2024\/07\/413833498-1256x836.jpg 1256w, https:\/\/media.investnews.com.br\/uploads\/2024\/07\/413833498-172x114.jpg 172w, https:\/\/media.investnews.com.br\/uploads\/2024\/07\/413833498-150x100.jpg 150w\" sizes=\"auto, (max-width: 1024px) 100vw, 1024px\" \/><figcaption class=\"wp-element-caption\">Vin\u00edcius J\u00fanior fala sobre racismo numa coletiva de imprensa antes do amistoso do Brasil contra a Espanha, em Madri, que aconteceu em mar\u00e7o. Foto: Alberto Gardin\/Eurasia Sport Images\/Getty Images\n<\/figcaption><\/figure><p>\u201cTemos uma hierarquia inconsciente sobre quem consideramos dignos de nossa empatia\u201d, disse John Barnes, ex-jogador do Liverpool, em um evento da Bloomberg em 2022. \u201cTemos que admitir e reconhecer isso. N\u00e3o podemos simplesmente dizer que vemos todos como iguais, porque n\u00e3o vemos\u201d.<\/p><p>Se Williams e Yamal ajudar\u00e3o a Espanha a levar o trof\u00e9u para casa ou n\u00e3o, alguns podem estar inclinados a ver o sucesso deles como uma celebra\u00e7\u00e3o do multiculturalismo \u2014 e \u00e9. Williams nasceu na Espanha, filho de um casal ganense que atravessou o Saara para entrar na Uni\u00e3o Europeia atrav\u00e9s do enclave espanhol no norte da \u00c1frica, Melilla, com pouco mais do que as roupas nas costas. N\u00e3o que isso garanta progresso cont\u00ednuo, claro.<\/p><p>Em 1998, a equipe vencedora da Copa do Mundo da Fran\u00e7a foi liderada por Zinedine Zidane, filho de imigrantes argelinos. A na\u00e7\u00e3o saudou sua equipe \u201cBlack, Blanc, Beur\u201d \u2014 significando preto, branco e \u00e1rabe. Uma gera\u00e7\u00e3o depois, a extrema-direita anti-imigrante est\u00e1 ganhando apoio na Fran\u00e7a e o capit\u00e3o da sele\u00e7\u00e3o nacional, Mbappe, outro filho de imigrantes africanos, apelou aos eleitores no in\u00edcio do torneio para impedir que a extrema-direita conquistasse a maioria no parlamento franc\u00eas.<\/p><p>\u201cA ideia de equipes de futebol representando seu pa\u00eds imediatamente nos leva a imaginar o que esse pa\u00eds \u00e9\u201d, diz Paul Ian Campbell, professor associado de Sociologia na Universidade de Leicester. \u201cE assim, se estamos dizendo que eles representam o pa\u00eds, ent\u00e3o deve haver uma imagem imaginada de como \u00e9 esse pa\u00eds\u201d.<\/p><p><em>Para entrar em contato com os autores desta reportagem: Thomas Gualtieri em Madri: tgualtieri@bloomberg.net Siraj Datoo em Londres: sdatoo@bloomberg.net Ben Sills em Madri: bsills@bloomberg.net<\/em><\/p>\n","protected":false},"excerpt":{"rendered":"<p>Com mais jogadores descendentes de imigrantes, Espanha vive um momento pelo qual a Inglaterra j\u00e1 tinha passado. Um passo importante no progresso contra o racismo na Europa<\/p>\n","protected":false},"author":76,"featured_media":599911,"comment_status":"closed","ping_status":"closed","sticky":false,"template":"","format":"standard","meta":{"_acf_changed":false,"inline_featured_image":false,"footnotes":""},"categories":[5],"tags":[],"autor-wsj":[],"coauthors":[101325],"class_list":["post-599914","post","type-post","status-publish","format-standard","has-post-thumbnail","hentry","category-economia"],"acf":[],"amp_enabled":true,"_links":{"self":[{"href":"https:\/\/investnews.com.br\/inv-api\/wp\/v2\/posts\/599914","targetHints":{"allow":["GET"]}}],"collection":[{"href":"https:\/\/investnews.com.br\/inv-api\/wp\/v2\/posts"}],"about":[{"href":"https:\/\/investnews.com.br\/inv-api\/wp\/v2\/types\/post"}],"author":[{"embeddable":true,"href":"https:\/\/investnews.com.br\/inv-api\/wp\/v2\/users\/76"}],"replies":[{"embeddable":true,"href":"https:\/\/investnews.com.br\/inv-api\/wp\/v2\/comments?post=599914"}],"version-history":[{"count":7,"href":"https:\/\/investnews.com.br\/inv-api\/wp\/v2\/posts\/599914\/revisions"}],"predecessor-version":[{"id":702690,"href":"https:\/\/investnews.com.br\/inv-api\/wp\/v2\/posts\/599914\/revisions\/702690"}],"wp:featuredmedia":[{"embeddable":true,"href":"https:\/\/investnews.com.br\/inv-api\/wp\/v2\/media\/599911"}],"wp:attachment":[{"href":"https:\/\/investnews.com.br\/inv-api\/wp\/v2\/media?parent=599914"}],"wp:term":[{"taxonomy":"category","embeddable":true,"href":"https:\/\/investnews.com.br\/inv-api\/wp\/v2\/categories?post=599914"},{"taxonomy":"post_tag","embeddable":true,"href":"https:\/\/investnews.com.br\/inv-api\/wp\/v2\/tags?post=599914"},{"taxonomy":"autor-wsj","embeddable":true,"href":"https:\/\/investnews.com.br\/inv-api\/wp\/v2\/autor-wsj?post=599914"},{"taxonomy":"author","embeddable":true,"href":"https:\/\/investnews.com.br\/inv-api\/wp\/v2\/coauthors?post=599914"}],"curies":[{"name":"wp","href":"https:\/\/api.w.org\/{rel}","templated":true}]}}