{"id":600100,"date":"2024-07-15T09:09:33","date_gmt":"2024-07-15T12:09:33","guid":{"rendered":"https:\/\/investnews.com.br\/?p=600100"},"modified":"2024-07-15T10:24:14","modified_gmt":"2024-07-15T13:24:14","slug":"convencao-republicana-comeca-com-expectativa-sobre-trump-enquanto-biden-tenta-moldar-discurso","status":"publish","type":"post","link":"https:\/\/investnews.com.br\/economia\/convencao-republicana-comeca-com-expectativa-sobre-trump-enquanto-biden-tenta-moldar-discurso\/","title":{"rendered":"Conven\u00e7\u00e3o republicana come\u00e7a com expectativa sobre Trump; Biden tenta moldar discurso"},"content":{"rendered":"\n<p>Os membros do Partido Republicano se re\u00fanem nesta segunda-feira (15) na expectativa de dar mais um passo para o retorno de Donald Trump \u00e0 Casa Branca, ap\u00f3s ele ter <a href=\"https:\/\/investnews.com.br\/economia\/fortalecimento-de-trump-apos-o-atentado-deve-pressionar-o-dolar-para-cima\/\">sobrevivido a uma tentativa de assassinato neste fim de semana<\/a> que o levou, junto do presidente dos Estados Unidos, Joe Biden, a pedir uni\u00e3o nacional e calma.<\/p>\n\n\n\n<p>Trump anunciar\u00e1 na Conven\u00e7\u00e3o Nacional Republicana desta semana a escolha de seu companheiro de chapa, tendo citado como favoritos o senador de Ohio J.D. Vance, o senador da Fl\u00f3rida Marco Rubio, e o governador de Dakota do Norte, Doug Burgum, todos os quais discursar\u00e3o no encontro.<\/p>\n\n\n\n<p>Trump teve reuni\u00f5es individuais com eles no final da semana passada, de acordo com duas fontes que pediram anonimato para divulgar conversas particulares.<\/p>\n\n\n\n<p>Embora o evento em Milwaukee, no Estado de Wisconsin, seja uma comemora\u00e7\u00e3o para oficializar a escolha do candidato presidencial do partido, ele ocorre em um momento tenso na hist\u00f3ria norte-americana a caminho da revanche eleitoral de 5 de novembro entre Biden e Trump.<\/p>\n\n\n\n<p><strong>LEIA MAIS: <\/strong><a href=\"https:\/\/investnews.com.br\/economia\/fortalecimento-de-trump-apos-o-atentado-deve-pressionar-o-dolar-para-cima\/\">Fortalecimento de Trump ap\u00f3s o atentado deve empurrar o d\u00f3lar para cima<\/a><\/p>\n\n\n\n<p>Os l\u00edderes do partido programados para falar nos pr\u00f3ximos quatro dias tentar\u00e3o acalmar os \u00e2nimos entre os republicanos? Ou eles usar\u00e3o a ocasi\u00e3o para acusar os democratas de demonizar Trump como uma amea\u00e7a \u00e0 democracia e torn\u00e1-lo um alvo de viol\u00eancia pol\u00edtica?<\/p>\n\n\n\n<p>&#8220;Esta \u00e9 uma chance de reunir o pa\u00eds inteiro, at\u00e9 mesmo o mundo inteiro. O discurso ser\u00e1 muito diferente, muito diferente do que teria sido h\u00e1 dois dias&#8221;, disse Trump ao Washington Examiner.<\/p>\n\n\n\n<h2 class=\"wp-block-heading\">A fala de Joe<\/h2>\n\n\n\n<p>Biden, em um discurso televisionado da Casa Branca no domingo, disse: &#8220;N\u00e3o h\u00e1 lugar nos Estados Unidos para esse tipo de viol\u00eancia, para qualquer tipo de viol\u00eancia. Ponto final. Sem exce\u00e7\u00f5es. N\u00e3o podemos permitir que essa viol\u00eancia seja normalizada.&#8221;<\/p>\n\n\n\n<p>Trump e Biden est\u00e3o em uma disputa eleitoral acirrada, de acordo com a maioria das pesquisas de opini\u00e3o, incluindo a <em>Reuters\/Ipsos<\/em>. O ataque de s\u00e1bado agitou a discuss\u00e3o em torno da campanha presidencial, que estava concentrada em saber se Biden deveria desistir da candidatura ap\u00f3s um desempenho ruim no debate de 27 de junho.<\/p>\n\n\n\n<p>Biden condenou a tentativa de assassinato. Ele ordenou uma investiga\u00e7\u00e3o sobre o ataque de s\u00e1bado em um com\u00edcio em Butler, na Pensilv\u00e2nia, no qual a orelha direita de Trump foi atingida por uma bala, um apoiador foi morto e dois outros ficaram feridos antes que os agentes do Servi\u00e7o Secreto matassem a tiros o suspeito de 20 anos, cujo motivo ainda n\u00e3o foi esclarecido.<\/p>\n\n\n\n<p>A campanha de Biden se recusou a comentar as alega\u00e7\u00f5es de alguns republicanos de que seus coment\u00e1rios ajudaram a criar as condi\u00e7\u00f5es para o ataque.<\/p>\n\n\n\n<p>Em um memorando interno para a equipe no domingo, que foi obtido pela Reuters, os co-gerentes de campanha de Trump Chris LaCivita e Susie Wiles disseram que a organiza\u00e7\u00e3o adotar\u00e1 medidas de seguran\u00e7a adicionais ap\u00f3s a tentativa de assassinato. Eles tamb\u00e9m pediram \u00e0 equipe que se abstenha de usar uma &#8220;ret\u00f3rica perigosa&#8221;<\/p>\n\n\n\n<p>&#8220;Condenamos todas as formas de viol\u00eancia e n\u00e3o toleraremos ret\u00f3rica perigosa nas m\u00eddias sociais&#8221;, escreveram.<\/p>\n\n\n\n<p>A conven\u00e7\u00e3o ocorrer\u00e1 entre 15 e 18 de julho, com Trump encerrando o evento com um discurso na quinta-feira.<\/p>\n","protected":false},"excerpt":{"rendered":"<p>Evento ocorre em clima incerto poucos dias ap\u00f3s o atentado contra Trump<\/p>\n","protected":false},"author":61,"featured_media":600157,"comment_status":"closed","ping_status":"closed","sticky":false,"template":"","format":"standard","meta":{"_acf_changed":false,"inline_featured_image":false,"footnotes":""},"categories":[5],"tags":[102288],"autor-wsj":[],"coauthors":[2494],"class_list":["post-600100","post","type-post","status-publish","format-standard","has-post-thumbnail","hentry","category-economia","tag-reuters"],"acf":[],"amp_enabled":true,"_links":{"self":[{"href":"https:\/\/investnews.com.br\/inv-api\/wp\/v2\/posts\/600100","targetHints":{"allow":["GET"]}}],"collection":[{"href":"https:\/\/investnews.com.br\/inv-api\/wp\/v2\/posts"}],"about":[{"href":"https:\/\/investnews.com.br\/inv-api\/wp\/v2\/types\/post"}],"author":[{"embeddable":true,"href":"https:\/\/investnews.com.br\/inv-api\/wp\/v2\/users\/61"}],"replies":[{"embeddable":true,"href":"https:\/\/investnews.com.br\/inv-api\/wp\/v2\/comments?post=600100"}],"version-history":[{"count":5,"href":"https:\/\/investnews.com.br\/inv-api\/wp\/v2\/posts\/600100\/revisions"}],"predecessor-version":[{"id":600158,"href":"https:\/\/investnews.com.br\/inv-api\/wp\/v2\/posts\/600100\/revisions\/600158"}],"wp:featuredmedia":[{"embeddable":true,"href":"https:\/\/investnews.com.br\/inv-api\/wp\/v2\/media\/600157"}],"wp:attachment":[{"href":"https:\/\/investnews.com.br\/inv-api\/wp\/v2\/media?parent=600100"}],"wp:term":[{"taxonomy":"category","embeddable":true,"href":"https:\/\/investnews.com.br\/inv-api\/wp\/v2\/categories?post=600100"},{"taxonomy":"post_tag","embeddable":true,"href":"https:\/\/investnews.com.br\/inv-api\/wp\/v2\/tags?post=600100"},{"taxonomy":"autor-wsj","embeddable":true,"href":"https:\/\/investnews.com.br\/inv-api\/wp\/v2\/autor-wsj?post=600100"},{"taxonomy":"author","embeddable":true,"href":"https:\/\/investnews.com.br\/inv-api\/wp\/v2\/coauthors?post=600100"}],"curies":[{"name":"wp","href":"https:\/\/api.w.org\/{rel}","templated":true}]}}