{"id":601380,"date":"2024-07-19T09:11:04","date_gmt":"2024-07-19T12:11:04","guid":{"rendered":"https:\/\/investnews.com.br\/?p=601380"},"modified":"2024-07-19T09:11:06","modified_gmt":"2024-07-19T12:11:06","slug":"eletrobras-fixa-preco-por-acao-em-oferta-de-fatia-na-cteep-operacao-movimenta-r-218-bilhoes","status":"publish","type":"post","link":"https:\/\/investnews.com.br\/financas\/eletrobras-fixa-preco-por-acao-em-oferta-de-fatia-na-cteep-operacao-movimenta-r-218-bilhoes\/","title":{"rendered":"Eletrobras fixa pre\u00e7o por a\u00e7\u00e3o em oferta de fatia na Cteep; opera\u00e7\u00e3o movimenta R$ 2,18 bilh\u00f5es"},"content":{"rendered":"<p>A Eletrobras fixou o pre\u00e7o de sua oferta de a\u00e7\u00f5es que det\u00e9m da transmissora ISA Cteep em R$ 23,50 por a\u00e7\u00e3o, em opera\u00e7\u00e3o que movimentou ao todo R$ 2,185 bilh\u00f5es.<\/p>\n<p>Na oferta secund\u00e1ria precificada na quinta-feira (18), a Eletrobras vendeu 93 milh\u00f5es de a\u00e7\u00f5es da Cteep, incluindo um lote adicional ofertado.<\/p>\n<p>A oferta teve como coordenadores Citigroup (coordenador l\u00edder), Ita\u00fa BBA, Safra e XP.<\/p>\n<p>Com a transa\u00e7\u00e3o, a Eletrobras se desfez de uma parcela relevante de suas a\u00e7\u00f5es na transmissora de energia, mas ainda permanece com cerca de 20% das <a href=\"https:\/\/investnews.com.br\/guias\/acoes-ordinarias-e-preferenciais-entenda\/\">a\u00e7\u00f5es preferenciais<\/a> da empresa.<\/p>\n<p><strong>LEIA MAIS: <a href=\"https:\/\/investnews.com.br\/negocios\/privatizacao-da-sabesp-levanta-r-148-bilhoes\/\">Privatiza\u00e7\u00e3o da Sabesp levanta R$ 14,8 bilh\u00f5es<\/a><\/strong><\/p>\n<p>A aliena\u00e7\u00e3o de a\u00e7\u00f5es da Cteep est\u00e1 alinhada \u00e0 estrat\u00e9gia da Eletrobras de simplificar seu portf\u00f3lio, se desfazendo de participa\u00e7\u00f5es minorit\u00e1rias e n\u00e3o estrat\u00e9gicas. J\u00e1 para a transmissora de energia, a expectativa \u00e9 de que a opera\u00e7\u00e3o possa valorizar os pap\u00e9is da companhia e permitir mais liquidez das negocia\u00e7\u00f5es.<\/p>\n<p>(Por Let\u00edcia Fucuchima)<\/p>\n","protected":false},"excerpt":{"rendered":"<p>Com a transa\u00e7\u00e3o, a Eletrobras se desfez de uma parcela relevante de suas a\u00e7\u00f5es na transmissora de energia<\/p>\n","protected":false},"author":61,"featured_media":578939,"comment_status":"closed","ping_status":"closed","sticky":false,"template":"","format":"standard","meta":{"_acf_changed":false,"inline_featured_image":false,"footnotes":""},"categories":[4],"tags":[102288],"autor-wsj":[],"coauthors":[2494],"class_list":["post-601380","post","type-post","status-publish","format-standard","has-post-thumbnail","hentry","category-financas","tag-reuters"],"acf":[],"amp_enabled":true,"_links":{"self":[{"href":"https:\/\/investnews.com.br\/inv-api\/wp\/v2\/posts\/601380","targetHints":{"allow":["GET"]}}],"collection":[{"href":"https:\/\/investnews.com.br\/inv-api\/wp\/v2\/posts"}],"about":[{"href":"https:\/\/investnews.com.br\/inv-api\/wp\/v2\/types\/post"}],"author":[{"embeddable":true,"href":"https:\/\/investnews.com.br\/inv-api\/wp\/v2\/users\/61"}],"replies":[{"embeddable":true,"href":"https:\/\/investnews.com.br\/inv-api\/wp\/v2\/comments?post=601380"}],"version-history":[{"count":2,"href":"https:\/\/investnews.com.br\/inv-api\/wp\/v2\/posts\/601380\/revisions"}],"predecessor-version":[{"id":601401,"href":"https:\/\/investnews.com.br\/inv-api\/wp\/v2\/posts\/601380\/revisions\/601401"}],"wp:featuredmedia":[{"embeddable":true,"href":"https:\/\/investnews.com.br\/inv-api\/wp\/v2\/media\/578939"}],"wp:attachment":[{"href":"https:\/\/investnews.com.br\/inv-api\/wp\/v2\/media?parent=601380"}],"wp:term":[{"taxonomy":"category","embeddable":true,"href":"https:\/\/investnews.com.br\/inv-api\/wp\/v2\/categories?post=601380"},{"taxonomy":"post_tag","embeddable":true,"href":"https:\/\/investnews.com.br\/inv-api\/wp\/v2\/tags?post=601380"},{"taxonomy":"autor-wsj","embeddable":true,"href":"https:\/\/investnews.com.br\/inv-api\/wp\/v2\/autor-wsj?post=601380"},{"taxonomy":"author","embeddable":true,"href":"https:\/\/investnews.com.br\/inv-api\/wp\/v2\/coauthors?post=601380"}],"curies":[{"name":"wp","href":"https:\/\/api.w.org\/{rel}","templated":true}]}}