{"id":601876,"date":"2024-07-21T18:05:51","date_gmt":"2024-07-21T21:05:51","guid":{"rendered":"https:\/\/investnews.com.br\/?p=601876"},"modified":"2025-08-08T16:08:58","modified_gmt":"2025-08-08T19:08:58","slug":"kamala-harris-diz-querer-nomeacao-e-promete-trabalhar-para-derrotar-trump","status":"publish","type":"post","link":"https:\/\/investnews.com.br\/economia\/kamala-harris-diz-querer-nomeacao-e-promete-trabalhar-para-derrotar-trump\/","title":{"rendered":"Kamala Harris diz querer nomea\u00e7\u00e3o e promete trabalhar para derrotar Trump"},"content":{"rendered":"<p>A vice-presidente Kamala Harris anunciou que buscar\u00e1 a nomea\u00e7\u00e3o democrata para presidente ap\u00f3s a decis\u00e3o de Joe Biden de desistir da corrida de 2024 e apoi\u00e1-la.<\/p><p>&#8220;Estou honrada em ter o apoio do presidente e minha inten\u00e7\u00e3o \u00e9 conquistar e vencer essa nomea\u00e7\u00e3o&#8221;, disse Harris em um comunicado no domingo.<\/p><p>Biden, o presidente mais velho da hist\u00f3ria dos EUA, com 81 anos, <a href=\"https:\/\/investnews.com.br\/economia\/joe-biden-desiste-de-tentar-a-reeleicao-contra-donald-trump\/\" target=\"_blank\" rel=\"noreferrer noopener\">disse neste do domingo (21) que n\u00e3o buscar\u00e1 a reelei\u00e7\u00e3o<\/a>, revertendo sua decis\u00e3o ap\u00f3s semanas de press\u00e3o crescente de colegas democratas para que encerrasse sua candidatura. Uma performance desastrosa em um debate em junho desencadeou um pesadelo pol\u00edtico para os democratas, que temiam que Biden n\u00e3o fosse capaz de derrotar o republicano Donald Trump.<\/p><p><strong>LEIA MAIS:<\/strong> <a href=\"https:\/\/investnews.com.br\/economia\/joe-biden-desiste-de-tentar-a-reeleicao-contra-donald-trump\/\" target=\"_blank\" rel=\"noreferrer noopener\">Joe Biden desiste de tentar a reelei\u00e7\u00e3o contra Donald Trump e anuncia apoio a Kamala Harris<\/a><\/p><p>Biden endossou Harris, de 59 anos, para ser a candidata democrata, dizendo que ela tinha seu &#8220;apoio total&#8221;. Mas sua decis\u00e3o vem a apenas algumas semanas da conven\u00e7\u00e3o em Chicago, potencialmente abrindo a porta para o caos se outros candidatos decidirem entrar na corrida.<\/p><p>Harris \u2014 a primeira vice-presidente mulher, negra e asi\u00e1tica \u2014 \u00e9 popular com partes importantes da base do partido e seria uma candidata prov\u00e1vel para ajudar os democratas a se unirem em torno de um nome. A decis\u00e3o de passar por cima de Harris tamb\u00e9m seria politicamente arriscada para o partido, que depende fortemente da participa\u00e7\u00e3o eleitoral de minorias \u00e9tnicas e raciais, incluindo mulheres negras.<\/p><figure class=\"wp-block-image size-large\"><img loading=\"lazy\" decoding=\"async\" width=\"1024\" height=\"683\" src=\"https:\/\/media.investnews.com.br\/uploads\/2024\/07\/414121291-1024x683.jpg\" alt=\"Kamala Harris em terno azul claro acena e sorri em evento.\" class=\"wp-image-601878\" srcset=\"https:\/\/media.investnews.com.br\/uploads\/2024\/07\/414121291-1024x683.jpg 1024w, https:\/\/media.investnews.com.br\/uploads\/2024\/07\/414121291-300x200.jpg 300w, https:\/\/media.investnews.com.br\/uploads\/2024\/07\/414121291-768x512.jpg 768w, https:\/\/media.investnews.com.br\/uploads\/2024\/07\/414121291-1536x1024.jpg 1536w, https:\/\/media.investnews.com.br\/uploads\/2024\/07\/414121291-2048x1365.jpg 2048w, https:\/\/media.investnews.com.br\/uploads\/2024\/07\/414121291-1256x837.jpg 1256w, https:\/\/media.investnews.com.br\/uploads\/2024\/07\/414121291-172x115.jpg 172w, https:\/\/media.investnews.com.br\/uploads\/2024\/07\/414121291-150x100.jpg 150w\" sizes=\"auto, (max-width: 1024px) 100vw, 1024px\" \/><figcaption class=\"wp-element-caption\">Cr\u00e9dito: Bloomberg<\/figcaption><\/figure><p>V\u00e1rios democratas proeminentes e grupos liberais ofereceram seu apoio a Harris logo ap\u00f3s o an\u00fancio de Biden, incluindo o ex-presidente Bill Clinton e Hillary Clinton, que foi a candidata democrata em 2016, assim como a senadora Elizabeth Warren, um \u00edcone progressista, e o grande doador democrata Reid Hoffman.<\/p><p>Os governadores Gavin Newsom e Gretchen Whitmer de Michigan \u2014 ambos vistos como poss\u00edveis candidatos \u00e0 nomea\u00e7\u00e3o \u2014 n\u00e3o pretendem desafiar Harris, de acordo com a CBS News. Whitmer j\u00e1 havia dito anteriormente que n\u00e3o consideraria concorrer se Biden desistisse.<\/p><p>Harris, no entanto, permanece n\u00e3o testada no topo de uma chapa. Ela concorreu \u00e0 presid\u00eancia em 2020, mas encerrou sua campanha antes que um \u00fanico voto fosse lan\u00e7ado.<\/p><h2 class=\"wp-block-heading\">Leia a declara\u00e7\u00e3o de Kamala Harris na \u00edntegra: <\/h2><p><em>Em nome do povo americano, agrade\u00e7o a Joe Biden por sua lideran\u00e7a extraordin\u00e1ria como Presidente dos Estados Unidos e por suas d\u00e9cadas de servi\u00e7o ao nosso pa\u00eds. Seu legado not\u00e1vel de realiza\u00e7\u00f5es \u00e9 inigual\u00e1vel na hist\u00f3ria moderna americana, superando o legado de muitos presidentes que serviram dois mandatos.<\/em><\/p><p><em>\u00c9 uma honra profunda servir como sua vice-presidente, e sou profundamente grata ao Presidente, \u00e0 Dra. Biden e a toda a fam\u00edlia Biden. Eu conheci o Presidente Biden atrav\u00e9s de seu filho Beau. N\u00f3s \u00e9ramos amigos desde nossos dias trabalhando juntos como Procuradores-Gerais de nossos estados de origem. Enquanto trabalh\u00e1vamos juntos, Beau me contava hist\u00f3rias sobre seu pai. O tipo de pai \u2014 e o tipo de homem \u2014 que ele era. E as qualidades que Beau reverenciava em seu pai s\u00e3o as mesmas qualidades, os mesmos valores, que vi todos os dias na lideran\u00e7a de Joe como presidente: sua honestidade e integridade. Seu grande cora\u00e7\u00e3o e compromisso com sua f\u00e9 e sua fam\u00edlia. E seu amor por nosso pa\u00eds e pelo povo americano.<\/em><\/p><p><em>Com este ato altru\u00edsta e patri\u00f3tico, o Presidente Biden est\u00e1 fazendo o que sempre fez ao longo de sua vida de servi\u00e7o: colocando o povo americano e nosso pa\u00eds acima de tudo.<\/em><\/p><p><em>Estou honrada em ter o apoio do Presidente e minha inten\u00e7\u00e3o \u00e9 conquistar e vencer essa nomea\u00e7\u00e3o. No \u00faltimo ano, viajei pelo pa\u00eds, conversando com americanos sobre a escolha clara nesta elei\u00e7\u00e3o monumental. E isso \u00e9 o que continuarei a fazer nos dias e semanas \u00e0 frente. Farei tudo ao meu alcance para unir o Partido Democrata \u2014 e unir nossa na\u00e7\u00e3o \u2014 para derrotar Donald Trump e sua agenda extrema do Projeto 2025.<\/em><\/p><p><em>Temos 107 dias at\u00e9 o Dia da Elei\u00e7\u00e3o. Juntos, lutaremos. E juntos, venceremos.<\/em><\/p>\n","protected":false},"excerpt":{"rendered":"<p>Joe Biden desistiu de buscar a reelei\u00e7\u00e3o contra Trump e endossou poss\u00edvel candidatura de Harris<\/p>\n","protected":false},"author":76,"featured_media":601878,"comment_status":"closed","ping_status":"closed","sticky":false,"template":"","format":"standard","meta":{"_acf_changed":false,"inline_featured_image":false,"footnotes":""},"categories":[5],"tags":[79,78],"autor-wsj":[],"coauthors":[101325],"class_list":["post-601876","post","type-post","status-publish","format-standard","has-post-thumbnail","hentry","category-economia","tag-donald-trump","tag-estados-unidos"],"acf":[],"amp_enabled":true,"_links":{"self":[{"href":"https:\/\/investnews.com.br\/inv-api\/wp\/v2\/posts\/601876","targetHints":{"allow":["GET"]}}],"collection":[{"href":"https:\/\/investnews.com.br\/inv-api\/wp\/v2\/posts"}],"about":[{"href":"https:\/\/investnews.com.br\/inv-api\/wp\/v2\/types\/post"}],"author":[{"embeddable":true,"href":"https:\/\/investnews.com.br\/inv-api\/wp\/v2\/users\/76"}],"replies":[{"embeddable":true,"href":"https:\/\/investnews.com.br\/inv-api\/wp\/v2\/comments?post=601876"}],"version-history":[{"count":8,"href":"https:\/\/investnews.com.br\/inv-api\/wp\/v2\/posts\/601876\/revisions"}],"predecessor-version":[{"id":702661,"href":"https:\/\/investnews.com.br\/inv-api\/wp\/v2\/posts\/601876\/revisions\/702661"}],"wp:featuredmedia":[{"embeddable":true,"href":"https:\/\/investnews.com.br\/inv-api\/wp\/v2\/media\/601878"}],"wp:attachment":[{"href":"https:\/\/investnews.com.br\/inv-api\/wp\/v2\/media?parent=601876"}],"wp:term":[{"taxonomy":"category","embeddable":true,"href":"https:\/\/investnews.com.br\/inv-api\/wp\/v2\/categories?post=601876"},{"taxonomy":"post_tag","embeddable":true,"href":"https:\/\/investnews.com.br\/inv-api\/wp\/v2\/tags?post=601876"},{"taxonomy":"autor-wsj","embeddable":true,"href":"https:\/\/investnews.com.br\/inv-api\/wp\/v2\/autor-wsj?post=601876"},{"taxonomy":"author","embeddable":true,"href":"https:\/\/investnews.com.br\/inv-api\/wp\/v2\/coauthors?post=601876"}],"curies":[{"name":"wp","href":"https:\/\/api.w.org\/{rel}","templated":true}]}}