{"id":601888,"date":"2024-07-22T08:35:09","date_gmt":"2024-07-22T11:35:09","guid":{"rendered":"https:\/\/investnews.com.br\/?p=601888"},"modified":"2024-07-22T14:41:44","modified_gmt":"2024-07-22T17:41:44","slug":"brasil-ve-janela-para-apoio-do-g20-a-taxacao-de-bilionarios-mesmo-com-eleicoes-nos-eua","status":"publish","type":"post","link":"https:\/\/investnews.com.br\/economia\/brasil-ve-janela-para-apoio-do-g20-a-taxacao-de-bilionarios-mesmo-com-eleicoes-nos-eua\/","title":{"rendered":"Brasil v\u00ea janela para apoio do G20 a taxa\u00e7\u00e3o de bilion\u00e1rios mesmo com elei\u00e7\u00f5es nos EUA"},"content":{"rendered":"<p>O Brasil v\u00ea espa\u00e7o para a tributa\u00e7\u00e3o sobre super-ricos ganhar apoio nesta semana nas reuni\u00f5es de l\u00edderes financeiros das maiores economias do mundo, disseram duas fontes do governo, ainda que a proximidade das elei\u00e7\u00f5es nos Estados Unidos possa jogar sombra sobre o futuro da proposta.<\/p>\n<p>A ideia \u00e9 focar os debates em um acordo que d\u00ea autonomia aos pa\u00edses para gastar os recursos levantados com a tributa\u00e7\u00e3o dos bilion\u00e1rios, recuando de discuss\u00f5es anteriores que abordavam tamb\u00e9m a import\u00e2ncia da canaliza\u00e7\u00e3o do dinheiro para o atendimento de necessidades espec\u00edficas, buscando ampliar o fluxo de recursos a regi\u00f5es mais pobres.<\/p>\n<p>Ap\u00f3s acordo fechado entre negociadores do G20 para produzir declara\u00e7\u00f5es de consenso que evitem o tema da geopol\u00edtica, representantes da trilha financeira se re\u00fanem no Rio de Janeiro, com o Brasil &#8212; que preside o grupo este ano &#8212; confiando na viabilidade de um documento conjunto sobre coopera\u00e7\u00e3o tribut\u00e1ria internacional.<\/p>\n<p><strong>LEIA MAIS: <a href=\"https:\/\/investnews.com.br\/economia\/ex-lideres-internacionais-pedem-taxacao-de-bilionarios-para-o-g20\/\">Ex-l\u00edderes internacionais pedem taxa\u00e7\u00e3o de bilion\u00e1rios&nbsp;para o G20<\/a><\/strong><\/p>\n<p>\u201c\u00c9 tema central na trilha de finan\u00e7as este ano, independentemente da elei\u00e7\u00e3o norte-americana\u201d, disse uma das fontes, que falou \u00e0 Reuters em condi\u00e7\u00e3o de anonimato.<\/p>\n<p>O fortalecimento da candidatura do republicano Donald Trump ao comando da maior economia do mundo tem feito negociadores mencionarem nos bastidores que a ideia de taxar bilion\u00e1rios, proposta pelo Brasil como pilar adicional na coopera\u00e7\u00e3o tribut\u00e1ria internacional, pode perder completamente a tra\u00e7\u00e3o se ele vencer as elei\u00e7\u00f5es de novembro. Trump \u00e9 um not\u00f3rio defensor de cortes intensos de tributos.<\/p>\n<p>Uma das fontes pontuou que isso aumenta a import\u00e2ncia de o tema ser tratado com \u00eanfase na reuni\u00e3o dos ministros de Finan\u00e7as desta semana, j\u00e1 que o pr\u00f3ximo encontro do grupo, em outubro, o \u00faltimo antes da c\u00fapula de l\u00edderes do G20 em novembro, dever\u00e1 ser eclipsado pelas elei\u00e7\u00f5es presidenciais nos Estados Unidos, que acontecem em 5 de novembro.<\/p>\n<p>&#8220;A gente chega em julho consciente de que precisa fechar neg\u00f3cio. Outubro vai estar totalmente polu\u00eddo pela elei\u00e7\u00e3o norte-americana&#8221;, disse.<\/p>\n<p>Entre os apoiadores da proposta brasileira para a implanta\u00e7\u00e3o de um padr\u00e3o global de tributa\u00e7\u00e3o sobre bilion\u00e1rios, est\u00e3o Fran\u00e7a, Espanha, Col\u00f4mbia, B\u00e9lgica, Uni\u00e3o Africana e \u00c1frica do Sul, que assumir\u00e1 a presid\u00eancia do G20 no ano que vem.<\/p>\n<p>Agora, o Brasil buscar\u00e1 ressaltar os benef\u00edcios da proposta para tornar o sistema tribut\u00e1rio mais progressivo, em linha com uma de suas grandes bandeiras no G20 de reduzir a desigualdade no mundo.<\/p>\n<p>O movimento ser\u00e1 acompanhado de um p\u00e9 no freio ante a postura adotada pelo Brasil em Washington em abril, quando, \u00e0s margens da reuni\u00e3o de primavera do Fundo Monet\u00e1rio Internacional (FMI) e do Banco Mundial, o pa\u00eds buscou conectar a proposta de taxa\u00e7\u00e3o de bilion\u00e1rios \u00e0 necessidade de financiamento para transi\u00e7\u00e3o clim\u00e1tica e redu\u00e7\u00e3o da pobreza.<\/p>\n<p>Uma redistribui\u00e7\u00e3o dos recursos para os pa\u00edses que mais precisam, que beneficiaria o Sul Global, do qual o presidente Luiz In\u00e1cio Lula da Silva tem sido um vocal representante, foi recha\u00e7ada pela secret\u00e1ria do Tesouro dos Estados Unidos, Janet Yellen.<\/p>\n<p>Agora, a avalia\u00e7\u00e3o do Brasil \u00e9 que \u00e9 prudente centrar esfor\u00e7os na ideia da taxa\u00e7\u00e3o com autonomia para os pa\u00edses, deixando de lado o debate de eventual redistribui\u00e7\u00e3o coordenada dos recursos entre na\u00e7\u00f5es. Desse modo, seria poss\u00edvel angariar mais apoios p\u00fablicos e avan\u00e7ar numa linguagem empregada pelo G7, em reuni\u00e3o no m\u00eas passado, que nos bastidores j\u00e1 foi considerada muito positiva pelo Brasil.<\/p>\n<p>Em seu comunicado conjunto, o grupo das sete maiores economias &#8212; Canad\u00e1, Fran\u00e7a, Alemanha, It\u00e1lia, Jap\u00e3o, Reino Unido e Estados Unidos &#8212; afirmou que continuaria a atuar construtivamente com a presid\u00eancia brasileira do G20 para avan\u00e7ar na coopera\u00e7\u00e3o internacional. &#8220;Vamos trabalhar para aumentar nossos esfor\u00e7os direcionados \u00e0 progressiva e justa taxa\u00e7\u00e3o de indiv\u00edduos.\u201d<\/p>\n<p>A proposta brasileira, elaborada pelo economista franc\u00eas Gabriel Zucman, da institui\u00e7\u00e3o independente EU Tax Observatory, sugere uma cobran\u00e7a anual de 2% sobre fortunas que excedam 1 bilh\u00e3o de d\u00f3lares, o que poderia gerar receitas de at\u00e9 250 bilh\u00f5es de d\u00f3lares anualmente, atingindo cerca de 3.000 super-ricos.<\/p>\n<h2>Consenso<\/h2>\n<p>O Brasil tamb\u00e9m trabalha para alinhavar um comunicado conjunto ao t\u00e9rmino do encontro da trilha de finan\u00e7as, ap\u00f3s ter falhado na tarefa em fevereiro, quando discord\u00e2ncias sobre a forma de men\u00e7\u00e3o a conflitos geopol\u00edticos impediram que um documento de consenso fosse pactuado &#8212; o que tamb\u00e9m n\u00e3o ocorreu nas \u00faltimas duas presid\u00eancias do G20, capitaneadas por \u00cdndia (2023) e Indon\u00e9sia (2022).<\/p>\n<p>Na semana passada, o embaixador Maur\u00edcio Lyrio, negociador do Brasil no G20, afirmou que sob um acordo costurado com todos os pa\u00edses do grupo, para cada comunicado conjunto emitido daqui em diante, a presid\u00eancia brasileira tamb\u00e9m vai divulgar um documento separado que mencionar\u00e1 os temas geopol\u00edticos.<\/p>\n","protected":false},"excerpt":{"rendered":"<p>A ideia \u00e9 focar os debates em um acordo que d\u00ea autonomia aos pa\u00edses para gastar os recursos levantados com a tributa\u00e7\u00e3o dos bilion\u00e1rios<\/p>\n","protected":false},"author":61,"featured_media":602066,"comment_status":"closed","ping_status":"closed","sticky":false,"template":"","format":"standard","meta":{"_acf_changed":false,"inline_featured_image":false,"footnotes":""},"categories":[5],"tags":[102288],"autor-wsj":[],"coauthors":[2494],"class_list":["post-601888","post","type-post","status-publish","format-standard","has-post-thumbnail","hentry","category-economia","tag-reuters"],"acf":[],"amp_enabled":true,"_links":{"self":[{"href":"https:\/\/investnews.com.br\/inv-api\/wp\/v2\/posts\/601888","targetHints":{"allow":["GET"]}}],"collection":[{"href":"https:\/\/investnews.com.br\/inv-api\/wp\/v2\/posts"}],"about":[{"href":"https:\/\/investnews.com.br\/inv-api\/wp\/v2\/types\/post"}],"author":[{"embeddable":true,"href":"https:\/\/investnews.com.br\/inv-api\/wp\/v2\/users\/61"}],"replies":[{"embeddable":true,"href":"https:\/\/investnews.com.br\/inv-api\/wp\/v2\/comments?post=601888"}],"version-history":[{"count":8,"href":"https:\/\/investnews.com.br\/inv-api\/wp\/v2\/posts\/601888\/revisions"}],"predecessor-version":[{"id":602067,"href":"https:\/\/investnews.com.br\/inv-api\/wp\/v2\/posts\/601888\/revisions\/602067"}],"wp:featuredmedia":[{"embeddable":true,"href":"https:\/\/investnews.com.br\/inv-api\/wp\/v2\/media\/602066"}],"wp:attachment":[{"href":"https:\/\/investnews.com.br\/inv-api\/wp\/v2\/media?parent=601888"}],"wp:term":[{"taxonomy":"category","embeddable":true,"href":"https:\/\/investnews.com.br\/inv-api\/wp\/v2\/categories?post=601888"},{"taxonomy":"post_tag","embeddable":true,"href":"https:\/\/investnews.com.br\/inv-api\/wp\/v2\/tags?post=601888"},{"taxonomy":"autor-wsj","embeddable":true,"href":"https:\/\/investnews.com.br\/inv-api\/wp\/v2\/autor-wsj?post=601888"},{"taxonomy":"author","embeddable":true,"href":"https:\/\/investnews.com.br\/inv-api\/wp\/v2\/coauthors?post=601888"}],"curies":[{"name":"wp","href":"https:\/\/api.w.org\/{rel}","templated":true}]}}