{"id":603590,"date":"2024-07-27T09:30:02","date_gmt":"2024-07-27T12:30:02","guid":{"rendered":"https:\/\/investnews.com.br\/?p=603590"},"modified":"2024-07-29T11:30:16","modified_gmt":"2024-07-29T14:30:16","slug":"g20-concorda-em-tratar-de-tributacao-de-super-ricos-mas-diverge-sobre-melhor-forum","status":"publish","type":"post","link":"https:\/\/investnews.com.br\/economia\/g20-concorda-em-tratar-de-tributacao-de-super-ricos-mas-diverge-sobre-melhor-forum\/","title":{"rendered":"G20 concorda em tratar de tributa\u00e7\u00e3o de super-ricos, mas diverge sobre melhor f\u00f3rum"},"content":{"rendered":"<p>A primeira declara\u00e7\u00e3o conjunta dos l\u00edderes financeiros do G20 prometendo cooperar na tributa\u00e7\u00e3o efetiva das maiores fortunas do mundo encobriu na sexta-feira (26) um desacordo mais profundo sobre o f\u00f3rum certo para promover a agenda.<\/p>\n<p>Ministros das Finan\u00e7as e banqueiros centrais do Grupo das 20 principais economias concordaram em fazer refer\u00eancia \u00e0 tributa\u00e7\u00e3o justa de &#8220;indiv\u00edduos com <a href=\"https:\/\/investnews.com.br\/guias\/patrimonio-liquido\/\">patrim\u00f4nio l\u00edquido<\/a> ultra-alto&#8221;, tanto em seu comunicado conjunto quanto em uma declara\u00e7\u00e3o separada sobre coopera\u00e7\u00e3o tribut\u00e1ria internacional na sexta-feira (26).<\/p>\n<p>&#8220;Buscaremos um engajamento cooperativo para garantir que indiv\u00edduos com patrim\u00f4nio l\u00edquido ultra-alto sejam efetivamente tributados&#8221;, disse o texto final da declara\u00e7\u00e3o ministerial do G20 no Rio de Janeiro.<\/p>\n<p>No entanto, j\u00e1 surgiram diverg\u00eancias sobre se isso deve ser feito em negocia\u00e7\u00f5es nas Na\u00e7\u00f5es Unidas ou por meio da Organiza\u00e7\u00e3o para Coopera\u00e7\u00e3o e Desenvolvimento Econ\u00f4mico (OCDE), um grupo de democracias mais ricas fundado por aliados dos EUA e da Europa.<\/p>\n<p>A secret\u00e1ria do Tesouro dos EUA, Janet Yellen, disse \u00e0 Reuters, \u00e0 margem da reuni\u00e3o do G20, que acredita que a OCDE, que liderou as negocia\u00e7\u00f5es para um acordo global de imposto corporativo em duas partes nos \u00faltimos tr\u00eas anos, est\u00e1 em melhor posi\u00e7\u00e3o para lidar com essas negocia\u00e7\u00f5es.<\/p>\n<p><strong>LEIA MAIS: <a href=\"https:\/\/investnews.com.br\/economia\/brasil-ve-janela-para-apoio-do-g20-a-taxacao-de-bilionarios-mesmo-com-eleicoes-nos-eua\/#:~:text=A%20proposta%20brasileira%2C%20elaborada%20pelo,cerca%20de%203.000%20super%2Dricos.\">Brasil v\u00ea janela para apoio do G20 a taxa\u00e7\u00e3o de bilion\u00e1rios mesmo com elei\u00e7\u00f5es nos EUA<\/a><\/strong><\/p>\n<p>&#8220;N\u00e3o queremos ver isso transferido para a ONU&#8221;, disse Yellen, acrescentando que a OCDE &#8220;\u00e9 uma organiza\u00e7\u00e3o baseada em consenso&#8221;. &#8220;Fizemos um enorme progresso, e a ONU n\u00e3o tem a expertise t\u00e9cnica para fazer isso&#8221;, disse.<\/p>\n<p>Grandes na\u00e7\u00f5es em desenvolvimento j\u00e1 se irritaram com essa abordagem, de acordo com uma autoridade familiarizada com o assunto, que disse que o Brasil deve usar sua presid\u00eancia do G20 para promover a discuss\u00e3o tanto na ONU quanto na OCDE.<\/p>\n<p>Alguns dos maiores defensores de um imposto m\u00ednimo global para bilion\u00e1rios, incluindo o ganhador do Pr\u00eamio Nobel Joseph Stiglitz, insistiram que a ONU era o f\u00f3rum adequado para a coopera\u00e7\u00e3o tribut\u00e1ria global.<\/p>\n<p>&#8220;Pedimos aos l\u00edderes do G20 que se alinhem com o progresso feito na ONU e estabele\u00e7am um processo verdadeiramente democr\u00e1tico para definir padr\u00f5es globais sobre tributa\u00e7\u00e3o dos ultra-ricos&#8221;, disse a l\u00edder de pol\u00edtica tribut\u00e1ria da Oxfam Internacional, Susana Ruiz.<\/p>\n<p>&#8220;Confiar essa tarefa \u00e0 OCDE &#8212; o clube formado principalmente por pa\u00edses ricos &#8212; simplesmente n\u00e3o seria bom o suficiente&#8221;, acrescentou.<\/p>\n<p>O secret\u00e1rio de Pol\u00edtica Econ\u00f4mica do Minist\u00e9rio da Fazenda do Brasil, Guilherme Mello, disse que a Conven\u00e7\u00e3o-Quadro das Na\u00e7\u00f5es Unidas sobre Coopera\u00e7\u00e3o Tribut\u00e1ria Internacional representou uma vit\u00f3ria para as na\u00e7\u00f5es em desenvolvimento do &#8220;Sul Global&#8221;, que buscam um local onde sejam mais bem representadas, j\u00e1 que a maioria dos pa\u00edses n\u00e3o \u00e9 membro da OCDE.<\/p>\n<p>Ainda assim, Mello reconheceu tanto a OCDE quanto a ONU como f\u00f3runs leg\u00edtimos e disse que uma discuss\u00e3o cont\u00ednua sobre como tributar efetivamente os super-ricos \u00e9 um progresso, qualquer que seja o f\u00f3rum.<\/p>\n<p>&#8220;A forma que isso tomar\u00e1 depender\u00e1 de muitos di\u00e1logos que ser\u00e3o realizados&#8221;, acrescentou.<\/p>\n<p>Alguns observadores permaneceram c\u00e9ticos sobre as chances de um &#8220;imposto bilion\u00e1rio&#8221; global visando as maiores fortunas do mundo.<\/p>\n<p>Autoridades europeias apontaram que nem mesmo a Uni\u00e3o Europeia, com 27 na\u00e7\u00f5es, tem poder de tributa\u00e7\u00e3o como um bloco. Embora a Fran\u00e7a tenha dado apoio inicial a um imposto global m\u00ednimo sobre riqueza, os alem\u00e3es ofereceram forte resist\u00eancia.<\/p>\n<p>&#8220;Parece que pode ser muito dif\u00edcil levar isso adiante&#8221;, disse uma autoridade europeia nas reuni\u00f5es do G20.<\/p>\n<p>(Reportagem de Bernardo Caram, Marcela Ayres, David Lawder e Jan Strupczewski no Rio de Janeiro)<\/p>\n","protected":false},"excerpt":{"rendered":"<p>A secret\u00e1ria do Tesouro dos EUA acredita que a OCDE est\u00e1 em melhor posi\u00e7\u00e3o para lidar com essas negocia\u00e7\u00f5es<\/p>\n","protected":false},"author":61,"featured_media":603737,"comment_status":"closed","ping_status":"closed","sticky":false,"template":"","format":"standard","meta":{"_acf_changed":false,"inline_featured_image":false,"footnotes":""},"categories":[5],"tags":[298,102288],"autor-wsj":[],"coauthors":[2494],"class_list":["post-603590","post","type-post","status-publish","format-standard","has-post-thumbnail","hentry","category-economia","tag-ocde","tag-reuters"],"acf":[],"amp_enabled":true,"_links":{"self":[{"href":"https:\/\/investnews.com.br\/inv-api\/wp\/v2\/posts\/603590","targetHints":{"allow":["GET"]}}],"collection":[{"href":"https:\/\/investnews.com.br\/inv-api\/wp\/v2\/posts"}],"about":[{"href":"https:\/\/investnews.com.br\/inv-api\/wp\/v2\/types\/post"}],"author":[{"embeddable":true,"href":"https:\/\/investnews.com.br\/inv-api\/wp\/v2\/users\/61"}],"replies":[{"embeddable":true,"href":"https:\/\/investnews.com.br\/inv-api\/wp\/v2\/comments?post=603590"}],"version-history":[{"count":5,"href":"https:\/\/investnews.com.br\/inv-api\/wp\/v2\/posts\/603590\/revisions"}],"predecessor-version":[{"id":603739,"href":"https:\/\/investnews.com.br\/inv-api\/wp\/v2\/posts\/603590\/revisions\/603739"}],"wp:featuredmedia":[{"embeddable":true,"href":"https:\/\/investnews.com.br\/inv-api\/wp\/v2\/media\/603737"}],"wp:attachment":[{"href":"https:\/\/investnews.com.br\/inv-api\/wp\/v2\/media?parent=603590"}],"wp:term":[{"taxonomy":"category","embeddable":true,"href":"https:\/\/investnews.com.br\/inv-api\/wp\/v2\/categories?post=603590"},{"taxonomy":"post_tag","embeddable":true,"href":"https:\/\/investnews.com.br\/inv-api\/wp\/v2\/tags?post=603590"},{"taxonomy":"autor-wsj","embeddable":true,"href":"https:\/\/investnews.com.br\/inv-api\/wp\/v2\/autor-wsj?post=603590"},{"taxonomy":"author","embeddable":true,"href":"https:\/\/investnews.com.br\/inv-api\/wp\/v2\/coauthors?post=603590"}],"curies":[{"name":"wp","href":"https:\/\/api.w.org\/{rel}","templated":true}]}}