{"id":603629,"date":"2024-07-28T10:39:19","date_gmt":"2024-07-28T13:39:19","guid":{"rendered":"https:\/\/investnews.com.br\/?p=603629"},"modified":"2024-07-29T11:49:24","modified_gmt":"2024-07-29T14:49:24","slug":"reforma-tributaria-pode-dobrar-taxacao-de-alugueis","status":"publish","type":"post","link":"https:\/\/investnews.com.br\/economia\/reforma-tributaria-pode-dobrar-taxacao-de-alugueis\/","title":{"rendered":"Reforma tribut\u00e1ria pode dobrar taxa\u00e7\u00e3o de alugueis"},"content":{"rendered":"\n<p>Estimativas da C\u00e2mara Brasileira da Ind\u00fastria da Constru\u00e7\u00e3o (CBIC) mostram que a reforma tribut\u00e1ria, em regulamenta\u00e7\u00e3o no Senado, pode mais do que dobrar a carga de impostos sobre os alugu\u00e9is. Atualmente h\u00e1 incid\u00eancia de PIS\/Cofins em transa\u00e7\u00f5es desse tipo e, com a reforma, ser\u00e3o cobrados novos encargos do Imposto sobre Valor Agregado (<a href=\"https:\/\/investnews.com.br\/guias\/iva\/\">IVA<\/a>). Segundo a entidade, esse cen\u00e1rio de aumento de carga j\u00e1 considera as redu\u00e7\u00f5es de al\u00edquota propostas no atual texto de regulamenta\u00e7\u00e3o da reforma, que ainda pode ser alterado pelos senadores. Os c\u00e1lculos se referem a transa\u00e7\u00f5es envolvendo uma pessoa jur\u00eddica, como no caso das imobili\u00e1rias.<\/p>\n\n\n\n<p>A al\u00edquota n\u00e3o \u00e9 fixa, porque varia conforme o valor do aluguel. Considerando a cobran\u00e7a de R$ 2 mil, a tributa\u00e7\u00e3o atual (3,65% de PIS\/Cofins) fica em torno de R$ 73. Com a reforma, seria de R$ 169,6, um aumento de 132%. No caso de alugu\u00e9is mais baratos, o aumento de carga seria menor. Um aluguel de R$ 1 mil teria um aumento de imposto de 74,2%, estima o CBIC.<\/p>\n\n\n\n<p>Os c\u00e1lculos levam em conta a proposta atual, de que exista uma al\u00edquota do IVA com 60% de redu\u00e7\u00e3o para o setor (10,6%), al\u00e9m de um redutor social, que diminui R$ 400 do valor do aluguel para a base de c\u00e1lculo dos impostos. As medidas, por\u00e9m, s\u00e3o consideradas insuficientes pelo CBIC, que defende uma redu\u00e7\u00e3o de 80% da al\u00edquota e um aumento do redutor social para R$ 750.<\/p>\n\n\n\n<p>&#8220;Temos otimismo de que iremos conseguir fazer essas altera\u00e7\u00f5es no texto. Vamos trabalhar muito para esclarecer isso&#8221;, afirma o presidente da CBIC, Renato Correia. Segundo ele, o aumento pode contribuir para eleva\u00e7\u00e3o do d\u00e9ficit habitacional e para a informalidade no setor. Isso porque, al\u00e9m do aumento de tributa\u00e7\u00e3o sobre o valor do aluguel, a entidade aponta para o crescimento de 56,8% na carga tribut\u00e1ria para o servi\u00e7o de administra\u00e7\u00e3o de im\u00f3veis.<\/p>\n\n\n\n<p>No caso de transa\u00e7\u00f5es envolvendo pessoas f\u00edsicas, n\u00e3o deve haver cobran\u00e7as, exceto se o servi\u00e7o de loca\u00e7\u00e3o for a atividade preponderante dessa pessoa.<\/p>\n\n\n\n<figure class=\"wp-block-image size-large\"><img loading=\"lazy\" decoding=\"async\" width=\"1024\" height=\"576\" src=\"https:\/\/media.investnews.com.br\/uploads\/2024\/05\/IN_Ilustra_Home_Imoveis-1024x576.webp\" alt=\"Ilustra Patrimonio Imoveis\" class=\"wp-image-576872\" srcset=\"https:\/\/media.investnews.com.br\/uploads\/2024\/05\/IN_Ilustra_Home_Imoveis-1024x576.webp 1024w, https:\/\/media.investnews.com.br\/uploads\/2024\/05\/IN_Ilustra_Home_Imoveis-300x169.webp 300w, https:\/\/media.investnews.com.br\/uploads\/2024\/05\/IN_Ilustra_Home_Imoveis-768x432.webp 768w, https:\/\/media.investnews.com.br\/uploads\/2024\/05\/IN_Ilustra_Home_Imoveis-1536x864.webp 1536w, https:\/\/media.investnews.com.br\/uploads\/2024\/05\/IN_Ilustra_Home_Imoveis-1256x707.webp 1256w, https:\/\/media.investnews.com.br\/uploads\/2024\/05\/IN_Ilustra_Home_Imoveis-172x97.webp 172w, https:\/\/media.investnews.com.br\/uploads\/2024\/05\/IN_Ilustra_Home_Imoveis-150x84.webp 150w, https:\/\/media.investnews.com.br\/uploads\/2024\/05\/IN_Ilustra_Home_Imoveis.webp 1920w\" sizes=\"auto, (max-width: 1024px) 100vw, 1024px\" \/><\/figure>\n\n\n\n<h2 class=\"wp-block-heading\">Guerra de n\u00fameros<\/h2>\n\n\n\n<p>&#8220;Associa\u00e7\u00f5es e entidades do mercado imobili\u00e1rio entendem que os dois redutores de al\u00edquota previstos no texto pela C\u00e2mara dos Deputados n\u00e3o ser\u00e3o suficientes para amenizar a diferen\u00e7a entre a al\u00edquota atual paga pelo setor e a nova que ser\u00e1 definida ao fim da reforma&#8221;, diz Angel Ardanaz, advogado na Ardanaz Sociedade de Advogados e professor nas disciplinas de Direito Empresarial e Direito Tribut\u00e1rio.<\/p>\n\n\n\n<p>Segundo a CBIC, os impostos em uma compra ou venda de im\u00f3veis poderiam chegar a 20,9% do custo do bem.<\/p>\n\n\n\n<p>O presidente da Associa\u00e7\u00e3o Brasileira de Incorporadoras Imobili\u00e1rias (Abrainc), Luiz Fran\u00e7a, diz que o aumento da carga tribut\u00e1ria pode desencadear efeitos adversos, incluindo aumento dos custos das obras e, consequentemente, dos pre\u00e7os dos im\u00f3veis.<\/p>\n\n\n\n<blockquote class=\"wp-block-quote is-layout-flow wp-block-quote-is-layout-flow\">\n<p> &#8220;O mercado imobili\u00e1rio funciona como um term\u00f4metro da economia. Qualquer aumento na carga tribut\u00e1ria pode resultar em desest\u00edmulo a novos investimentos, impactando diretamente os consumidores finais, que enfrentar\u00e3o pre\u00e7os mais altos para comprar ou alugar im\u00f3veis&#8221;, afirma.<\/p>\n<cite> Luiz Fran\u00e7a, presidente da abrainc<\/cite><\/blockquote>\n\n\n\n<p>Ao&nbsp;<strong>Estad\u00e3o<\/strong>, o secret\u00e1rio extraordin\u00e1rio da reforma tribut\u00e1ria do Minist\u00e9rio da Fazenda, Bernard Appy, disse que o texto aprovado pelos deputados permite uma redu\u00e7\u00e3o de 40% da al\u00edquota-padr\u00e3o para o setor, ante 20% da proposta original enviada ao Congresso. Segundo ele, as altera\u00e7\u00f5es deixaram a carga tribut\u00e1ria em equil\u00edbrio com o regime atual &#8211; o IVA n\u00e3o vai incidir sobre compra, venda e aluguel por pessoas f\u00edsicas. Appy disse tamb\u00e9m que h\u00e1 redutores autom\u00e1ticos da base de c\u00e1lculo do imposto e cr\u00e9ditos que ser\u00e3o acumulados ao longo da cadeia e poder\u00e3o ser abatidos.<\/p>\n\n\n\n<h2 class=\"wp-block-heading\"><strong>Para associa\u00e7\u00e3o, redutor de ajuste tem de ir a 60%<\/strong><\/h2>\n\n\n\n<p>Para manter a carga tribut\u00e1ria atual sobre opera\u00e7\u00f5es de bens im\u00f3veis, seria necess\u00e1rio elevar o redutor de ajuste para 60%, o que &#8220;garantiria a competitividade do mercado imobili\u00e1rio&#8221;, segundo a Associa\u00e7\u00e3o Brasileira de Incorporadoras Imobili\u00e1rias (Abrainc). A entidade diz que o redutor de ajuste aprovado na reforma tribut\u00e1ria desestimula a produ\u00e7\u00e3o habitacional e impacta &#8220;adversamente&#8221; os consumidores, refletindo-se &#8220;em poss\u00edveis aumentos nos pre\u00e7os de im\u00f3veis e alugu\u00e9is&#8221;.<\/p>\n\n\n\n<p>O presidente da Abrainc, Luiz Fran\u00e7a, afirma que o aumento da carga tribut\u00e1ria pode desencadear uma s\u00e9rie de efeitos adversos, incluindo aumento dos custos das obras e, consequentemente, dos pre\u00e7os dos im\u00f3veis. &#8220;O mercado imobili\u00e1rio funciona como um term\u00f4metro da economia. Qualquer aumento na carga tribut\u00e1ria pode resultar em desest\u00edmulo a novos investimentos, impactando diretamente os consumidores finais, que enfrentar\u00e3o pre\u00e7os mais altos para comprar ou alugar im\u00f3veis&#8221;, afirma.<\/p>\n\n\n\n<h2 class=\"wp-block-heading\">Emprego e PIB<\/h2>\n\n\n\n<p>A Abrainc afirma que &#8220;as altera\u00e7\u00f5es sugeridas no redutor de ajuste podem trazer impactos negativos significativos para o setor imobili\u00e1rio, um dos maiores geradores de empregos do pa\u00eds&#8221;. Lembra que a ind\u00fastria da constru\u00e7\u00e3o civil e incorpora\u00e7\u00e3o imobili\u00e1ria representa 7% do PIB nacional e emprega mais de 2,9 milh\u00f5es de trabalhadores formais. S\u00f3 em maio, criou 18.149 vagas formais com carteira assinada, sendo o terceiro maior gerador de empregos no m\u00eas, segundo o Cadastro Geral de Empregados e Desempregados (Caged), e no acumulado do ano mais de 159 mil, &#8220;representando 15% do total de vagas criadas&#8221;.<\/p>\n","protected":false},"excerpt":{"rendered":"<p>Atualmente h\u00e1 incid\u00eancia de PIS\/Cofins em transa\u00e7\u00f5es desse tipo e, com a reforma, ser\u00e3o cobrados novos encargos do Imposto sobre Valor Agregado (IVA)<\/p>\n","protected":false},"author":62,"featured_media":603750,"comment_status":"closed","ping_status":"closed","sticky":false,"template":"","format":"standard","meta":{"_acf_changed":false,"inline_featured_image":false,"footnotes":""},"categories":[5],"tags":[432],"autor-wsj":[],"coauthors":[2499],"class_list":["post-603629","post","type-post","status-publish","format-standard","has-post-thumbnail","hentry","category-economia","tag-reforma-tributaria"],"acf":[],"amp_enabled":true,"_links":{"self":[{"href":"https:\/\/investnews.com.br\/inv-api\/wp\/v2\/posts\/603629","targetHints":{"allow":["GET"]}}],"collection":[{"href":"https:\/\/investnews.com.br\/inv-api\/wp\/v2\/posts"}],"about":[{"href":"https:\/\/investnews.com.br\/inv-api\/wp\/v2\/types\/post"}],"author":[{"embeddable":true,"href":"https:\/\/investnews.com.br\/inv-api\/wp\/v2\/users\/62"}],"replies":[{"embeddable":true,"href":"https:\/\/investnews.com.br\/inv-api\/wp\/v2\/comments?post=603629"}],"version-history":[{"count":5,"href":"https:\/\/investnews.com.br\/inv-api\/wp\/v2\/posts\/603629\/revisions"}],"predecessor-version":[{"id":603751,"href":"https:\/\/investnews.com.br\/inv-api\/wp\/v2\/posts\/603629\/revisions\/603751"}],"wp:featuredmedia":[{"embeddable":true,"href":"https:\/\/investnews.com.br\/inv-api\/wp\/v2\/media\/603750"}],"wp:attachment":[{"href":"https:\/\/investnews.com.br\/inv-api\/wp\/v2\/media?parent=603629"}],"wp:term":[{"taxonomy":"category","embeddable":true,"href":"https:\/\/investnews.com.br\/inv-api\/wp\/v2\/categories?post=603629"},{"taxonomy":"post_tag","embeddable":true,"href":"https:\/\/investnews.com.br\/inv-api\/wp\/v2\/tags?post=603629"},{"taxonomy":"autor-wsj","embeddable":true,"href":"https:\/\/investnews.com.br\/inv-api\/wp\/v2\/autor-wsj?post=603629"},{"taxonomy":"author","embeddable":true,"href":"https:\/\/investnews.com.br\/inv-api\/wp\/v2\/coauthors?post=603629"}],"curies":[{"name":"wp","href":"https:\/\/api.w.org\/{rel}","templated":true}]}}