{"id":603987,"date":"2024-07-30T11:23:44","date_gmt":"2024-07-30T14:23:44","guid":{"rendered":"https:\/\/investnews.com.br\/?p=603987"},"modified":"2026-02-23T14:03:55","modified_gmt":"2026-02-23T17:03:55","slug":"surfe-olimpiadas-paris-capacete-taiti","status":"publish","type":"post","link":"https:\/\/investnews.com.br\/off-work\/surfe-olimpiadas-paris-capacete-taiti\/","title":{"rendered":"Surfe nas Olimp\u00edadas: por que os surfistas usam capacete para competir?"},"content":{"rendered":"\n<figure class=\"wp-block-image size-full\"><img loading=\"lazy\" decoding=\"async\" width=\"2560\" height=\"1707\" src=\"https:\/\/media.investnews.com.br\/uploads\/2024\/07\/SURF_WL_2024.07.27-0855.jpg\" alt=\"Surfista com capacete e blusa verde, surfando uma onda tubular azul-turquesa, com \u00e1gua espirrando.\" class=\"wp-image-604001\" srcset=\"https:\/\/media.investnews.com.br\/uploads\/2024\/07\/SURF_WL_2024.07.27-0855.jpg 2560w, https:\/\/media.investnews.com.br\/uploads\/2024\/07\/SURF_WL_2024.07.27-0855-300x200.jpg 300w, https:\/\/media.investnews.com.br\/uploads\/2024\/07\/SURF_WL_2024.07.27-0855-1024x683.jpg 1024w, https:\/\/media.investnews.com.br\/uploads\/2024\/07\/SURF_WL_2024.07.27-0855-768x512.jpg 768w, https:\/\/media.investnews.com.br\/uploads\/2024\/07\/SURF_WL_2024.07.27-0855-1536x1024.jpg 1536w, https:\/\/media.investnews.com.br\/uploads\/2024\/07\/SURF_WL_2024.07.27-0855-2048x1366.jpg 2048w, https:\/\/media.investnews.com.br\/uploads\/2024\/07\/SURF_WL_2024.07.27-0855-1256x837.jpg 1256w, https:\/\/media.investnews.com.br\/uploads\/2024\/07\/SURF_WL_2024.07.27-0855-172x115.jpg 172w, https:\/\/media.investnews.com.br\/uploads\/2024\/07\/SURF_WL_2024.07.27-0855-150x100.jpg 150w\" sizes=\"auto, (max-width: 2560px) 100vw, 2560px\" \/><figcaption class=\"wp-element-caption\">Luana Silva, da delega\u00e7\u00e3o brasileira do surfe, compete protegida por um capacete no Taiti. Foto: William Lucas\/COB<\/figcaption><\/figure>\n\n\n\n<p>V\u00e1rios surfistas que disputam as <a href=\"https:\/\/investnews.com.br\/tag\/olimpiadas-de-paris\/\" target=\"_blank\" rel=\"noreferrer noopener\">Olimp\u00edadas 2024<\/a> nas \u00e1guas do Taiti, na Polin\u00e9sia Francesa, est\u00e3o usando capacetes de prote\u00e7\u00e3o durante a competi\u00e7\u00e3o.<\/p>\n\n\n\n<p>Entre os atletas que aderiram ao acess\u00f3rio est\u00e3o os brasileiros <strong>Felipe Toledo<\/strong>, <strong>Jo\u00e3o Chianca<\/strong>, <strong>Luana Silva<\/strong> e <strong>Tain\u00e1 Hinckel<\/strong>.<\/p>\n\n\n\n<p>A explica\u00e7\u00e3o \u00e9 simples: o local onde acontece a competi\u00e7\u00e3o de surfe, em Tehuapo\u2019o, no Taiti, Polin\u00e9sia Francesa, \u00e9 uma regi\u00e3o repleta de corais. Quando as ondas se formam, a base fica com uma dist\u00e2ncia curta entre os corais e a superf\u00edcie. Se o surfista cair de cabe\u00e7a, pode se machucar feio.<\/p>\n\n\n\n<p><strong>LEIA MAIS:<\/strong>&nbsp;<a href=\"https:\/\/investnews.com.br\/off-work\/olimpiadas-de-paris-2024-guia-completo\/\" target=\"_blank\" rel=\"noreferrer noopener\">Guia completo das Olimp\u00edadas de Paris<\/a><\/p>\n\n\n\n<p>A temperatura da \u00e1gua em Teahupo\u2019o fica entre 26\u00b0C e 29\u00b0C, ideal para a pr\u00e1tica do surfe. As ondas mais comuns s\u00e3o de dois a tr\u00eas metros de altura, mas podem chegar a sete metros. Al\u00e9m disso, surfar em Teahupo\u2019o exige muita habilidade.<\/p>\n\n\n\n<p>As ondas quebram sobre um recife de corais e, para entrar nelas, os surfistas t\u00eam de ser r\u00e1pidos: eles t\u00eam de ficar em p\u00e9 na prancha deslizando sobre a onda que tem uma dist\u00e2ncia de menos de um metro de \u00e1gua at\u00e9 os corais.<\/p>\n\n\n\n<figure class=\"wp-block-image size-full\"><img loading=\"lazy\" decoding=\"async\" width=\"2560\" height=\"1707\" src=\"https:\/\/media.investnews.com.br\/uploads\/2024\/07\/SURF_WL_2024.07.29-2738.jpg\" alt=\"Surfista de hidrof\u00f3lio com capacete e camisa rosa, bra\u00e7os erguidos celebrando, \u00e1gua espirrando.\" class=\"wp-image-604003\" srcset=\"https:\/\/media.investnews.com.br\/uploads\/2024\/07\/SURF_WL_2024.07.29-2738.jpg 2560w, https:\/\/media.investnews.com.br\/uploads\/2024\/07\/SURF_WL_2024.07.29-2738-300x200.jpg 300w, https:\/\/media.investnews.com.br\/uploads\/2024\/07\/SURF_WL_2024.07.29-2738-1024x683.jpg 1024w, https:\/\/media.investnews.com.br\/uploads\/2024\/07\/SURF_WL_2024.07.29-2738-768x512.jpg 768w, https:\/\/media.investnews.com.br\/uploads\/2024\/07\/SURF_WL_2024.07.29-2738-1536x1024.jpg 1536w, https:\/\/media.investnews.com.br\/uploads\/2024\/07\/SURF_WL_2024.07.29-2738-2048x1366.jpg 2048w, https:\/\/media.investnews.com.br\/uploads\/2024\/07\/SURF_WL_2024.07.29-2738-1256x837.jpg 1256w, https:\/\/media.investnews.com.br\/uploads\/2024\/07\/SURF_WL_2024.07.29-2738-172x115.jpg 172w, https:\/\/media.investnews.com.br\/uploads\/2024\/07\/SURF_WL_2024.07.29-2738-150x100.jpg 150w\" sizes=\"auto, (max-width: 2560px) 100vw, 2560px\" \/><figcaption class=\"wp-element-caption\">Jo\u00e3o Chianca &#8220;Chumbinho&#8221; comemora a classifica\u00e7\u00e3o para as quartas de final no surfe. Foto: William Lucas\/COB<\/figcaption><\/figure>\n\n\n\n<h2 class=\"wp-block-heading\">Quanto custa o capacete de surfe?<\/h2>\n\n\n\n<p>Nas Olimp\u00edadas, a surfista francesa Johanne Defay caiu da prancha e cortou a testa ao bater a cabe\u00e7a contra os corais. Ela voltou para a prova usando capacete para poder concluir a sua bateria.<\/p>\n\n\n\n<p>Jo\u00e3o Chianca, o Chumbinho, adota o uso do capacete desde 2023, quando sofreu uma queda e machucou a cabe\u00e7a durante uma competi\u00e7\u00e3o no Hava\u00ed.<\/p>\n\n\n\n<p>Nesta ter\u00e7a (30), <a href=\"https:\/\/investnews.com.br\/off-work\/olimpiadas-2024-o-que-voce-nao-pode-deixar-de-ver-nesta-terca-30\/\" target=\"_blank\" rel=\"noreferrer noopener\">ele enfrenta o compatriota Gabriel Medina<\/a> pelas quartas de final.<\/p>\n\n\n\n<p><strong>LEIA MAIS: <\/strong><a href=\"https:\/\/investnews.com.br\/off-work\/olimpiadas-2024-o-que-voce-nao-pode-deixar-de-ver-nesta-terca-30\/\" target=\"_blank\" rel=\"noreferrer noopener\">Agenda ol\u00edmpica de 30 de julho<\/a><\/p>\n\n\n\n<p>Luana Silva e Tain\u00e1 Hinckel competiram na maioria das baterias usando capacetes. O de Luana pesa cerca de 350 gramas, \u00e9 feito de policarbonato resistente com faixa de neoprene para melhor ajustar \u00e0 cabe\u00e7a. O capacete \u00e9 vendido na internet no site da Oakley a US$ 200 (R$ 1.123)<\/p>\n\n\n\n<p>J\u00e1 o modelo usado por Tain\u00e1 tem mais semelhan\u00e7as com os capacetes usados no r\u00fagbi. Pesa menos de 100 gramas e \u00e9 moldado de forma a permitir o fluxo sem reter \u00e1gua. \u00c9 feito de espuma n\u00e3o porosa envolta em Nylon e Spandex e custa US$ 129 (R$ 724).<\/p>\n\n\n\n<figure class=\"wp-block-image size-full\"><img loading=\"lazy\" decoding=\"async\" width=\"2560\" height=\"1707\" src=\"https:\/\/media.investnews.com.br\/uploads\/2024\/07\/SURF_WL_2024.07.28-1302.jpg\" alt=\"Mulher surfista de capacete desce grande onda tubular azul com espuma. Camisa com bandeira do Brasil.\" class=\"wp-image-604002\" srcset=\"https:\/\/media.investnews.com.br\/uploads\/2024\/07\/SURF_WL_2024.07.28-1302.jpg 2560w, https:\/\/media.investnews.com.br\/uploads\/2024\/07\/SURF_WL_2024.07.28-1302-300x200.jpg 300w, https:\/\/media.investnews.com.br\/uploads\/2024\/07\/SURF_WL_2024.07.28-1302-1024x683.jpg 1024w, https:\/\/media.investnews.com.br\/uploads\/2024\/07\/SURF_WL_2024.07.28-1302-768x512.jpg 768w, https:\/\/media.investnews.com.br\/uploads\/2024\/07\/SURF_WL_2024.07.28-1302-1536x1024.jpg 1536w, https:\/\/media.investnews.com.br\/uploads\/2024\/07\/SURF_WL_2024.07.28-1302-2048x1366.jpg 2048w, https:\/\/media.investnews.com.br\/uploads\/2024\/07\/SURF_WL_2024.07.28-1302-1256x837.jpg 1256w, https:\/\/media.investnews.com.br\/uploads\/2024\/07\/SURF_WL_2024.07.28-1302-172x115.jpg 172w, https:\/\/media.investnews.com.br\/uploads\/2024\/07\/SURF_WL_2024.07.28-1302-150x100.jpg 150w\" sizes=\"auto, (max-width: 2560px) 100vw, 2560px\" \/><figcaption class=\"wp-element-caption\">A surfista Tain\u00e1 Hinckel adotou um capacete semelhante ao usado no r\u00fagbi. Foto: William Lucas\/COB<\/figcaption><\/figure>\n\n\n\n<p>A grande vantagem do acess\u00f3rio \u00e9 ajudar a proteger de poss\u00edveis acidentes. A principal desvantagem \u00e9 que o capacete limita a capacidade do surfista de ouvir e poder \u201cescutar o mar\u201d para sentir melhor como pegar a onda.<\/p>\n\n\n\n<h2 class=\"wp-block-heading\">Quem ainda n\u00e3o usou o capacete<\/h2>\n\n\n\n<p><strong>Tatiana Weston-Webb <\/strong>e <strong>Gabriel Medina<\/strong> s\u00e3o os \u00fanicos brasileiros que ainda n\u00e3o fizeram uso do capacete nas Olimp\u00edadas. Medina, por sinal, conhece bem os segredos das ondas e dos tubos de Tehuapo\u2019o, e aprendeu que, quando a onda vai estourar, o melhor \u00e9 levar a prancha em dire\u00e7\u00e3o a ela e \u201cvoar\u201d para saltos espetaculares, como o registrado na segunda-feira (29).<\/p>\n\n\n\n<p>A manobra rendeu a Medina a maior nota da hist\u00f3ria do surfe ol\u00edmpico (9.90) e se classificou para as quartas de final.<\/p>\n\n\n\n<p><strong>LEIA MAIS:<\/strong> <a href=\"https:\/\/investnews.com.br\/off-work\/olimpiadas-quanto-custa-prancha-surfe-gabriel-medina\/\" target=\"_blank\" rel=\"noreferrer noopener\">Quanto custa a prancha de surfe de Gabriel Medina?<\/a><\/p>\n\n\n\n<figure class=\"wp-block-image size-full\"><img loading=\"lazy\" decoding=\"async\" width=\"2560\" height=\"1708\" src=\"https:\/\/media.investnews.com.br\/uploads\/2024\/07\/SURF_WL_2024.07.29-2460.jpg\" alt=\"Surfista em queda, conectado \u00e0 prancha pelo leash, ambos suspensos no ar acima das ondas.\" class=\"wp-image-604005\" srcset=\"https:\/\/media.investnews.com.br\/uploads\/2024\/07\/SURF_WL_2024.07.29-2460.jpg 2560w, https:\/\/media.investnews.com.br\/uploads\/2024\/07\/SURF_WL_2024.07.29-2460-300x200.jpg 300w, https:\/\/media.investnews.com.br\/uploads\/2024\/07\/SURF_WL_2024.07.29-2460-1024x683.jpg 1024w, https:\/\/media.investnews.com.br\/uploads\/2024\/07\/SURF_WL_2024.07.29-2460-768x512.jpg 768w, https:\/\/media.investnews.com.br\/uploads\/2024\/07\/SURF_WL_2024.07.29-2460-1536x1025.jpg 1536w, https:\/\/media.investnews.com.br\/uploads\/2024\/07\/SURF_WL_2024.07.29-2460-2048x1366.jpg 2048w, https:\/\/media.investnews.com.br\/uploads\/2024\/07\/SURF_WL_2024.07.29-2460-1256x838.jpg 1256w, https:\/\/media.investnews.com.br\/uploads\/2024\/07\/SURF_WL_2024.07.29-2460-172x115.jpg 172w, https:\/\/media.investnews.com.br\/uploads\/2024\/07\/SURF_WL_2024.07.29-2460-150x100.jpg 150w\" sizes=\"auto, (max-width: 2560px) 100vw, 2560px\" \/><figcaption class=\"wp-element-caption\">Nas oitavas de final, Gabriel Medina encantou o planeta com uma manobra quase perfeita que finalizou com um &#8216;voo&#8217; seguido de um mergulho- Foto: William Lucas\/COB<\/figcaption><\/figure>\n\n\n\n<div class=\"flourish-embed flourish-heatmap\" data-src=\"visualisation\/18786483?1266799\"><script src=\"https:\/\/public.flourish.studio\/resources\/embed.js\"><\/script><\/div>\n","protected":false},"excerpt":{"rendered":"<p>Por causa dos corais no Taiti, acess\u00f3rio virou prote\u00e7\u00e3o para a maioria dos surfistas brasileiros<\/p>\n","protected":false},"author":122,"featured_media":604001,"comment_status":"closed","ping_status":"closed","sticky":false,"template":"","format":"standard","meta":{"_acf_changed":false,"inline_featured_image":false,"footnotes":""},"categories":[102723],"tags":[102669],"autor-wsj":[],"coauthors":[102661],"class_list":["post-603987","post","type-post","status-publish","format-standard","has-post-thumbnail","hentry","category-off-work","tag-olimpiadas-de-paris"],"acf":[],"amp_enabled":true,"_links":{"self":[{"href":"https:\/\/investnews.com.br\/inv-api\/wp\/v2\/posts\/603987","targetHints":{"allow":["GET"]}}],"collection":[{"href":"https:\/\/investnews.com.br\/inv-api\/wp\/v2\/posts"}],"about":[{"href":"https:\/\/investnews.com.br\/inv-api\/wp\/v2\/types\/post"}],"author":[{"embeddable":true,"href":"https:\/\/investnews.com.br\/inv-api\/wp\/v2\/users\/122"}],"replies":[{"embeddable":true,"href":"https:\/\/investnews.com.br\/inv-api\/wp\/v2\/comments?post=603987"}],"version-history":[{"count":9,"href":"https:\/\/investnews.com.br\/inv-api\/wp\/v2\/posts\/603987\/revisions"}],"predecessor-version":[{"id":762596,"href":"https:\/\/investnews.com.br\/inv-api\/wp\/v2\/posts\/603987\/revisions\/762596"}],"wp:featuredmedia":[{"embeddable":true,"href":"https:\/\/investnews.com.br\/inv-api\/wp\/v2\/media\/604001"}],"wp:attachment":[{"href":"https:\/\/investnews.com.br\/inv-api\/wp\/v2\/media?parent=603987"}],"wp:term":[{"taxonomy":"category","embeddable":true,"href":"https:\/\/investnews.com.br\/inv-api\/wp\/v2\/categories?post=603987"},{"taxonomy":"post_tag","embeddable":true,"href":"https:\/\/investnews.com.br\/inv-api\/wp\/v2\/tags?post=603987"},{"taxonomy":"autor-wsj","embeddable":true,"href":"https:\/\/investnews.com.br\/inv-api\/wp\/v2\/autor-wsj?post=603987"},{"taxonomy":"author","embeddable":true,"href":"https:\/\/investnews.com.br\/inv-api\/wp\/v2\/coauthors?post=603987"}],"curies":[{"name":"wp","href":"https:\/\/api.w.org\/{rel}","templated":true}]}}