{"id":604704,"date":"2024-08-01T10:55:30","date_gmt":"2024-08-01T13:55:30","guid":{"rendered":"https:\/\/investnews.com.br\/?p=604704"},"modified":"2025-08-08T16:08:12","modified_gmt":"2025-08-08T19:08:12","slug":"olimpiadas-caio-bonfim-medalha-de-prata-tem-bolsa-atleta-governo","status":"publish","type":"post","link":"https:\/\/investnews.com.br\/off-work\/olimpiadas-caio-bonfim-medalha-de-prata-tem-bolsa-atleta-governo\/","title":{"rendered":"Com bolsa de R$ 16 mil, Caio Bonfim \u00e9 prata na marcha e leva b\u00f4nus de R$ 210 mil"},"content":{"rendered":"<p><strong>Caio Bonfim<\/strong> conquistou a medalha de prata na marcha atl\u00e9tica das <a href=\"https:\/\/investnews.com.br\/tag\/olimpiadas-de-paris\/\" target=\"_blank\" rel=\"noreferrer noopener\">Olimp\u00edadas de Paris 2024<\/a> em uma conquista in\u00e9dita e hist\u00f3rica para o atletismo do Brasil. O atleta de 33 anos, natural de Sobradinho (DF), vai ganhar o <a href=\"https:\/\/investnews.com.br\/off-work\/olimpiadas-paris-brasil-bonus-por-medalha\/\" target=\"_blank\" rel=\"noreferrer noopener\">pr\u00eamio de R$ 210 mil pela conquista<\/a>, segundo valores definidos pelo Comit\u00ea Ol\u00edmpico Brasileiro (COB).<\/p><p><strong>LEIA MAIS:\u00a0<\/strong><a href=\"https:\/\/investnews.com.br\/off-work\/quadro-medalhas-olimpiadas-paris-2024\/\" target=\"_blank\" rel=\"noreferrer noopener\">Quadro de medalhas das Olimp\u00edadas 2024<\/a><\/p><figure class=\"wp-block-image size-full\"><img loading=\"lazy\" decoding=\"async\" width=\"2560\" height=\"1707\" src=\"https:\/\/media.investnews.com.br\/uploads\/2024\/08\/ATLMASC-AL-2024.08.01-9920.jpg\" alt=\"Atleta sorridente segura bandeira do Brasil com Torre Eiffel ao fundo.\" class=\"wp-image-604711\" srcset=\"https:\/\/media.investnews.com.br\/uploads\/2024\/08\/ATLMASC-AL-2024.08.01-9920.jpg 2560w, https:\/\/media.investnews.com.br\/uploads\/2024\/08\/ATLMASC-AL-2024.08.01-9920-300x200.jpg 300w, https:\/\/media.investnews.com.br\/uploads\/2024\/08\/ATLMASC-AL-2024.08.01-9920-1024x683.jpg 1024w, https:\/\/media.investnews.com.br\/uploads\/2024\/08\/ATLMASC-AL-2024.08.01-9920-768x512.jpg 768w, https:\/\/media.investnews.com.br\/uploads\/2024\/08\/ATLMASC-AL-2024.08.01-9920-1536x1024.jpg 1536w, https:\/\/media.investnews.com.br\/uploads\/2024\/08\/ATLMASC-AL-2024.08.01-9920-2048x1365.jpg 2048w, https:\/\/media.investnews.com.br\/uploads\/2024\/08\/ATLMASC-AL-2024.08.01-9920-1256x837.jpg 1256w, https:\/\/media.investnews.com.br\/uploads\/2024\/08\/ATLMASC-AL-2024.08.01-9920-172x115.jpg 172w, https:\/\/media.investnews.com.br\/uploads\/2024\/08\/ATLMASC-AL-2024.08.01-9920-150x100.jpg 150w\" sizes=\"auto, (max-width: 2560px) 100vw, 2560px\" \/><figcaption class=\"wp-element-caption\">2024.08.01 &#8211; Jogos Ol\u00edmpicos Paris 2024 &#8211; Marcha atl\u00e9tica 20km masculino &#8211; Caio Bonfim medalhista de prata. &#8211; Foto Alexandre Loureiro\/COB.<\/figcaption><\/figure><p>Disputando sua quarta Olimp\u00edada, Caio Bonfim \u00e9 um dos esportistas contemplados pelo bolsa-atleta, programa de incentivo promovido pelo Governo Federal.<\/p><p>De acordo com uma portaria do Minist\u00e9rio do Esporte publicada em abril, Caio Bonfim se encaixa na categoria p\u00f3dio e recebe uma bolsa de R$ 16,6 mil por m\u00eas.<\/p><p>A medalha de prata \u00e9 a vit\u00f3ria deste atleta que, desde que come\u00e7ou a treinar, teve que lidar com a desconfian\u00e7a e dificuldades em conseguir patroc\u00ednio, al\u00e9m do preconceito contra os praticantes deste esporte. Na marcha atl\u00e9tica, o corredor n\u00e3o pode tirar um dos p\u00e9s do ch\u00e3o, ent\u00e3o para conseguir atingir uma boa marca tem de aumentar o ritmo das passadas com muito jogo de quadril.<\/p><p>&#8220;Tem que ter muita coragem de viver de marcha atl\u00e9tica. E hoje sou medalhista ol\u00edmpico!&#8221;, desabafou Bonfim em entrevista para o rep\u00f3rter Jo\u00e3o Barretto, da Caz\u00e9 TV, logo ap\u00f3s ganhar a medalha de prata nesta quinta-feira (1\u00ba). &#8220;Voc\u00ea tem que lidar com tantas dores. Eu senti a m\u00e3o de Deus comigo.&#8221;<\/p><figure class=\"wp-block-image size-full\"><img loading=\"lazy\" decoding=\"async\" width=\"1868\" height=\"1245\" src=\"https:\/\/media.investnews.com.br\/uploads\/2024\/08\/ATLMASC-AL-2024.08.01-9912.jpg\" alt=\"Atleta brasileiro de marcha atl\u00e9tica em primeiro plano, com uniforme verde e \u00f3culos. Grupo de outros atletas ao fundo.\" class=\"wp-image-604710\" srcset=\"https:\/\/media.investnews.com.br\/uploads\/2024\/08\/ATLMASC-AL-2024.08.01-9912.jpg 1868w, https:\/\/media.investnews.com.br\/uploads\/2024\/08\/ATLMASC-AL-2024.08.01-9912-300x200.jpg 300w, https:\/\/media.investnews.com.br\/uploads\/2024\/08\/ATLMASC-AL-2024.08.01-9912-1024x682.jpg 1024w, https:\/\/media.investnews.com.br\/uploads\/2024\/08\/ATLMASC-AL-2024.08.01-9912-768x512.jpg 768w, https:\/\/media.investnews.com.br\/uploads\/2024\/08\/ATLMASC-AL-2024.08.01-9912-1536x1024.jpg 1536w, https:\/\/media.investnews.com.br\/uploads\/2024\/08\/ATLMASC-AL-2024.08.01-9912-1256x837.jpg 1256w, https:\/\/media.investnews.com.br\/uploads\/2024\/08\/ATLMASC-AL-2024.08.01-9912-172x115.jpg 172w, https:\/\/media.investnews.com.br\/uploads\/2024\/08\/ATLMASC-AL-2024.08.01-9912-150x100.jpg 150w\" sizes=\"auto, (max-width: 1868px) 100vw, 1868px\" \/><figcaption class=\"wp-element-caption\">2024.08.01 &#8211; Jogos Ol\u00edmpicos Paris 2024 &#8211; Marcha atl\u00e9tica 20km masculino &#8211; Caio Bonfim medalhista de prata. Na foto, Bonfim marcha durante a prova. &#8211; Foto Alexandre Loureiro\/COB.<\/figcaption><\/figure><h2 class=\"wp-block-heading\">O que \u00e9 o Programa Bolsa Atleta?<\/h2><p>O programa Bolsa Atleta foi lan\u00e7ado em 2005 para beneficiar atletas de alto desempenho que obt\u00eam bons resultados em competi\u00e7\u00f5es nacionais e internacionais de sua modalidade. Segundo o Minist\u00e9rio do Esporte, o programa \u201cgarante condi\u00e7\u00f5es m\u00ednimas para que se dediquem, com exclusividade e tranquilidade, ao treinamento e a competi\u00e7\u00f5es locais, sul-americanas, pan-americanas, mundiais, ol\u00edmpicas e paral\u00edmpicas&#8221;.<\/p><p>Os atletas podem receber de acordo com seis categorias.<\/p><p>S\u00e3o seis categorias de bolsa oferecidas pelo Minist\u00e9rio do Esporte, desde o atleta de base ao que j\u00e1 disputa p\u00f3dios.<\/p><p>A partir da assinatura do termo de ades\u00e3o, os contemplados recebem o equivalente a 12 parcelas do valor definido em cada categoria.<\/p><p>No fim de junho, o governo federal anunciou um reajuste de 10,86% no valor da bolsa para todas as categorias \u2014 o primeiro em 14 anos. Veja abaixo:<\/p><ul class=\"wp-block-list\">\n<li><strong>Atleta de Base:<\/strong> R$ 410\/m\u00eas<\/li>\n\n\n\n<li><strong>Estudantil: <\/strong>R$ 410\/m\u00eas<\/li>\n\n\n\n<li><strong>Nacional:<\/strong> R$ 1.025\/m\u00eas<\/li>\n\n\n\n<li><strong>Internacional:<\/strong> R$ 2.051\/m\u00eas<\/li>\n\n\n\n<li><strong>Ol\u00edmpico\/Paral\u00edmpico:<\/strong> R$ 3.437\/m\u00eas<\/li>\n\n\n\n<li><strong>P\u00f3dio:<\/strong> at\u00e9 R$ 16.629\/m\u00eas<\/li>\n<\/ul><p>Os atletas ol\u00edmpicos e paral\u00edmpicos s\u00e3o beneficiados com a bolsa \u201cp\u00f3dio\u201d. Para isso, precisam estar entre os 20 melhores do ranking mundial ou de uma prova espec\u00edfica. O Minist\u00e9rio do Esporte diz que mais de 9 mil atletas s\u00e3o beneficiados atualmente, sendo 359 deles na categoria P\u00f3dio. O investimento total chega a R$ 347 milh\u00f5es.\u00a0<\/p><p>Dezenas de atletas que tamb\u00e9m est\u00e3o nas Olimp\u00edadas e s\u00e3o contemplados pelo Bolsa Atleta. Veja a lista abaixo com alguns deles e os valores recebidos, segundo o decreto publicado pelo governo em dezembro de 2023:<\/p><ul class=\"wp-block-list\">\n<li>Abner Teixeira\u00a0(boxe) &#8211; R$ 8.869<\/li>\n\n\n\n<li>Ana Marcela Cunha (maratona aqu\u00e1tica) &#8211; R$ 12.195<\/li>\n\n\n\n<li>Ana Patr\u00edcia (v\u00f4lei de praia) &#8211; R$ 16.629<\/li>\n\n\n\n<li>Ana S\u00e1tila (canoagem) &#8211; R$ 12.195<\/li>\n\n\n\n<li>Augusto Akio (skate) &#8211; R$ 16.629<\/li>\n\n\n\n<li>B\u00e1rbara (v\u00f4lei de praia) &#8211; R$ 16.629<\/li>\n\n\n\n<li>Beatriz Ferreira (boxe) &#8211; R$ 16.629<\/li>\n\n\n\n<li>Bia Haddad (t\u00eanis) &#8211; R$ 8.869<\/li>\n\n\n\n<li>Caio Bonfim (atletismo) &#8211; R$ 16.629<\/li>\n\n\n\n<li>Duda (v\u00f4lei de praia) &#8211; R$ 16.629<\/li>\n\n\n\n<li>Filipe Toledo (surfe) &#8211; R$ 16.629<\/li>\n\n\n\n<li>George (v\u00f4lei de praia) &#8211; R$ 16.629<\/li>\n\n\n\n<li>Guilherme Costa (nata\u00e7\u00e3o) &#8211; R$ 12.195<\/li>\n\n\n\n<li>Jo\u00e3o Chianca (surfe) &#8211; R$ 12.195<\/li>\n\n\n\n<li>Kahena Kunze (vela) &#8211; R$ 12.195<\/li>\n\n\n\n<li>Kelvin Hoefler (skate) &#8211; R$ 8.869<\/li>\n\n\n\n<li>Keno Marley\u00a0(boxe) &#8211; R$ 12.195<\/li>\n\n\n\n<li>Luana Silva (surfe) &#8211; R$ 12.195<\/li>\n\n\n\n<li>Luisa Stefani (t\u00eanis) &#8211; R$ 8.869 cada)<\/li>\n\n\n\n<li>Marcus D&#8217;Almeida (tiro com arco) &#8211; R$ 16.629<\/li>\n\n\n\n<li>Martine Grahel (vela) &#8211; R$ 12.195<\/li>\n\n\n\n<li>Mayra Aguiar (jud\u00f4) &#8211; R$ 16.629<\/li>\n\n\n\n<li>P\u00e2mela Rosa (skate) &#8211; R$ 8.869<\/li>\n\n\n\n<li>Rebeca Andrade (gin\u00e1stica art\u00edstica) &#8211;\u00a0 R$ 16.629<\/li>\n\n\n\n<li>Tatiana WestonWebb (surfe) &#8211; R$ 16.629<\/li>\n\n\n\n<li>Willian Lima\u00a0(jud\u00f4) &#8211; R$ 12.195<\/li>\n<\/ul><p><strong>LEIA MAIS:<\/strong> <a href=\"https:\/\/investnews.com.br\/off-work\/judo-se-consolida-como-o-esporte-com-mais-medalhas-em-olimpiadas\/\" target=\"_blank\" rel=\"noreferrer noopener\">Jud\u00f4 se consolida como o esporte com mais medalhas do Brasil em Olimp\u00edadas<\/a><\/p><figure class=\"wp-block-image size-full\"><img loading=\"lazy\" decoding=\"async\" width=\"479\" height=\"720\" src=\"https:\/\/media.investnews.com.br\/uploads\/2024\/08\/matle_.webp\" alt=\"\" class=\"wp-image-604814\" srcset=\"https:\/\/media.investnews.com.br\/uploads\/2024\/08\/matle_.webp 479w, https:\/\/media.investnews.com.br\/uploads\/2024\/08\/matle_-200x300.webp 200w, https:\/\/media.investnews.com.br\/uploads\/2024\/08\/matle_-114x172.webp 114w, https:\/\/media.investnews.com.br\/uploads\/2024\/08\/matle_-150x225.webp 150w\" sizes=\"auto, (max-width: 479px) 100vw, 479px\" \/><figcaption class=\"wp-element-caption\">Caio Bonfim durante a marcha atl\u00e9tica nas Olimp\u00edadas de Paris-2024. Foto: Alexandre Loureiro\/COB<\/figcaption><\/figure><h2 class=\"wp-block-heading\">M\u00e3e e treinadora<\/h2><p>Caio Bonfim \u00e9 atleta do Centro de Atletismo de Sobradinho (Caso Atletismo), um projeto social fundado pelos pais dele, Jo\u00e3o e Gianetti Bonfim. A m\u00e3e dele foi campe\u00e3 sul-americana da marcha atl\u00e9tica, obteve \u00edndice ol\u00edmpico para disputar as Olimp\u00edadas de Atlanta em 1996, mas n\u00e3o pode ir por falta de apoio. Hoje, Gianetti \u00e9 a treinadora do medalhista ol\u00edmpico.<\/p><p>Caio disse que prometeu aos pais que seria medalhista ol\u00edmpico e agora comemora sua conquista do p\u00f3dio aos p\u00e9s da Torre Eiffel, em Paris. &#8220;Corri os \u00faltimos 4 km com um pace abaixo de 3min40. Eu ando mais r\u00e1pido do que muita gente que corre por a\u00ed!&#8221;<\/p><p>Ele tamb\u00e9m \u00e9 sargento da For\u00e7a A\u00e9rea Brasileira (FAB) e faz parte do Programa de Atletas de Alto Rendimento (PAAR) da Comiss\u00e3o de Desportos da Aeron\u00e1utica (CDA). O programa \u00e9 uma iniciativa do Minist\u00e9rio da Defesa, em parceria com o Minist\u00e9rio do Esporte, e abrange 543 atletas atualmente. Eles recebem sal\u00e1rio, 13\u00ba, f\u00e9rias, assist\u00eancia m\u00e9dica (incluindo nutricionista e fisioterapeuta), al\u00e9m de todas as instala\u00e7\u00f5es esportivas militares adequadas ao treinamento, nos centros da Marinha, Ex\u00e9rcito e Aeron\u00e1utica.<\/p><p>Al\u00e9m de Caio Bonfim, outros 97 atletas s\u00e3o patrocinados pelo Minist\u00e9rio da Defesa.<\/p><figure class=\"wp-block-image size-full\"><img loading=\"lazy\" decoding=\"async\" width=\"2048\" height=\"2560\" src=\"https:\/\/media.investnews.com.br\/uploads\/2024\/08\/ATLMASC-AL-2024.08.01-9925.jpg\" alt=\"Tr\u00eas atletas masculinos sorrindo no p\u00f3dio com an\u00e9is ol\u00edmpicos, dois segurando mascotes de pel\u00facia.\" class=\"wp-image-604712\" srcset=\"https:\/\/media.investnews.com.br\/uploads\/2024\/08\/ATLMASC-AL-2024.08.01-9925.jpg 2048w, https:\/\/media.investnews.com.br\/uploads\/2024\/08\/ATLMASC-AL-2024.08.01-9925-240x300.jpg 240w, https:\/\/media.investnews.com.br\/uploads\/2024\/08\/ATLMASC-AL-2024.08.01-9925-819x1024.jpg 819w, https:\/\/media.investnews.com.br\/uploads\/2024\/08\/ATLMASC-AL-2024.08.01-9925-768x960.jpg 768w, https:\/\/media.investnews.com.br\/uploads\/2024\/08\/ATLMASC-AL-2024.08.01-9925-1229x1536.jpg 1229w, https:\/\/media.investnews.com.br\/uploads\/2024\/08\/ATLMASC-AL-2024.08.01-9925-1638x2048.jpg 1638w, https:\/\/media.investnews.com.br\/uploads\/2024\/08\/ATLMASC-AL-2024.08.01-9925-747x934.jpg 747w, https:\/\/media.investnews.com.br\/uploads\/2024\/08\/ATLMASC-AL-2024.08.01-9925-138x172.jpg 138w, https:\/\/media.investnews.com.br\/uploads\/2024\/08\/ATLMASC-AL-2024.08.01-9925-150x188.jpg 150w\" sizes=\"auto, (max-width: 2048px) 100vw, 2048px\" \/><figcaption class=\"wp-element-caption\">Caio Bonfim ao lado do equatoriano quatoriano Brian Daniel Pintado, que terminou com 1h18m55s e levou o ouro na marcha atl\u00e9tica, e o espanhol Alvaro Martin, medalha de bronze. Foto Alexandre Loureiro\/COB.<\/figcaption><\/figure><h2 class=\"wp-block-heading\">Pr\u00eamio pela medalha de prata<\/h2><p>Com o p\u00f3dio in\u00e9dito conquistado, o atleta ainda vai ganhar R$ 210 mil do Comit\u00ea Ol\u00edmpico Brasileiro pela medalha de prata.<\/p><p>Para os jogos de Paris-2024, o <a href=\"https:\/\/investnews.com.br\/off-work\/olimpiadas-paris-brasil-bonus-por-medalha\/\" target=\"_blank\" rel=\"noreferrer noopener\">COB estipulou uma s\u00e9rie de pr\u00eamios<\/a> para cada \u201ccor\u201d de medalha conquistada pelos atletas do Brasil.<\/p><p>Os valores s\u00e3o divididos por categorias: individual, equipes de 2 a 6 atletas e times com 7 atletas ou mais.<\/p><p><strong>LEIA MAIS:\u00a0<\/strong><a href=\"https:\/\/investnews.com.br\/off-work\/olimpiadas-paris-brasil-bonus-por-medalha\/\" target=\"_blank\" rel=\"noreferrer noopener\">Como funciona o b\u00f4nus do COB para medalhistas brasileiros<\/a><\/p><div class=\"flourish-embed flourish-pictogram\" data-src=\"visualisation\/18912911?1266799\"><script src=\"https:\/\/public.flourish.studio\/resources\/embed.js\"><\/script><\/div><div class=\"flourish-embed flourish-heatmap\" data-src=\"visualisation\/18786483?1266799\"><script src=\"https:\/\/public.flourish.studio\/resources\/embed.js\"><\/script><\/div>\n","protected":false},"excerpt":{"rendered":"<p>Marchador de 33 anos \u00e9 um dos atletas contemplados pelo programa, al\u00e9m de ter apoio da Aeron\u00e1utica<\/p>\n","protected":false},"author":122,"featured_media":604710,"comment_status":"closed","ping_status":"closed","sticky":false,"template":"","format":"standard","meta":{"_acf_changed":false,"inline_featured_image":false,"footnotes":""},"categories":[102723],"tags":[102669],"autor-wsj":[],"coauthors":[102661],"class_list":["post-604704","post","type-post","status-publish","format-standard","has-post-thumbnail","hentry","category-off-work","tag-olimpiadas-de-paris"],"acf":[],"amp_enabled":true,"_links":{"self":[{"href":"https:\/\/investnews.com.br\/inv-api\/wp\/v2\/posts\/604704","targetHints":{"allow":["GET"]}}],"collection":[{"href":"https:\/\/investnews.com.br\/inv-api\/wp\/v2\/posts"}],"about":[{"href":"https:\/\/investnews.com.br\/inv-api\/wp\/v2\/types\/post"}],"author":[{"embeddable":true,"href":"https:\/\/investnews.com.br\/inv-api\/wp\/v2\/users\/122"}],"replies":[{"embeddable":true,"href":"https:\/\/investnews.com.br\/inv-api\/wp\/v2\/comments?post=604704"}],"version-history":[{"count":33,"href":"https:\/\/investnews.com.br\/inv-api\/wp\/v2\/posts\/604704\/revisions"}],"predecessor-version":[{"id":702617,"href":"https:\/\/investnews.com.br\/inv-api\/wp\/v2\/posts\/604704\/revisions\/702617"}],"wp:featuredmedia":[{"embeddable":true,"href":"https:\/\/investnews.com.br\/inv-api\/wp\/v2\/media\/604710"}],"wp:attachment":[{"href":"https:\/\/investnews.com.br\/inv-api\/wp\/v2\/media?parent=604704"}],"wp:term":[{"taxonomy":"category","embeddable":true,"href":"https:\/\/investnews.com.br\/inv-api\/wp\/v2\/categories?post=604704"},{"taxonomy":"post_tag","embeddable":true,"href":"https:\/\/investnews.com.br\/inv-api\/wp\/v2\/tags?post=604704"},{"taxonomy":"autor-wsj","embeddable":true,"href":"https:\/\/investnews.com.br\/inv-api\/wp\/v2\/autor-wsj?post=604704"},{"taxonomy":"author","embeddable":true,"href":"https:\/\/investnews.com.br\/inv-api\/wp\/v2\/coauthors?post=604704"}],"curies":[{"name":"wp","href":"https:\/\/api.w.org\/{rel}","templated":true}]}}