{"id":605164,"date":"2024-08-02T10:49:41","date_gmt":"2024-08-02T13:49:41","guid":{"rendered":"https:\/\/investnews.com.br\/?p=605164"},"modified":"2024-08-02T13:56:23","modified_gmt":"2024-08-02T16:56:23","slug":"desemprego-acelera-nos-eua-e-pressiona-fed-por-corte-de-juros-em-setembro","status":"publish","type":"post","link":"https:\/\/investnews.com.br\/economia\/desemprego-acelera-nos-eua-e-pressiona-fed-por-corte-de-juros-em-setembro\/","title":{"rendered":"Desemprego acelera nos EUA e pressiona Fed por corte maior de juros em setembro"},"content":{"rendered":"\n<p>A contrata\u00e7\u00e3o nos Estados Unidos perdeu for\u00e7a em julho enquanto a taxa de desemprego subiu para o n\u00edvel mais alto em quase tr\u00eas anos, sugerindo uma deteriora\u00e7\u00e3o mais r\u00e1pida no mercado de trabalho do que se pensava anteriormente, colocando o Federal Reserve (Fed) firmemente no caminho para cortar as taxas de juros em setembro.<\/p>\n\n\n\n<p>Hoje, o mercado j\u00e1 considera como mais prov\u00e1vel um corte de 0,5 ponto percentual no juro b\u00e1sico americano, de acordo com a pesquisa di\u00e1ria <em>Fed Watch<\/em>. Hoje, 62% dos agentes de mercado consideram que o juro deve ceder em 0,5 ponto. Ontem, essa propor\u00e7\u00e3o estava em 22%. H\u00e1 um m\u00eas, em apenas 5,5%.<\/p>\n\n\n\n<p>A folha de pagamento n\u00e3o-agr\u00edcola (&#8220;<em>payroll<\/em>&#8220;) aumentou em 114 mil no m\u00eas passado ap\u00f3s revis\u00f5es para baixo dos dois meses anteriores, informou o Bureau of Labor Statistics na sexta-feira (2). Isso foi menor do que todas, exceto uma previs\u00e3o em uma pesquisa da <em>Bloomberg<\/em> com economistas e um dos resultados mais fracos desde a pandemia. Os ganhos m\u00e9dios por hora tamb\u00e9m ficaram abaixo das previs\u00f5es.<\/p>\n\n\n\n<p><strong>A taxa de desemprego subiu inesperadamente pelo quarto m\u00eas consecutivo, para 4,3%<\/strong>. Isso refletiu mais pessoas perdendo e deixando seus empregos, em vez de novos trabalhadores entrando na for\u00e7a de trabalho.<\/p>\n\n\n\n<p><strong>LEIA MAIS: <\/strong><a href=\"https:\/\/investnews.com.br\/economia\/como-o-mercado-de-trabalho-vai-ajudar-a-definir-o-rumo-dos-juros-aqui-e-nos-eua\/\">Como o mercado de trabalho vai ajudar a definir o rumo dos juros, aqui e nos EUA<\/a><\/p>\n\n\n\n<p>O relat\u00f3rio de empregos se soma a uma semana de dados decepcionantes que levantam preocupa\u00e7\u00f5es sobre uma desacelera\u00e7\u00e3o mais abrupta na economia, provocando uma venda no mercado de a\u00e7\u00f5es e reduzindo os rendimentos dos t\u00edtulos do Tesouro. Os n\u00fameros podem dar aos dirigentes do Fed algum motivo para acreditar que suas pol\u00edticas est\u00e3o esfriando o mercado de trabalho excessivamente, em vez de retornar \u00e0 sua tend\u00eancia saud\u00e1vel pr\u00e9-pandemia.<\/p>\n\n\n\n<p>O presidente Jerome Powell falou na quarta-feira ap\u00f3s o banco central manter as taxas de juros no n\u00edvel mais alto em duas d\u00e9cadas, dizendo que os dirigentes est\u00e3o agora mais focados no outro lado de seu duplo mandato e querem evitar danos indevidos ao mercado de trabalho, j\u00e1 que a infla\u00e7\u00e3o diminuiu significativamente em rela\u00e7\u00e3o ao pico da pandemia.<\/p>\n\n\n\n<p>Ele tamb\u00e9m indicou que os formuladores de pol\u00edticas est\u00e3o prontos para come\u00e7ar a reduzir os custos de empr\u00e9stimos j\u00e1 em setembro. Os traders est\u00e3o pr\u00f3ximos de precificar um corte de meio ponto percentual na reuni\u00e3o.<\/p>\n\n\n\n<p>&#8220;Esse ambiente s\u00f3 significa cortes acelerados&#8221;, disse Derek Tang, economista da LH Meyer\/Monetary Policy Analytics. &#8220;O Fed j\u00e1 estava inclinado a evitar a recess\u00e3o, ou o que eles chamam de sustentar a expans\u00e3o. Com este relat\u00f3rio, isso se tornar\u00e1 ainda mais desequilibrado, com o risco de alta da infla\u00e7\u00e3o relegado a uma mem\u00f3ria distante.&#8221;<\/p>\n\n\n\n<p>O furac\u00e3o Beryl atingiu o Texas em 8 de julho, durante o per\u00edodo de refer\u00eancia para ambas as pesquisas que comp\u00f5em o relat\u00f3rio de empregos. O BLS disse que o furac\u00e3o n\u00e3o teve &#8220;nenhum efeito discern\u00edvel&#8221; nos dados, embora o n\u00famero de pessoas que disseram n\u00e3o ter trabalhado por causa do mau tempo tenha aumentado.<\/p>\n\n\n\n<p>A subida na taxa de desemprego desencadeou um famoso indicador de recess\u00e3o conhecido como a &#8220;regra de Sahm&#8221; \u2014 que tem um hist\u00f3rico perfeito ao longo do \u00faltimo meio s\u00e9culo.<\/p>\n\n\n\n<p>A mente por tr\u00e1s do indicador, a ex-economista do Fed Claudia Sahm, recentemente disse que os previsores tamb\u00e9m deveriam observar o aumento na participa\u00e7\u00e3o e at\u00e9 que ponto isso est\u00e1 distorcendo os dados de desemprego. Ela observou que a participa\u00e7\u00e3o tem aumentado rapidamente \u00e0 medida que os americanos retornam ao mercado de trabalho e os imigrantes afluem ao pa\u00eds.<\/p>\n\n\n\n<p>A taxa de participa\u00e7\u00e3o \u2014 a parcela da popula\u00e7\u00e3o que est\u00e1 trabalhando ou procurando trabalho \u2014 subiu para 62,7% em julho. A taxa para trabalhadores de 25 a 54 anos, tamb\u00e9m conhecidos como trabalhadores em idade produtiva, subiu ainda mais para 84%, ainda a mais alta desde 2001.<\/p>\n\n\n\n<p>A desacelera\u00e7\u00e3o na folha de pagamento refletiu cortes em informa\u00e7\u00e3o e fabrica\u00e7\u00e3o de autom\u00f3veis. As posi\u00e7\u00f5es de ajuda tempor\u00e1ria tamb\u00e9m diminu\u00edram, o que muitas vezes \u00e9 visto como um precursor de uma recess\u00e3o. Enquanto isso, a sa\u00fade continuou a liderar o crescimento do emprego.<\/p>\n\n\n\n<p>O \u00edndice de difus\u00e3o, que mede a amplitude do crescimento do emprego, caiu para o n\u00edvel mais fraco desde o imediato p\u00f3s-pandemia.<\/p>\n\n\n\n<p><em>\u00a9 2024 Bloomberg L.P.<\/em><\/p>\n","protected":false},"excerpt":{"rendered":"<p>Alta na taxa de desemprego desencadeou um famoso indicador de recess\u00e3o conhecido como a &#8220;regra de Sahm&#8221;<\/p>\n","protected":false},"author":76,"featured_media":605266,"comment_status":"closed","ping_status":"closed","sticky":false,"template":"","format":"standard","meta":{"_acf_changed":false,"inline_featured_image":false,"footnotes":""},"categories":[5],"tags":[],"autor-wsj":[],"coauthors":[101325],"class_list":["post-605164","post","type-post","status-publish","format-standard","has-post-thumbnail","hentry","category-economia"],"acf":[],"amp_enabled":true,"_links":{"self":[{"href":"https:\/\/investnews.com.br\/inv-api\/wp\/v2\/posts\/605164","targetHints":{"allow":["GET"]}}],"collection":[{"href":"https:\/\/investnews.com.br\/inv-api\/wp\/v2\/posts"}],"about":[{"href":"https:\/\/investnews.com.br\/inv-api\/wp\/v2\/types\/post"}],"author":[{"embeddable":true,"href":"https:\/\/investnews.com.br\/inv-api\/wp\/v2\/users\/76"}],"replies":[{"embeddable":true,"href":"https:\/\/investnews.com.br\/inv-api\/wp\/v2\/comments?post=605164"}],"version-history":[{"count":6,"href":"https:\/\/investnews.com.br\/inv-api\/wp\/v2\/posts\/605164\/revisions"}],"predecessor-version":[{"id":605267,"href":"https:\/\/investnews.com.br\/inv-api\/wp\/v2\/posts\/605164\/revisions\/605267"}],"wp:featuredmedia":[{"embeddable":true,"href":"https:\/\/investnews.com.br\/inv-api\/wp\/v2\/media\/605266"}],"wp:attachment":[{"href":"https:\/\/investnews.com.br\/inv-api\/wp\/v2\/media?parent=605164"}],"wp:term":[{"taxonomy":"category","embeddable":true,"href":"https:\/\/investnews.com.br\/inv-api\/wp\/v2\/categories?post=605164"},{"taxonomy":"post_tag","embeddable":true,"href":"https:\/\/investnews.com.br\/inv-api\/wp\/v2\/tags?post=605164"},{"taxonomy":"autor-wsj","embeddable":true,"href":"https:\/\/investnews.com.br\/inv-api\/wp\/v2\/autor-wsj?post=605164"},{"taxonomy":"author","embeddable":true,"href":"https:\/\/investnews.com.br\/inv-api\/wp\/v2\/coauthors?post=605164"}],"curies":[{"name":"wp","href":"https:\/\/api.w.org\/{rel}","templated":true}]}}