{"id":605427,"date":"2024-08-03T09:27:26","date_gmt":"2024-08-03T12:27:26","guid":{"rendered":"https:\/\/investnews.com.br\/?p=605427"},"modified":"2024-08-03T09:27:27","modified_gmt":"2024-08-03T12:27:27","slug":"americanas-convoca-assembleia-para-eleger-7-novos-membros-do-conselho","status":"publish","type":"post","link":"https:\/\/investnews.com.br\/financas\/americanas-convoca-assembleia-para-eleger-7-novos-membros-do-conselho\/","title":{"rendered":"Americanas convoca assembleia para eleger 7 novos membros do conselho"},"content":{"rendered":"\n<p>A varejista <strong>Americanas (<a href=\"https:\/\/investnews.com.br\/cotacao\/amer3-americanas\/\" target=\"_blank\" rel=\"noreferrer noopener\">AMER3<\/a>)<\/strong> divulgou um comunicado na noite desta sexta-feira (2) convocando uma assembleia geral extraordin\u00e1ria (AGE) para 5 de setembro. Entre os assuntos em pauta est\u00e1 a elei\u00e7\u00e3o de sete novos membros para compor o conselho de administra\u00e7\u00e3o da empresa.<\/p>\n\n\n\n<figure class=\"wp-block-image size-full\"><img loading=\"lazy\" decoding=\"async\" width=\"1920\" height=\"1280\" src=\"https:\/\/media.investnews.com.br\/uploads\/2024\/05\/Americanas_DSC06740-copiar-copy.webp\" alt=\"Fachada com letreiro das Lojas Americanas na regi\u00e3o da Avenida Paulista, S\u00e3o Paulo (SP)\" class=\"wp-image-577409\" srcset=\"https:\/\/media.investnews.com.br\/uploads\/2024\/05\/Americanas_DSC06740-copiar-copy.webp 1920w, https:\/\/media.investnews.com.br\/uploads\/2024\/05\/Americanas_DSC06740-copiar-copy-300x200.webp 300w, https:\/\/media.investnews.com.br\/uploads\/2024\/05\/Americanas_DSC06740-copiar-copy-1024x683.webp 1024w, https:\/\/media.investnews.com.br\/uploads\/2024\/05\/Americanas_DSC06740-copiar-copy-768x512.webp 768w, https:\/\/media.investnews.com.br\/uploads\/2024\/05\/Americanas_DSC06740-copiar-copy-1536x1024.webp 1536w, https:\/\/media.investnews.com.br\/uploads\/2024\/05\/Americanas_DSC06740-copiar-copy-1256x837.webp 1256w, https:\/\/media.investnews.com.br\/uploads\/2024\/05\/Americanas_DSC06740-copiar-copy-172x115.webp 172w, https:\/\/media.investnews.com.br\/uploads\/2024\/05\/Americanas_DSC06740-copiar-copy-150x100.webp 150w\" sizes=\"auto, (max-width: 1920px) 100vw, 1920px\" \/><figcaption class=\"wp-element-caption\">Fachada de uma das lojas da varejista Americanas, atualmente em <a href=\"https:\/\/investnews.com.br\/guias\/recuperacao-judicial\/\">recupera\u00e7\u00e3o judicial<\/a>.<\/figcaption><\/figure>\n\n\n\n<p>A elei\u00e7\u00e3o do novo conselho \u00e9 uma medida prevista no plano de <a href=\"https:\/\/investnews.com.br\/financas\/a-saga-da-recuperacao-americanas-fecha-acordo-com-parte-dos-credores\/\" target=\"_blank\" rel=\"noreferrer noopener\">recupera\u00e7\u00e3o judicial da companhia<\/a>, destacou a varejista em documento regulat\u00f3rio divulgado na noite desta sexta.<\/p>\n\n\n\n<p>Os nomes propostos para compor o colegiado, com um mandato de dois anos, s\u00e3o: <\/p>\n\n\n\n<ul class=\"wp-block-list\">\n<li>Eduardo Saggioro Garcia;<\/li>\n\n\n\n<li>Luiz Fernando Ziegler De Saint Edmond;<\/li>\n\n\n\n<li>Cl\u00e1udio Moniz Barreto Garcia;<\/li>\n\n\n\n<li>Yuiti Matsuo Lopes;<\/li>\n\n\n\n<li>Paula Magalh\u00e3es Cardoso Neves;<\/li>\n\n\n\n<li>Maria Rita Megre de Sousa Coutinho;<\/li>\n\n\n\n<li>Vanessa Claro Lopes.<\/li>\n<\/ul>\n\n\n\n<p>As tr\u00eas \u00faltimas da lista s\u00e3o conselheiras independentes.<\/p>\n\n\n\n<p>A Americanas est\u00e1 em recupera\u00e7\u00e3o judicial desde o ano passado, ap\u00f3s ser revelada uma fraude cont\u00e1bil bilion\u00e1ria na varejista. A AGE est\u00e1 marcada para come\u00e7ar \u00e0s 11h, de forma exclusivamente digital.<\/p>\n\n\n\n<h2 class=\"wp-block-heading\">Aumento de capital<\/h2>\n\n\n\n<p>A assembleia tamb\u00e9m vai votar sobre mudan\u00e7as no estatuto da companhia, para refletir altera\u00e7\u00f5es feitas ao longo do primeiro semestre. Entre elas est\u00e1 o <a href=\"https:\/\/investnews.com.br\/financas\/acionistas-da-americanas-aprovam-aumento-de-capital-de-ate-r-407-bi\/\" target=\"_blank\" rel=\"noreferrer noopener\">aumento de capital social da companhia de R$ 15,4 bilh\u00f5es para R$ 39,9 bilh\u00f5es<\/a>, aprovado em maio.<\/p>\n\n\n\n<p>Segundo o comunicado das Americanas, esse aumento j\u00e1 foi &#8220;homologado parcialmente&#8221; pelo<br>Conselho de Administra\u00e7\u00e3o, em reuni\u00e3o realizada em 25 de julho.<\/p>\n","protected":false},"excerpt":{"rendered":"<p>Al\u00e9m da elei\u00e7\u00e3o, assembleia tamb\u00e9m vai aprovar altera\u00e7\u00e3o de trecho do estatuto da companhia<\/p>\n","protected":false},"author":61,"featured_media":577409,"comment_status":"closed","ping_status":"closed","sticky":false,"template":"","format":"standard","meta":{"_acf_changed":false,"inline_featured_image":false,"footnotes":""},"categories":[4],"tags":[102288],"autor-wsj":[],"coauthors":[2494],"class_list":["post-605427","post","type-post","status-publish","format-standard","has-post-thumbnail","hentry","category-financas","tag-reuters"],"acf":[],"amp_enabled":true,"_links":{"self":[{"href":"https:\/\/investnews.com.br\/inv-api\/wp\/v2\/posts\/605427","targetHints":{"allow":["GET"]}}],"collection":[{"href":"https:\/\/investnews.com.br\/inv-api\/wp\/v2\/posts"}],"about":[{"href":"https:\/\/investnews.com.br\/inv-api\/wp\/v2\/types\/post"}],"author":[{"embeddable":true,"href":"https:\/\/investnews.com.br\/inv-api\/wp\/v2\/users\/61"}],"replies":[{"embeddable":true,"href":"https:\/\/investnews.com.br\/inv-api\/wp\/v2\/comments?post=605427"}],"version-history":[{"count":6,"href":"https:\/\/investnews.com.br\/inv-api\/wp\/v2\/posts\/605427\/revisions"}],"predecessor-version":[{"id":605471,"href":"https:\/\/investnews.com.br\/inv-api\/wp\/v2\/posts\/605427\/revisions\/605471"}],"wp:featuredmedia":[{"embeddable":true,"href":"https:\/\/investnews.com.br\/inv-api\/wp\/v2\/media\/577409"}],"wp:attachment":[{"href":"https:\/\/investnews.com.br\/inv-api\/wp\/v2\/media?parent=605427"}],"wp:term":[{"taxonomy":"category","embeddable":true,"href":"https:\/\/investnews.com.br\/inv-api\/wp\/v2\/categories?post=605427"},{"taxonomy":"post_tag","embeddable":true,"href":"https:\/\/investnews.com.br\/inv-api\/wp\/v2\/tags?post=605427"},{"taxonomy":"autor-wsj","embeddable":true,"href":"https:\/\/investnews.com.br\/inv-api\/wp\/v2\/autor-wsj?post=605427"},{"taxonomy":"author","embeddable":true,"href":"https:\/\/investnews.com.br\/inv-api\/wp\/v2\/coauthors?post=605427"}],"curies":[{"name":"wp","href":"https:\/\/api.w.org\/{rel}","templated":true}]}}