{"id":607664,"date":"2024-08-12T14:37:54","date_gmt":"2024-08-12T17:37:54","guid":{"rendered":"https:\/\/investnews.com.br\/?p=607664"},"modified":"2024-08-15T15:48:50","modified_gmt":"2024-08-15T18:48:50","slug":"precos-do-cafe-disparam-apos-geadas-no-brasil-preocupacao-com-frio-permanece","status":"publish","type":"post","link":"https:\/\/investnews.com.br\/economia\/precos-do-cafe-disparam-apos-geadas-no-brasil-preocupacao-com-frio-permanece\/","title":{"rendered":"Geadas no Brasil fazem pre\u00e7o do caf\u00e9 disparar e acendem sinal de alerta"},"content":{"rendered":"\n<p>(Reuters) &#8211; Os pre\u00e7os do caf\u00e9 subiram acentuadamente nesta segunda-feira (12), com geadas leves no Brasil durante o fim de semana aumentando as preocupa\u00e7\u00f5es com a oferta, enquanto o mercado tamb\u00e9m busca se proteger de eventuais novas ocorr\u00eancias do fen\u00f4meno nos pr\u00f3ximos dias.<\/p>\n\n\n\n<p>O contrato do caf\u00e9 ar\u00e1bica setembro estava em alta de mais de 4%, a 2,44 d\u00f3lares por libra-peso, por volta das 11h50 (hor\u00e1rio de Bras\u00edlia), ap\u00f3s ter subido mais anteriormente na sess\u00e3o.<\/p>\n\n\n\n<p>A Cooperativa dos Cafeicultores do Cerrado (Expocaccer) afirmou \u00e0 Reuters que houve geadas pontuais nessa importante regi\u00e3o produtora de caf\u00e9 ar\u00e1bica de Minas Gerais, no final de semana.<\/p>\n\n\n\n<p>&#8220;As geadas ocorreram em regi\u00f5es pontuais do Cerrado, mas ainda n\u00e3o sabemos dimens\u00f5es, hoje j\u00e1 iniciamos um levantamento com nossos cooperados&#8221;, disse a Expocaccer.<\/p>\n\n\n\n<p>Segundo a cooperativa, produtores afirmaram que a aten\u00e7\u00e3o estar\u00e1 &#8220;redobrada para essa noite e amanh\u00e3, pois o frio deve ser mais intenso&#8221;.<\/p>\n\n\n\n<p>O agrometeorologista Marco Antonio dos Santos, da Rural Clima, afirmou que houve geadas no final de semana, mas acrescentou que elas foram &#8220;bem localizadas&#8221; e sem paralelo com o registro de frio intenso de 2021, quando as temperaturas congelantes causaram perdas expressivas para a temporada seguinte.<\/p>\n\n\n\n<p>A empresa de meteorologia Nottus considerou que &#8220;possivelmente houve forma\u00e7\u00e3o de geadas em algumas \u00e1reas de baixadas ou geadas na relva, o que n\u00e3o afeta as lavouras&#8221; de caf\u00e9.<\/p>\n\n\n\n<p>Para afetar o caf\u00e9, a temperatura tem que estar em torno ou abaixo de zero, o que n\u00e3o foi observado nas \u00e1reas majorit\u00e1rias de caf\u00e9 nem de Minas Gerais e nem mesmo do Paran\u00e1, disse a Nottus.<\/p>\n\n\n\n<p>De maneira geral, a colheita da safra 2024 est\u00e1 caminhando para o final, o que livra a produ\u00e7\u00e3o deste ano de qualquer perda.<\/p>\n\n\n\n<p>Mas, dependendo a intensidade da geada, eventual perda pode ser sentida na colheita do pr\u00f3ximo ano.<\/p>\n\n\n\n<p>A for\u00e7a dos pre\u00e7os do caf\u00e9 robusta ap\u00f3s o clima adverso na safra do principal exportador, o Vietn\u00e3, tamb\u00e9m deu suporte ao mercado.<\/p>\n\n\n\n<p>&#8220;As chuvas abaixo da m\u00e9dia nos principais Estados produtores de caf\u00e9 no Brasil, juntamente com as crescentes preocupa\u00e7\u00f5es quanto ao impacto do evento El Ni\u00f1o de 2023\/24 sobre a produ\u00e7\u00e3o de caf\u00e9 no Sudeste Asi\u00e1tico, sustentaram o impulso de alta dos pre\u00e7os&#8221;, disse o analista BMI em uma nota.<\/p>\n\n\n\n<p>O caf\u00e9 robusta setembro subia mais de 5%, para US$ 4.560 por toneladas, ap\u00f3s ter superado US$ 4.600 a tonelada, mais cedo.<\/p>\n\n\n\n<p>O \u00f3rg\u00e3o meteorologista oficial do Brasil, o CPTEC, disse na semana passada que havia possibilidade de geadas em alguns Estados durante o fim de semana.<\/p>\n\n\n\n<p>Tamb\u00e9m se v\u00ea potencial para mais geadas nas primeiras horas de 13 de agosto, mas principalmente nos tr\u00eas Estados do Sul, al\u00e9m de S\u00e3o Paulo e Mato Grosso do Sul.<\/p>\n\n\n\n<h2 class=\"wp-block-heading\">Trigo e cana<\/h2>\n\n\n\n<p>As geadas tamb\u00e9m podem ter impacto negativo nos canaviais se forem fortes. S\u00e3o Paulo \u00e9 o maior Estado produtor de cana-de-a\u00e7\u00facar do Brasil.<\/p>\n\n\n\n<p>No Paran\u00e1, onde parte do trigo est\u00e1 suscet\u00edvel a perdas, as geadas a princ\u00edpio n\u00e3o causaram muitos problemas, segundo informa\u00e7\u00f5es preliminares.<\/p>\n\n\n\n<p>&#8220;Eu diria que os primeiros relatos s\u00e3o positivos, de impacto limitado, mas n\u00f3s temos ainda previs\u00e3o de geadas para os pr\u00f3ximos dias&#8221;, afirmou o agr\u00f4nomo Carlos Hugo Godinho, do Departamento de Economia Rural (Deral), do Paran\u00e1.<\/p>\n\n\n\n<p>Segundo a Nottus, relatos de produtores rurais indicam que houve danos em algumas \u00e1reas do trigo, embora ainda seja cedo para avaliar a extens\u00e3o dos preju\u00edzos.<\/p>\n\n\n\n<p>A empresa lembrou ainda que parte das lavouras n\u00e3o est\u00e1 em fase suscet\u00edvel a perdas (flora\u00e7\u00e3o e frutifica\u00e7\u00e3o).<\/p>\n\n\n\n<p>(Reportagem de Roberto Samora, Marcelo Teixeira e Nigel Hunt)<\/p>\n","protected":false},"excerpt":{"rendered":"<p>A depender da intensidade da geada, colheita do ano que vem pode ser afetada<\/p>\n","protected":false},"author":61,"featured_media":608565,"comment_status":"closed","ping_status":"closed","sticky":false,"template":"","format":"standard","meta":{"_acf_changed":false,"inline_featured_image":false,"footnotes":""},"categories":[5],"tags":[780,666,102288],"autor-wsj":[],"coauthors":[2494],"class_list":["post-607664","post","type-post","status-publish","format-standard","has-post-thumbnail","hentry","category-economia","tag-agronegocio","tag-commodities","tag-reuters"],"acf":[],"amp_enabled":true,"_links":{"self":[{"href":"https:\/\/investnews.com.br\/inv-api\/wp\/v2\/posts\/607664","targetHints":{"allow":["GET"]}}],"collection":[{"href":"https:\/\/investnews.com.br\/inv-api\/wp\/v2\/posts"}],"about":[{"href":"https:\/\/investnews.com.br\/inv-api\/wp\/v2\/types\/post"}],"author":[{"embeddable":true,"href":"https:\/\/investnews.com.br\/inv-api\/wp\/v2\/users\/61"}],"replies":[{"embeddable":true,"href":"https:\/\/investnews.com.br\/inv-api\/wp\/v2\/comments?post=607664"}],"version-history":[{"count":5,"href":"https:\/\/investnews.com.br\/inv-api\/wp\/v2\/posts\/607664\/revisions"}],"predecessor-version":[{"id":608570,"href":"https:\/\/investnews.com.br\/inv-api\/wp\/v2\/posts\/607664\/revisions\/608570"}],"wp:featuredmedia":[{"embeddable":true,"href":"https:\/\/investnews.com.br\/inv-api\/wp\/v2\/media\/608565"}],"wp:attachment":[{"href":"https:\/\/investnews.com.br\/inv-api\/wp\/v2\/media?parent=607664"}],"wp:term":[{"taxonomy":"category","embeddable":true,"href":"https:\/\/investnews.com.br\/inv-api\/wp\/v2\/categories?post=607664"},{"taxonomy":"post_tag","embeddable":true,"href":"https:\/\/investnews.com.br\/inv-api\/wp\/v2\/tags?post=607664"},{"taxonomy":"autor-wsj","embeddable":true,"href":"https:\/\/investnews.com.br\/inv-api\/wp\/v2\/autor-wsj?post=607664"},{"taxonomy":"author","embeddable":true,"href":"https:\/\/investnews.com.br\/inv-api\/wp\/v2\/coauthors?post=607664"}],"curies":[{"name":"wp","href":"https:\/\/api.w.org\/{rel}","templated":true}]}}