{"id":608081,"date":"2024-08-14T10:39:59","date_gmt":"2024-08-14T13:39:59","guid":{"rendered":"https:\/\/investnews.com.br\/?p=608081"},"modified":"2025-08-08T16:06:54","modified_gmt":"2025-08-08T19:06:54","slug":"ons-preve-elevar-limites-de-exportacao-de-energia-renovavel-do-nordeste","status":"publish","type":"post","link":"https:\/\/investnews.com.br\/economia\/ons-preve-elevar-limites-de-exportacao-de-energia-renovavel-do-nordeste\/","title":{"rendered":"ONS prev\u00ea elevar exporta\u00e7\u00e3o de energia renov\u00e1vel do Nordeste"},"content":{"rendered":"<p>Por Let\u00edcia Fucuchima<\/p><p>O Operador Nacional do Sistema El\u00e9trico (ONS) prev\u00ea elevar em setembro os limites de exporta\u00e7\u00e3o de energia gerada no Nordeste para o restante do pa\u00eds, o que pode ajudar a aumentar novamente o envio da gera\u00e7\u00e3o renov\u00e1vel. O \u00f3rg\u00e3o tem feito cortes nesse volume desde agosto do ano passado, quando um evento aparentemente simples em equipamentos no Cear\u00e1 culminou em um apag\u00e3o de grandes propor\u00e7\u00f5es no pa\u00eds.<\/p><p>O diretor de opera\u00e7\u00f5es do \u00f3rg\u00e3o Christiano Vieira avaliou negou que o ONS esteja sendo &#8220;conservador&#8221; na opera\u00e7\u00e3o do sistema el\u00e9trico e impondo mais restri\u00e7\u00f5es \u00e0 gera\u00e7\u00e3o renov\u00e1vel. Os limites de escoamento da energia gerada no Nordeste para as demais regi\u00f5es foram reduzidos em fun\u00e7\u00e3o dessa ocorr\u00eancia e, um ano depois, ainda n\u00e3o foram totalmente restabelecidos.<\/p><p>Os cortes de gera\u00e7\u00e3o v\u00eam preocupando investidores das fontes e\u00f3lica e solar, que relatam um agravamento dessas a\u00e7\u00f5es sem que haja compensa\u00e7\u00e3o financeira pela energia &#8220;desperdi\u00e7ada&#8221;.<\/p><p>Empresas como CPFL e AES divulgaram nas \u00faltimas semanas ter tido perdas no segundo trimestre em fun\u00e7\u00e3o desses cortes. A avalia\u00e7\u00e3o \u00e9 de que esse descarte deve permanecer e at\u00e9 se agravar, \u00e0 medida que oferta de energia renov\u00e1vel cresce mais rapidamente do que a rede de transmiss\u00e3o para esco\u00e1-la.<\/p><p><strong>LEIA MAIS<\/strong>: <a href=\"https:\/\/investnews.com.br\/economia\/brasil-procura-gas-natural-para-termeletricas-enquanto-seca-ameaca-reservatorios\/\">Brasil procura g\u00e1s natural para termel\u00e9tricas enquanto seca amea\u00e7a reservat\u00f3rios<\/a><\/p><p><strong>LEIA MAIS<\/strong>: <a href=\"https:\/\/investnews.com.br\/negocios\/de-olho-no-hidrogenio-verde-norueguesa-fuella-investe-no-porto-do-acu\/\">De olho no hidrog\u00eanio verde, norueguesa Fuella investe no Porto do A\u00e7u<\/a><\/p><p>O ONS prev\u00ea que esses limites poder\u00e3o ser elevados a 13 mil megawatts (MW), ante os atuais 11,6 mil MW, com a entrada em opera\u00e7\u00e3o da linha de transmiss\u00e3o Jaguaruana II \u2013 Pacatuba em setembro.<\/p><p>&#8220;Com essa obra, basicamente retornamos ao limite de escoamento que t\u00ednhamos pr\u00e9-agosto de 2023&#8221;, disse Vieira, ressaltando que novas linhas permitem que o ONS recalcule suas &#8220;regi\u00f5es de seguran\u00e7a&#8221; operativa, abrindo espa\u00e7o para elevar o fluxo da energia na rede el\u00e9trica nacional.<\/p><figure class=\"wp-block-image size-large\"><img loading=\"lazy\" decoding=\"async\" width=\"1024\" height=\"700\" src=\"https:\/\/media.investnews.com.br\/uploads\/2023\/10\/2023-10-25T103219Z_1_LYNXMPEJ9O0HP_RTROPTP_4_EMPRESAS-WEG-RESULTS-1024x700.jpg\" alt=\"Duas pessoas observam uma turbina e\u00f3lica em campo aberto sob c\u00e9u azul.\" class=\"wp-image-537498\" srcset=\"https:\/\/media.investnews.com.br\/uploads\/2023\/10\/2023-10-25T103219Z_1_LYNXMPEJ9O0HP_RTROPTP_4_EMPRESAS-WEG-RESULTS-1024x700.jpg 1024w, https:\/\/media.investnews.com.br\/uploads\/2023\/10\/2023-10-25T103219Z_1_LYNXMPEJ9O0HP_RTROPTP_4_EMPRESAS-WEG-RESULTS-300x205.jpg 300w, https:\/\/media.investnews.com.br\/uploads\/2023\/10\/2023-10-25T103219Z_1_LYNXMPEJ9O0HP_RTROPTP_4_EMPRESAS-WEG-RESULTS-768x525.jpg 768w, https:\/\/media.investnews.com.br\/uploads\/2023\/10\/2023-10-25T103219Z_1_LYNXMPEJ9O0HP_RTROPTP_4_EMPRESAS-WEG-RESULTS-1536x1049.jpg 1536w, https:\/\/media.investnews.com.br\/uploads\/2023\/10\/2023-10-25T103219Z_1_LYNXMPEJ9O0HP_RTROPTP_4_EMPRESAS-WEG-RESULTS-1256x858.jpg 1256w, https:\/\/media.investnews.com.br\/uploads\/2023\/10\/2023-10-25T103219Z_1_LYNXMPEJ9O0HP_RTROPTP_4_EMPRESAS-WEG-RESULTS-172x117.jpg 172w, https:\/\/media.investnews.com.br\/uploads\/2023\/10\/2023-10-25T103219Z_1_LYNXMPEJ9O0HP_RTROPTP_4_EMPRESAS-WEG-RESULTS-150x102.jpg 150w, https:\/\/media.investnews.com.br\/uploads\/2023\/10\/2023-10-25T103219Z_1_LYNXMPEJ9O0HP_RTROPTP_4_EMPRESAS-WEG-RESULTS.jpg 2048w\" sizes=\"auto, (max-width: 1024px) 100vw, 1024px\" \/><figcaption class=\"wp-element-caption\">REUTERS\/Andres Stapff<\/figcaption><\/figure><p>Chamados tecnicamente de &#8220;curtailment&#8221; ou &#8220;constrained-off&#8221;, esses cortes s\u00e3o determinados pelo ONS, na opera\u00e7\u00e3o em tempo real do sistema brasileiro, e podem ocorrer quando n\u00e3o h\u00e1 capacidade de escoamento da energia &#8211; por falta de linhas de transmiss\u00e3o, por exemplo &#8211; ou quando a produ\u00e7\u00e3o supera a carga a ser atendida.<\/p><p>Segundo Vieira, a maioria das interrup\u00e7\u00f5es de produ\u00e7\u00e3o das usinas tem ocorrido por restri\u00e7\u00f5es el\u00e9tricas associadas \u00e0 confiabilidade, ou seja, por quest\u00f5es de seguran\u00e7a. A ideia \u00e9 evitar qualquer impacto no atendimento aos consumidores caso alguma perturba\u00e7\u00e3o ocorra naquele ponto do sistema.<\/p><p>Ele disse ainda que os cortes representam um volume relativamente baixo. Em julho, o ONS registrou cortes de 1.756 MW m\u00e9dios para a fonte e\u00f3lica e 532 MW m\u00e9dios para a fotovoltaica. O percentual de corte em rela\u00e7\u00e3o \u00e0 carga foi de 3,08%, considerando a m\u00e9dia de 74.133 MW no m\u00eas.<\/p><p>&#8220;N\u00e3o entendemos que seja um valor excessivo&#8230; Mas potencialmente um ou outro agente pode sofrer cortes um pouco maiores, mais intensos, por conta da posi\u00e7\u00e3o que ele est\u00e1 na rede. Se voc\u00ea esta perto de um fluxo que precisa ser controlado sempre, aquele agente pode ser acionado mais vezes&#8221;.<\/p><p>Para tratar dessa situa\u00e7\u00e3o espec\u00edfica de alguns agentes, a ag\u00eancia reguladora Aneel deve discutir como alocar adequadamente os custos desses cortes, acrescentou o diretor.<\/p><p>&#8220;Uma coisa \u00e9 o que o ONS precisa fazer em tempo real, a gente olha a confiabilidade el\u00e9trica. Outra \u00e9: dado que cortou aquele agente, como que o efeito econ\u00f4mico daquele corte vai ser distribu\u00eddo entre os agentes? Vai ficar concentrado em um, vai ser distribu\u00eddo entre v\u00e1rios? \u00c9 uma discuss\u00e3o regulat\u00f3ria.&#8221;<\/p><p>Vieira afirmou que, mesmo com a expans\u00e3o da transmiss\u00e3o de energia, cortes v\u00e3o continuar ocorrendo tamb\u00e9m por quest\u00f5es energ\u00e9ticas, quando a gera\u00e7\u00e3o supera a carga, algo que acontece aos finais de semana e come\u00e7o da manh\u00e3, por exemplo.<\/p><p>&#8220;N\u00e3o existe conservadorismo da nossa parte, n\u00e3o vamos cortar uma quantidade menor por conveni\u00eancia operativa, n\u00e3o existe isso. O que existe \u00e9: o operador precisa operar o sistema com seguran\u00e7a, e a seguran\u00e7a \u00e9 com o que a gente v\u00ea em campo.&#8221;<\/p><p><\/p><p><\/p>\n","protected":false},"excerpt":{"rendered":"<p>\u00d3rg\u00e3o tem feito cortes desde agosto do ano passado, ap\u00f3s apag\u00e3o de grandes propor\u00e7\u00f5es no pa\u00eds<\/p>\n","protected":false},"author":61,"featured_media":608204,"comment_status":"closed","ping_status":"closed","sticky":false,"template":"","format":"standard","meta":{"_acf_changed":false,"inline_featured_image":false,"footnotes":""},"categories":[5],"tags":[102288],"autor-wsj":[],"coauthors":[2494],"class_list":["post-608081","post","type-post","status-publish","format-standard","has-post-thumbnail","hentry","category-economia","tag-reuters"],"acf":[],"amp_enabled":true,"_links":{"self":[{"href":"https:\/\/investnews.com.br\/inv-api\/wp\/v2\/posts\/608081","targetHints":{"allow":["GET"]}}],"collection":[{"href":"https:\/\/investnews.com.br\/inv-api\/wp\/v2\/posts"}],"about":[{"href":"https:\/\/investnews.com.br\/inv-api\/wp\/v2\/types\/post"}],"author":[{"embeddable":true,"href":"https:\/\/investnews.com.br\/inv-api\/wp\/v2\/users\/61"}],"replies":[{"embeddable":true,"href":"https:\/\/investnews.com.br\/inv-api\/wp\/v2\/comments?post=608081"}],"version-history":[{"count":9,"href":"https:\/\/investnews.com.br\/inv-api\/wp\/v2\/posts\/608081\/revisions"}],"predecessor-version":[{"id":702544,"href":"https:\/\/investnews.com.br\/inv-api\/wp\/v2\/posts\/608081\/revisions\/702544"}],"wp:featuredmedia":[{"embeddable":true,"href":"https:\/\/investnews.com.br\/inv-api\/wp\/v2\/media\/608204"}],"wp:attachment":[{"href":"https:\/\/investnews.com.br\/inv-api\/wp\/v2\/media?parent=608081"}],"wp:term":[{"taxonomy":"category","embeddable":true,"href":"https:\/\/investnews.com.br\/inv-api\/wp\/v2\/categories?post=608081"},{"taxonomy":"post_tag","embeddable":true,"href":"https:\/\/investnews.com.br\/inv-api\/wp\/v2\/tags?post=608081"},{"taxonomy":"autor-wsj","embeddable":true,"href":"https:\/\/investnews.com.br\/inv-api\/wp\/v2\/autor-wsj?post=608081"},{"taxonomy":"author","embeddable":true,"href":"https:\/\/investnews.com.br\/inv-api\/wp\/v2\/coauthors?post=608081"}],"curies":[{"name":"wp","href":"https:\/\/api.w.org\/{rel}","templated":true}]}}