{"id":608977,"date":"2024-08-19T08:26:18","date_gmt":"2024-08-19T11:26:18","guid":{"rendered":"https:\/\/investnews.com.br\/?p=608977"},"modified":"2024-09-02T17:45:23","modified_gmt":"2024-09-02T20:45:23","slug":"porsche-entra-no-jogo-para-salvar-fabricante-de-baterias-varta","status":"publish","type":"post","link":"https:\/\/investnews.com.br\/negocios\/porsche-entra-no-jogo-para-salvar-fabricante-de-baterias-varta\/","title":{"rendered":"Porsche entra em campo para salvar fabricante de baterias"},"content":{"rendered":"\n<p>Por Alexander H\u00fcbner e Emma-Victoria Farr<\/p>\n\n\n\n<p>A montadora Porsche se tornou, literalmente, a t\u00e1bua de salva\u00e7\u00e3o da fabricante de baterias Varta. No s\u00e1bado, a companhia informou ter chegado a um acordo de reestrutura\u00e7\u00e3o com seus credores, no qual conseguiu trazer a fabricante de carros esportivos para resgatar o neg\u00f3cio.<\/p>\n\n\n\n<p>A d\u00edvida da Varta ser\u00e1 reduzida de 485 milh\u00f5es de euros para 200 milh\u00f5es de euros, informou a empresa.<\/p>\n\n\n\n<p>As demoradas negocia\u00e7\u00f5es entre o principal <a href=\"https:\/\/investnews.com.br\/guias\/acionista-o-que-e-e-como-funciona\/\">acionista<\/a>, Michael Tojner, os credores e a Porsche resultaram em um compromisso para um al\u00edvio das d\u00edvidas da Varta e a entrada de capital na empresa.<\/p>\n\n\n\n<p>Tojner e Porsche ser\u00e3o os novos donos da Varta e injetar\u00e3o 60 milh\u00f5es de euros na companhia. Outros 60 milh\u00f5es vir\u00e3o de credores, como empr\u00e9stimos com garantias.<\/p>\n\n\n\n<p>Um terceiro investidor pode surgir em um momento posterior.<\/p>\n\n\n\n<figure class=\"wp-block-image size-large\"><img loading=\"lazy\" decoding=\"async\" width=\"1024\" height=\"683\" src=\"https:\/\/media.investnews.com.br\/uploads\/2024\/08\/Porsche_GettyImages-2152281621-1024x683.webp\" alt=\"Trabalhadores montam o novo Porsche Macan totalmente el\u00e9trico na f\u00e1brica de montagem da Porsche em 6 de maio de 2024 em Leipzig, Alemanha. O Macan el\u00e9trico \u00e9 o segundo carro el\u00e9trico da Porsche depois do Taycan. A empresa tamb\u00e9m oferece dois carros h\u00edbridos. (Foto: Jens Schlueter\/Getty Images)\" class=\"wp-image-609133\" srcset=\"https:\/\/media.investnews.com.br\/uploads\/2024\/08\/Porsche_GettyImages-2152281621-1024x683.webp 1024w, https:\/\/media.investnews.com.br\/uploads\/2024\/08\/Porsche_GettyImages-2152281621-300x200.webp 300w, https:\/\/media.investnews.com.br\/uploads\/2024\/08\/Porsche_GettyImages-2152281621-768x512.webp 768w, https:\/\/media.investnews.com.br\/uploads\/2024\/08\/Porsche_GettyImages-2152281621-1536x1024.webp 1536w, https:\/\/media.investnews.com.br\/uploads\/2024\/08\/Porsche_GettyImages-2152281621-1256x837.webp 1256w, https:\/\/media.investnews.com.br\/uploads\/2024\/08\/Porsche_GettyImages-2152281621-172x115.webp 172w, https:\/\/media.investnews.com.br\/uploads\/2024\/08\/Porsche_GettyImages-2152281621-150x100.webp 150w, https:\/\/media.investnews.com.br\/uploads\/2024\/08\/Porsche_GettyImages-2152281621.webp 1920w\" sizes=\"auto, (max-width: 1024px) 100vw, 1024px\" \/><figcaption class=\"wp-element-caption\">Trabalhadores montam o novo Porsche Macan totalmente el\u00e9trico na f\u00e1brica de montagem da Porsche em 6 de maio de 2024 em Leipzig, Alemanha. (Foto: Jens Schlueter\/Getty Images)<\/figcaption><\/figure>\n","protected":false},"excerpt":{"rendered":"<p>Fabricante de carros esportivos vai ajudar a reduzir d\u00edvida e injetar 60 milh\u00f5es de euros para resgatar o neg\u00f3cio<\/p>\n","protected":false},"author":61,"featured_media":609133,"comment_status":"closed","ping_status":"closed","sticky":false,"template":"","format":"standard","meta":{"_acf_changed":false,"inline_featured_image":false,"footnotes":""},"categories":[6],"tags":[102288],"autor-wsj":[],"coauthors":[2494],"class_list":["post-608977","post","type-post","status-publish","format-standard","has-post-thumbnail","hentry","category-negocios","tag-reuters"],"acf":[],"amp_enabled":true,"_links":{"self":[{"href":"https:\/\/investnews.com.br\/inv-api\/wp\/v2\/posts\/608977","targetHints":{"allow":["GET"]}}],"collection":[{"href":"https:\/\/investnews.com.br\/inv-api\/wp\/v2\/posts"}],"about":[{"href":"https:\/\/investnews.com.br\/inv-api\/wp\/v2\/types\/post"}],"author":[{"embeddable":true,"href":"https:\/\/investnews.com.br\/inv-api\/wp\/v2\/users\/61"}],"replies":[{"embeddable":true,"href":"https:\/\/investnews.com.br\/inv-api\/wp\/v2\/comments?post=608977"}],"version-history":[{"count":11,"href":"https:\/\/investnews.com.br\/inv-api\/wp\/v2\/posts\/608977\/revisions"}],"predecessor-version":[{"id":612242,"href":"https:\/\/investnews.com.br\/inv-api\/wp\/v2\/posts\/608977\/revisions\/612242"}],"wp:featuredmedia":[{"embeddable":true,"href":"https:\/\/investnews.com.br\/inv-api\/wp\/v2\/media\/609133"}],"wp:attachment":[{"href":"https:\/\/investnews.com.br\/inv-api\/wp\/v2\/media?parent=608977"}],"wp:term":[{"taxonomy":"category","embeddable":true,"href":"https:\/\/investnews.com.br\/inv-api\/wp\/v2\/categories?post=608977"},{"taxonomy":"post_tag","embeddable":true,"href":"https:\/\/investnews.com.br\/inv-api\/wp\/v2\/tags?post=608977"},{"taxonomy":"autor-wsj","embeddable":true,"href":"https:\/\/investnews.com.br\/inv-api\/wp\/v2\/autor-wsj?post=608977"},{"taxonomy":"author","embeddable":true,"href":"https:\/\/investnews.com.br\/inv-api\/wp\/v2\/coauthors?post=608977"}],"curies":[{"name":"wp","href":"https:\/\/api.w.org\/{rel}","templated":true}]}}