{"id":609651,"date":"2024-08-21T12:26:45","date_gmt":"2024-08-21T15:26:45","guid":{"rendered":"https:\/\/investnews.com.br\/?p=609651"},"modified":"2025-08-08T16:06:36","modified_gmt":"2025-08-08T19:06:36","slug":"cortes-de-energia-renovavel-no-brasil-podem-levar-a-perdas-de-r-700-mi-ate-o-fim-do-ano","status":"publish","type":"post","link":"https:\/\/investnews.com.br\/economia\/cortes-de-energia-renovavel-no-brasil-podem-levar-a-perdas-de-r-700-mi-ate-o-fim-do-ano\/","title":{"rendered":"Cortes de energia renov\u00e1vel no Brasil podem levar a perdas de R$ 700 mi at\u00e9 o fim do ano"},"content":{"rendered":"<p>Por Let\u00edcia Fucuchima<\/p><p>Empresas de gera\u00e7\u00e3o de energia e\u00f3lica e solar est\u00e3o amargando perdas de centenas de milh\u00f5es de reais com interrup\u00e7\u00f5es da produ\u00e7\u00e3o de suas usinas determinadas pelo Operador Nacional do Sistema El\u00e9trico (ONS). O problema pode tornar projetos inteiros invi\u00e1veis e impactar a decis\u00e3o de investimentos futuros.<\/p><p>A situa\u00e7\u00e3o tem afetado principalmente parques renov\u00e1veis no Nordeste, diante de gargalos na transmiss\u00e3o de energia para o Sul e Sudeste. Chamadas tecnicamente de &#8220;curtailments&#8221;, essas a\u00e7\u00f5es s\u00e3o alternativas para quando a gera\u00e7\u00e3o excede o consumo ou quando falta capacidade de transmiss\u00e3o. O problema \u00e9 que se intensificaram no \u00faltimo ano, depois de um grande apag\u00e3o que come\u00e7ou no Nordeste. O evento levou o ONS a reduzir o volume de energia que a regi\u00e3o envia para o restante do pa\u00eds.<\/p><p>&#8220;Esse \u00e9 hoje o maior problema do setor e\u00f3lico&#8230; Virou uma incerteza que o gerador n\u00e3o consegue nem calcular&#8221;, afirmou Elbia Gannoum, presidente da Associa\u00e7\u00e3o Brasileira de Energia E\u00f3lica (ABEE\u00f3lica).<\/p><p>A entidade estima que o preju\u00edzo total aos geradores da fonte alcan\u00e7ar\u00e1 R$ 700 milh\u00f5es entre agosto de 2023, quando o problema se agravou, e o final deste ano. A Absolar, associa\u00e7\u00e3o do setor de energia solar, n\u00e3o fez proje\u00e7\u00e3o, mas calcula perdas de R$ 50 milh\u00f5es de abril a julho deste ano, per\u00edodo para o qual disse ter dados oficiais.<\/p><p><strong>LEIA MAIS<\/strong>: <a href=\"https:\/\/investnews.com.br\/economia\/ons-preve-elevar-limites-de-exportacao-de-energia-renovavel-do-nordeste\/\">ONS prev\u00ea elevar exporta\u00e7\u00e3o de energia renov\u00e1vel do Nordeste<\/a><\/p><p>Eduardo Sattamini, CEO da Engie Brasil Energia, empresa tamb\u00e9m afetada pelos cortes, disse que a companhia est\u00e1 preocupada com os desafios impostos pela frustra\u00e7\u00e3o de gera\u00e7\u00e3o no Brasil, j\u00e1 que o impacto imediato \u00e9 o &#8220;desperd\u00edcio de energia renov\u00e1vel para o pa\u00eds&#8221;.<\/p><p>Para o empreendedor, acrescentou ele, h\u00e1 a &#8220;frustra\u00e7\u00e3o parcial de seus investimentos&#8221;.<\/p><p>&#8220;Um complexo e\u00f3lico que sofre uma s\u00e9rie de cortes, que n\u00e3o est\u00e1 gerando nem pr\u00f3ximo daquilo que \u00e9 esperado, \u00e9 um projeto que est\u00e1 indo \u00e0 bancarrota&#8221;, afirmou o diretor t\u00e9cnico da ABEE\u00f3lica, Francisco da Silva.<\/p><p>Segundo Silva, por mais que para uma empresa seja um \u00fanico projeto, ela &#8220;precisa daquilo dando retorno para que o <a href=\"https:\/\/investnews.com.br\/guias\/acionista-o-que-e-e-como-funciona\/\">acionista<\/a> tome a decis\u00e3o de investir em novos projetos&#8221;.<\/p><figure class=\"wp-block-image size-large\"><img loading=\"lazy\" decoding=\"async\" width=\"1024\" height=\"682\" src=\"https:\/\/media.investnews.com.br\/uploads\/2023\/11\/solar-power-plant-2022-12-15-19-30-46-utc-1024x682.jpg\" alt=\"Extensa usina solar flutuante ao p\u00f4r do sol, com pain\u00e9is e reflexos dourados na \u00e1gua.\" class=\"wp-image-539312\" srcset=\"https:\/\/media.investnews.com.br\/uploads\/2023\/11\/solar-power-plant-2022-12-15-19-30-46-utc-1024x682.jpg 1024w, https:\/\/media.investnews.com.br\/uploads\/2023\/11\/solar-power-plant-2022-12-15-19-30-46-utc-300x200.jpg 300w, https:\/\/media.investnews.com.br\/uploads\/2023\/11\/solar-power-plant-2022-12-15-19-30-46-utc-768x512.jpg 768w, https:\/\/media.investnews.com.br\/uploads\/2023\/11\/solar-power-plant-2022-12-15-19-30-46-utc-1536x1023.jpg 1536w, https:\/\/media.investnews.com.br\/uploads\/2023\/11\/solar-power-plant-2022-12-15-19-30-46-utc-1256x837.jpg 1256w, https:\/\/media.investnews.com.br\/uploads\/2023\/11\/solar-power-plant-2022-12-15-19-30-46-utc-172x115.jpg 172w, https:\/\/media.investnews.com.br\/uploads\/2023\/11\/solar-power-plant-2022-12-15-19-30-46-utc-150x100.jpg 150w, https:\/\/media.investnews.com.br\/uploads\/2023\/11\/solar-power-plant-2022-12-15-19-30-46-utc.jpg 2048w\" sizes=\"auto, (max-width: 1024px) 100vw, 1024px\" \/><figcaption class=\"wp-element-caption\">Usina de energia solar\nPor liufuyu<\/figcaption><\/figure><p>O percentual de cortes na m\u00e9dia nacional foi equivalente a 3% da carga em julho, quando houve aumento dessas a\u00e7\u00f5es. Em alguns projetos espec\u00edficos, contudo, as perdas s\u00e3o mais relevantes. No acumulado de 2024, os cortes levaram a uma frustra\u00e7\u00e3o de gera\u00e7\u00e3o de mais de 20% em cerca de 20 empreendimentos, sendo que esse \u00edndice chega a superar 50% em uma usina solar da chinesa SPIC e em um conjunto e\u00f3lico da Equatorial, segundo um levantamento da consultoria Volt Robotics obtido pela Reuters.<\/p><p>De acordo com levantamento da Volt Robotics com base em dados do ONS, o maior impacto para o setor de energia e\u00f3lica foi visto no conjunto Serra do Mel II B (RN), da Equatorial, com 57,8% de gera\u00e7\u00e3o perdida.<\/p><p>Na energia solar, o principal projeto afetado pelos cortes \u00e9 o conjunto Banabuiu (CE) da SPIC, com uma frustra\u00e7\u00e3o de gera\u00e7\u00e3o de 50,35% de janeiro at\u00e9 o in\u00edcio de agosto.<\/p><p>Os dados apontam ainda cortes acima de 20% para outras e\u00f3licas da Equatorial e uma s\u00e9rie de usinas renov\u00e1veis de grandes el\u00e9tricas, como Engie Brasil, Alupar, Voltalia e Elera, da Brookfield.<\/p><p>Al\u00e9m do desperd\u00edcio de recursos e de energia renov\u00e1vel, a interrup\u00e7\u00e3o da gera\u00e7\u00e3o imp\u00f5e custos adicionais \u00e0s empresas, que t\u00eam que sair a mercado para comprar energia para conseguir honrar seus contratos junto a distribuidoras ou consumidores livres.<\/p><p><strong>LEIA MAIS<\/strong>: <a href=\"https:\/\/investnews.com.br\/economia\/brasil-procura-gas-natural-para-termeletricas-enquanto-seca-ameaca-reservatorios\/\">Brasil procura g\u00e1s natural para termel\u00e9tricas enquanto seca amea\u00e7a reservat\u00f3rios<\/a><\/p><p>A Voltalia divulgou no in\u00edcio da semana uma proje\u00e7\u00e3o de impacto de 40 milh\u00f5es de euros em seu <a href=\"https:\/\/investnews.com.br\/guias\/ebitda-o-que-e-como-calcular\/\">Ebitda<\/a> de 2024 em fun\u00e7\u00e3o dos cortes de gera\u00e7\u00e3o no Brasil. Outras el\u00e9tricas, como a CPFL Energia, destacaram o assunto na apresenta\u00e7\u00e3o de seus resultados do segundo trimestre, apontando perdas financeiras.<\/p><p>As entidades ressaltam que a lei brasileira prev\u00ea ressarcimento aos geradores pelos cortes do ONS, mas questionam a regulamenta\u00e7\u00e3o do tema definida pela ag\u00eancia reguladora Aneel. O tema \u00e9 alvo de uma disputa judicial.<\/p><p>O ONS defende que os cortes que v\u00eam sendo realizados no dia a dia n\u00e3o s\u00e3o excessivos, apenas o necess\u00e1rio para manter a seguran\u00e7a da opera\u00e7\u00e3o, disse \u00e0 Reuters um diretor do \u00f3rg\u00e3o na semana passada. O operador tamb\u00e9m prev\u00ea para setembro um aumento da capacidade de exporta\u00e7\u00e3o da energia do Nordeste, o que deve ajudar a reduzir os cortes.<\/p><p>Mas a expectativa \u00e9 de que o problema persista com o crescimento acelerado da energia e\u00f3lica e solar na matriz brasileira, enquanto novas linhas de transmiss\u00e3o n\u00e3o entram em opera\u00e7\u00e3o &#8211;o governo realizou leil\u00f5es bilion\u00e1rios para conceder a constru\u00e7\u00e3o dos projetos a empresas privadas, mas eles ainda levar\u00e3o anos para entrar em opera\u00e7\u00e3o.<\/p><p>As perdas mais relevantes dependem da localiza\u00e7\u00e3o das usinas, se est\u00e3o em \u00e1reas com restri\u00e7\u00f5es associadas \u00e0 seguran\u00e7a das opera\u00e7\u00f5es.<\/p><h2 class=\"wp-block-heading\">Cortes desestimulam novos projetos<\/h2><p>A CEO da SPIC Brasil, Adriana Waltrick, disse que parte dos cortes de gera\u00e7\u00e3o em sua usina solar no Cear\u00e1 est\u00e1 relacionado a atrasos de meses na entrada em opera\u00e7\u00e3o de linhas de transmiss\u00e3o.<\/p><p>&#8220;Caso as atuais restri\u00e7\u00f5es n\u00e3o sejam solucionadas adequadamente, podem onerar os custos futuros de energia e impactar a competitividade do setor de energia renov\u00e1vel no Brasil&#8221;, afirmou a executiva.<\/p><p>J\u00e1 a Equatorial Energia afirmou que os cortes de gera\u00e7\u00e3o j\u00e1 est\u00e3o trazendo impactos negativos, como acionamento de usinas t\u00e9rmicas, precifica\u00e7\u00e3o de maior risco pelos investidores e redu\u00e7\u00e3o de novos investimentos no pa\u00eds, &#8220;comprometendo os objetivos de transi\u00e7\u00e3o energ\u00e9tica brasileiro&#8221;.<\/p><p>&#8220;N\u00e3o h\u00e1 ambiente para tomada de decis\u00e3o de novos projetos, desde o ano passado, quando houve o agravo significativo dos cortes de energia e, certamente, dentro de um a dois anos, vamos perceber as consequ\u00eancias deste cen\u00e1rio&#8221;, disse a Equatorial.<\/p><p>Sattamini, da Engie Brasil Energia, avaliou que o principal raz\u00e3o para o crescimento dos cortes foi a acelera\u00e7\u00e3o de subs\u00eddios para a gera\u00e7\u00e3o renov\u00e1vel, principalmente para a gera\u00e7\u00e3o distribu\u00edda, que fizeram crescer a capacidade em ritmo muito maior do que a expans\u00e3o do consumo das ind\u00fastrias e das fam\u00edlias.<\/p><p>A Elera afirmou que a incerteza sobre os n\u00edveis de cortes de gera\u00e7\u00e3o, associada \u00e0 aus\u00eancia de tratamento regulat\u00f3rio adequado, pode acarretar &#8220;preju\u00edzos relevantes&#8221; aos agentes do setor, &#8220;tornando investimentos em renov\u00e1veis mais arriscados e podendo levar a um quadro de diminui\u00e7\u00e3o no futuro&#8221;.<\/p><figure class=\"wp-block-image size-full\"><img loading=\"lazy\" decoding=\"async\" width=\"2048\" height=\"1614\" src=\"https:\/\/media.investnews.com.br\/uploads\/2021\/12\/energiarenovavel-scaled.jpg\" alt=\"Transi\u00e7\u00e3o energ\u00e9tica\" class=\"wp-image-292512\" srcset=\"https:\/\/media.investnews.com.br\/uploads\/2021\/12\/energiarenovavel-scaled.jpg 2048w, https:\/\/media.investnews.com.br\/uploads\/2021\/12\/energiarenovavel-scaled-300x236.jpg 300w, https:\/\/media.investnews.com.br\/uploads\/2021\/12\/energiarenovavel-scaled-1024x807.jpg 1024w, https:\/\/media.investnews.com.br\/uploads\/2021\/12\/energiarenovavel-scaled-768x605.jpg 768w, https:\/\/media.investnews.com.br\/uploads\/2021\/12\/energiarenovavel-scaled-1536x1211.jpg 1536w, https:\/\/media.investnews.com.br\/uploads\/2021\/12\/energiarenovavel-scaled-1185x934.jpg 1185w, https:\/\/media.investnews.com.br\/uploads\/2021\/12\/energiarenovavel-scaled-172x136.jpg 172w, https:\/\/media.investnews.com.br\/uploads\/2021\/12\/energiarenovavel-scaled-150x118.jpg 150w\" sizes=\"auto, (max-width: 2048px) 100vw, 2048px\" \/><\/figure>\n","protected":false},"excerpt":{"rendered":"<p>Empresas de gera\u00e7\u00e3o de energia e\u00f3lica e solar est\u00e3o amargando perdas de centenas de milh\u00f5es de reais com interrup\u00e7\u00f5es da produ\u00e7\u00e3o<\/p>\n","protected":false},"author":61,"featured_media":310991,"comment_status":"closed","ping_status":"closed","sticky":false,"template":"","format":"standard","meta":{"_acf_changed":false,"inline_featured_image":false,"footnotes":""},"categories":[5,6],"tags":[824,102288],"autor-wsj":[],"coauthors":[2494],"class_list":["post-609651","post","type-post","status-publish","format-standard","has-post-thumbnail","hentry","category-economia","category-negocios","tag-energia","tag-reuters"],"acf":[],"amp_enabled":true,"_links":{"self":[{"href":"https:\/\/investnews.com.br\/inv-api\/wp\/v2\/posts\/609651","targetHints":{"allow":["GET"]}}],"collection":[{"href":"https:\/\/investnews.com.br\/inv-api\/wp\/v2\/posts"}],"about":[{"href":"https:\/\/investnews.com.br\/inv-api\/wp\/v2\/types\/post"}],"author":[{"embeddable":true,"href":"https:\/\/investnews.com.br\/inv-api\/wp\/v2\/users\/61"}],"replies":[{"embeddable":true,"href":"https:\/\/investnews.com.br\/inv-api\/wp\/v2\/comments?post=609651"}],"version-history":[{"count":7,"href":"https:\/\/investnews.com.br\/inv-api\/wp\/v2\/posts\/609651\/revisions"}],"predecessor-version":[{"id":702526,"href":"https:\/\/investnews.com.br\/inv-api\/wp\/v2\/posts\/609651\/revisions\/702526"}],"wp:featuredmedia":[{"embeddable":true,"href":"https:\/\/investnews.com.br\/inv-api\/wp\/v2\/media\/310991"}],"wp:attachment":[{"href":"https:\/\/investnews.com.br\/inv-api\/wp\/v2\/media?parent=609651"}],"wp:term":[{"taxonomy":"category","embeddable":true,"href":"https:\/\/investnews.com.br\/inv-api\/wp\/v2\/categories?post=609651"},{"taxonomy":"post_tag","embeddable":true,"href":"https:\/\/investnews.com.br\/inv-api\/wp\/v2\/tags?post=609651"},{"taxonomy":"autor-wsj","embeddable":true,"href":"https:\/\/investnews.com.br\/inv-api\/wp\/v2\/autor-wsj?post=609651"},{"taxonomy":"author","embeddable":true,"href":"https:\/\/investnews.com.br\/inv-api\/wp\/v2\/coauthors?post=609651"}],"curies":[{"name":"wp","href":"https:\/\/api.w.org\/{rel}","templated":true}]}}