{"id":609831,"date":"2024-08-22T11:06:49","date_gmt":"2024-08-22T14:06:49","guid":{"rendered":"https:\/\/investnews.com.br\/?p=609831"},"modified":"2024-08-22T11:23:41","modified_gmt":"2024-08-22T14:23:41","slug":"vibra-antecipa-compra-dos-restantes-50-da-comerc-por-r35-bi","status":"publish","type":"post","link":"https:\/\/investnews.com.br\/negocios\/vibra-antecipa-compra-dos-restantes-50-da-comerc-por-r35-bi\/","title":{"rendered":"Vibra antecipa compra dos 50% restantes da Comerc por R$3,5 bilh\u00f5es"},"content":{"rendered":"\n<p>A Vibra Energia informou nesta quarta-feira que firmou acordo para antecipar o direito de compra da fatia remanescente de 50% da Comerc, em conjunto com a Perfin Infra e outros acionistas da Comerc, no valor de R$ 3,52 bilh\u00f5es.<\/p>\n\n\n\n<p>A empresa de energia adquiriu cerca de 50% da Comerc em um acordo em 2022, e tinha o direito de comprar a participa\u00e7\u00e3o restante at\u00e9 2026.<\/p>\n\n\n\n<p>A Vibra disse em fato relevante que a antecipa\u00e7\u00e3o \u00e9 &#8220;mais vantajosa do que aguardar a janela entre 2026 e 2028&#8221;, citando fatores como a necessidade de aproveitar os benef\u00edcios imediatos.<\/p>\n\n\n\n<p>&#8220;N\u00e3o ser\u00e1 necess\u00e1ria a convoca\u00e7\u00e3o de uma nova assembleia geral de acionistas da Vibra, j\u00e1 que o valor da aquisi\u00e7\u00e3o est\u00e1 abaixo dos 9,34 bilh\u00f5es de reais aprovado como limite para essa aquisi\u00e7\u00e3o&#8221;, afirmou a Vibra no comunicado.<\/p>\n\n\n\n<p>&#8220;A Vibra j\u00e1 disp\u00f5e do montante necess\u00e1rio para o pagamento do pre\u00e7o de aquisi\u00e7\u00e3o previsto na opera\u00e7\u00e3o, n\u00e3o havendo, portanto, mudan\u00e7a significativa na sua estrutura de capital.&#8221;<\/p>\n\n\n\n<p>Separadamente, a Comerc afirmou que o fechamento do acordo, sujeito a aprova\u00e7\u00f5es habituais para esse tipo de opera\u00e7\u00e3o, est\u00e1 previsto para o primeiro trimestre de 2025.<\/p>\n\n\n\n<p>A Vibra prev\u00ea que a Comerc ter\u00e1 um <a href=\"https:\/\/investnews.com.br\/guias\/ebitda-o-que-e-como-calcular\/\">Ebitda<\/a> @stake, isto \u00e9, o Ebitda proporcional ao percentual de participa\u00e7\u00e3o da Comerc nos neg\u00f3cios\/projetos nos quais possui participa\u00e7\u00e3o, excluindo efeitos como despesas n\u00e3o recorrentes, de R$ 1 bilh\u00e3o em 2024 e R$ 1,3 bilh\u00e3o  em 2025.<\/p>\n\n\n\n<p>A empresa tamb\u00e9m afirmou que estima sinergias de R$ 1,4 bilh\u00e3o nos pr\u00f3ximos anos. &#8220;Essas sinergias incluem redu\u00e7\u00e3o de custos financeiros, otimiza\u00e7\u00e3o da estrutura fiscal e de custos operacionais, que ser\u00e3o implementadas em at\u00e9 dois anos&#8221;, disse.<\/p>\n\n\n\n<p>A Comerc disse que seu fundador e atual chairman, Cristopher Vlavianos, permanecer\u00e1 at\u00e9 2028 participando ativamente da estrat\u00e9gia da companhia, enquanto a vice-presidente da Vibra e conselheira da Comerc, Clarissa Sadock, assumir\u00e1 como CEO, ap\u00f3s um per\u00edodo de transi\u00e7\u00e3o do atual presidente, Andr\u00e9 Dorf.<\/p>\n\n\n\n<p>A Comerc foi avaliada em R$ 7,05 bilh\u00f5es na data-base de 1 de julho, com 2,1 gigawatts (GW) em opera\u00e7\u00e3o, segundo fato relevante da Vibra.<\/p>\n","protected":false},"excerpt":{"rendered":"<p>Empresa de energia adquiriu cerca de 50% da Comerc em 2022 e tinha o direito de comprar a participa\u00e7\u00e3o restante at\u00e9 2026<\/p>\n","protected":false},"author":61,"featured_media":609894,"comment_status":"closed","ping_status":"closed","sticky":false,"template":"","format":"standard","meta":{"_acf_changed":false,"inline_featured_image":false,"footnotes":""},"categories":[6],"tags":[102288],"autor-wsj":[],"coauthors":[2494],"class_list":["post-609831","post","type-post","status-publish","format-standard","has-post-thumbnail","hentry","category-negocios","tag-reuters"],"acf":[],"amp_enabled":true,"_links":{"self":[{"href":"https:\/\/investnews.com.br\/inv-api\/wp\/v2\/posts\/609831","targetHints":{"allow":["GET"]}}],"collection":[{"href":"https:\/\/investnews.com.br\/inv-api\/wp\/v2\/posts"}],"about":[{"href":"https:\/\/investnews.com.br\/inv-api\/wp\/v2\/types\/post"}],"author":[{"embeddable":true,"href":"https:\/\/investnews.com.br\/inv-api\/wp\/v2\/users\/61"}],"replies":[{"embeddable":true,"href":"https:\/\/investnews.com.br\/inv-api\/wp\/v2\/comments?post=609831"}],"version-history":[{"count":6,"href":"https:\/\/investnews.com.br\/inv-api\/wp\/v2\/posts\/609831\/revisions"}],"predecessor-version":[{"id":609904,"href":"https:\/\/investnews.com.br\/inv-api\/wp\/v2\/posts\/609831\/revisions\/609904"}],"wp:featuredmedia":[{"embeddable":true,"href":"https:\/\/investnews.com.br\/inv-api\/wp\/v2\/media\/609894"}],"wp:attachment":[{"href":"https:\/\/investnews.com.br\/inv-api\/wp\/v2\/media?parent=609831"}],"wp:term":[{"taxonomy":"category","embeddable":true,"href":"https:\/\/investnews.com.br\/inv-api\/wp\/v2\/categories?post=609831"},{"taxonomy":"post_tag","embeddable":true,"href":"https:\/\/investnews.com.br\/inv-api\/wp\/v2\/tags?post=609831"},{"taxonomy":"autor-wsj","embeddable":true,"href":"https:\/\/investnews.com.br\/inv-api\/wp\/v2\/autor-wsj?post=609831"},{"taxonomy":"author","embeddable":true,"href":"https:\/\/investnews.com.br\/inv-api\/wp\/v2\/coauthors?post=609831"}],"curies":[{"name":"wp","href":"https:\/\/api.w.org\/{rel}","templated":true}]}}