{"id":610420,"date":"2024-08-25T16:34:03","date_gmt":"2024-08-25T19:34:03","guid":{"rendered":"https:\/\/investnews.com.br\/?p=610420"},"modified":"2026-02-23T14:15:30","modified_gmt":"2026-02-23T17:15:30","slug":"estiagem-e-la-nina-ameacam-abastecimento-de-agua-em-sao-paulo-para-2025","status":"publish","type":"post","link":"https:\/\/investnews.com.br\/economia\/estiagem-e-la-nina-ameacam-abastecimento-de-agua-em-sao-paulo-para-2025\/","title":{"rendered":"Estiagem e La Ni\u00f1a amea\u00e7am abastecimento de \u00e1gua em S\u00e3o Paulo para 2025\u00a0"},"content":{"rendered":"\n<p>Seis dos sete conjuntos de represas que abastecem a regi\u00e3o metropolitana de S\u00e3o Paulo est\u00e3o com volume abaixo do registrado em agosto de 2023. O sistema Cantareira, maior deles e respons\u00e1vel por 46% da \u00e1gua da regi\u00e3o, est\u00e1 em <strong>58,4%<\/strong>, contra <strong>74,5% <\/strong>h\u00e1 um ano.<\/p>\n\n\n\n<p>Culpa da falta de chuvas. Nos \u00faltimos 30 dias, o sistema Cantareira subiu de n\u00edvel em apenas um \u2013 em 28 diminuiu, e em um ficou est\u00e1vel. N\u00edveis acima de 50% s\u00e3o considerados bons, mas as perspectivas para o volume de chuvas nos pr\u00f3ximos meses n\u00e3o s\u00e3o das melhores.<\/p>\n\n\n\n<p>O problema \u00e9 o seguinte: com o fim do El Ni\u00f1o, que causa chuvas no Sul e Sudeste, \u00e9 poss\u00edvel que entre em cena sua irm\u00e3, La Ni\u00f1a. O menino \u00e9 um aquecimento an\u00f4malo das \u00e1guas do Pac\u00edfico, que acontece com frequ\u00eancia irregular (a cada dois ou sete anos). A menina, seu oposto: um resfriamento maior do que a m\u00e9dia nas mesmas \u00e1guas \u2013 cujo efeito colateral para o Sul e Sudeste \u00e9 reduzir a quantidade de chuvas.&nbsp;<\/p>\n\n\n\n<div class=\"wp-block-group\"><div class=\"wp-block-group__inner-container is-layout-constrained wp-block-group-is-layout-constrained\">\n<p><strong>LEIA MAIS<\/strong>: <a href=\"https:\/\/investnews.com.br\/negocios\/incendios-paralisam-parte-do-agronegocio-em-sao-paulo\/\" target=\"_blank\" rel=\"noreferrer noopener\">Inc\u00eandios paralisam parte do agroneg\u00f3cio em S\u00e3o Paulo<\/a><\/p>\n\n\n\n<p>O fen\u00f4meno pode durar at\u00e9 dois anos. Pior: dado o contexto de mudan\u00e7a clim\u00e1tica, suas consequ\u00eancias podem ser mais pesadas que o normal (como foram os do El Ni\u00f1o para o Rio Grande do Sul).&nbsp;&nbsp;&nbsp;&nbsp;<\/p>\n<\/div><\/div>\n\n\n\n<p>N\u00e3o h\u00e1 como cravar se haver\u00e1 ou n\u00e3o de La Ni\u00f1a nos pr\u00f3ximos meses. Mas a possibilidade \u00e9 grande: 66% para que a forma\u00e7\u00e3o tenha in\u00edcio entre setembro e novembro, de acordo com um boletim da Noaa (Administra\u00e7\u00e3o Nacional Oce\u00e2nica e Atmosf\u00e9rica, dos EUA).&nbsp;&nbsp;<\/p>\n\n\n\n<p>Caso isso aconte\u00e7a, a Ni\u00f1a deve atrapalhar a esta\u00e7\u00e3o das chuvas, e pegar os sistemas de abastecimento de cal\u00e7as curtas. \u00c9 basicamente o que aconteceu em 2014. Ap\u00f3s uma sequ\u00eancia de estiagens, o sistema Cantareira chegou a 4,4%.&nbsp;No pior dos cen\u00e1rios, algo parecido pode acontecer em 2025.&nbsp;&nbsp;<\/p>\n\n\n\n<p>A estiagem deste ano j\u00e1 causa problemas concretos. Bauru, cidade de 380 mil habitantes no centro do Estado de S\u00e3o Paulo, est\u00e1 desde maio em regime de rod\u00edzio. Tr\u00eas regi\u00f5es da cidade revezam per\u00edodos de 24 horas com \u00e1gua e 48 horas sem. A quest\u00e3o ali \u00e9 o baixo n\u00edvel da lagoa de capta\u00e7\u00e3o do Rio Batalha. A perspectiva \u00e9 que a situa\u00e7\u00e3o melhore em outubro, com o aumento do volume de chuvas na regi\u00e3o \u2013 mas La Ni\u00f1a pode estragar tudo.&nbsp;&nbsp;&nbsp;<\/p>\n","protected":false},"excerpt":{"rendered":"<p>Caso a irm\u00e3 do El Ni\u00f1o reduza as chuvas nos pr\u00f3ximos meses, o Estado pode viver novamente uma seca como a de 2014 <\/p>\n","protected":false},"author":7,"featured_media":610508,"comment_status":"closed","ping_status":"closed","sticky":false,"template":"","format":"standard","meta":{"_acf_changed":false,"inline_featured_image":false,"footnotes":""},"categories":[5],"tags":[],"autor-wsj":[],"coauthors":[1494],"class_list":["post-610420","post","type-post","status-publish","format-standard","has-post-thumbnail","hentry","category-economia"],"acf":[],"amp_enabled":true,"_links":{"self":[{"href":"https:\/\/investnews.com.br\/inv-api\/wp\/v2\/posts\/610420","targetHints":{"allow":["GET"]}}],"collection":[{"href":"https:\/\/investnews.com.br\/inv-api\/wp\/v2\/posts"}],"about":[{"href":"https:\/\/investnews.com.br\/inv-api\/wp\/v2\/types\/post"}],"author":[{"embeddable":true,"href":"https:\/\/investnews.com.br\/inv-api\/wp\/v2\/users\/7"}],"replies":[{"embeddable":true,"href":"https:\/\/investnews.com.br\/inv-api\/wp\/v2\/comments?post=610420"}],"version-history":[{"count":4,"href":"https:\/\/investnews.com.br\/inv-api\/wp\/v2\/posts\/610420\/revisions"}],"predecessor-version":[{"id":610512,"href":"https:\/\/investnews.com.br\/inv-api\/wp\/v2\/posts\/610420\/revisions\/610512"}],"wp:featuredmedia":[{"embeddable":true,"href":"https:\/\/investnews.com.br\/inv-api\/wp\/v2\/media\/610508"}],"wp:attachment":[{"href":"https:\/\/investnews.com.br\/inv-api\/wp\/v2\/media?parent=610420"}],"wp:term":[{"taxonomy":"category","embeddable":true,"href":"https:\/\/investnews.com.br\/inv-api\/wp\/v2\/categories?post=610420"},{"taxonomy":"post_tag","embeddable":true,"href":"https:\/\/investnews.com.br\/inv-api\/wp\/v2\/tags?post=610420"},{"taxonomy":"autor-wsj","embeddable":true,"href":"https:\/\/investnews.com.br\/inv-api\/wp\/v2\/autor-wsj?post=610420"},{"taxonomy":"author","embeddable":true,"href":"https:\/\/investnews.com.br\/inv-api\/wp\/v2\/coauthors?post=610420"}],"curies":[{"name":"wp","href":"https:\/\/api.w.org\/{rel}","templated":true}]}}