{"id":610562,"date":"2024-08-26T15:03:16","date_gmt":"2024-08-26T18:03:16","guid":{"rendered":"https:\/\/investnews.com.br\/?p=610562"},"modified":"2025-08-08T16:06:14","modified_gmt":"2025-08-08T19:06:14","slug":"incendios-em-sao-paulo-afetam-producao-de-cana-de-acucar-e-elevam-precos-internacionais","status":"publish","type":"post","link":"https:\/\/investnews.com.br\/negocios\/incendios-em-sao-paulo-afetam-producao-de-cana-de-acucar-e-elevam-precos-internacionais\/","title":{"rendered":"Inc\u00eandios em S\u00e3o Paulo afetam produ\u00e7\u00e3o de cana-de-a\u00e7\u00facar e elevam pre\u00e7os internacionais"},"content":{"rendered":"<p>Um surto in\u00e9dito de inc\u00eandios que atingiu neste fim de semana os campos de cana-de-a\u00e7\u00facar no Brasil, maior exportador mundial, deve impactar a oferta global de a\u00e7\u00facar e elevar os pre\u00e7os.<\/p><p>As consequ\u00eancias podem ser ainda maiores do que as causadas por uma grande geada que danificou a cana no Brasil em 2021, de acordo com a Alvean, uma das principais empresas de com\u00e9rcio de a\u00e7\u00facar. <\/p><p>&#8220;A gravidade dos problemas agora \u00e9 muito maior&#8221;, disse Mauro Virgino, l\u00edder de intelig\u00eancia de mercado da Alvean. &#8220;Os inc\u00eandios de 2024 s\u00e3o como as geadas de 2021, mas potencializados.&#8221;<\/p><p><strong>LEIA MAIS<\/strong>: <a href=\"https:\/\/investnews.com.br\/economia\/incendios-paralisam-parte-do-agronegocio-em-sao-paulo\/\">Inc\u00eandios paralisam parte do agroneg\u00f3cio em S\u00e3o Paulo<\/a><\/p><p>O impacto pode durar at\u00e9 o pr\u00f3ximo ano, j\u00e1 que os inc\u00eandios afetaram canaviais que estavam brotando. Nesses casos, o calor danifica gravemente as ra\u00edzes das plantas, o que significa que os produtores provavelmente ter\u00e3o que replantar ou enfrentar uma colheita menor na pr\u00f3xima safra.<\/p><p>S\u00e3o Paulo, respons\u00e1vel por produzir a maior parte do a\u00e7\u00facar do pa\u00eds, enfrenta um n\u00famero recorde de inc\u00eandios devido \u00e0 baixa umidade e a uma onda de calor escaldante. Houve at\u00e9 2.000 focos de inc\u00eandio neste fim de semana, segundo o grupo da ind\u00fastria de cana-de-a\u00e7\u00facar Orplana. Embora as chuvas posteriores tenham ajudado a reduzir os riscos de novos focos, cerca de 60.000 hectares de \u00e1rea cultivada foram afetados.<\/p><p>&#8220;Em 20 anos de mercado, nunca vi nada parecido&#8221;, disse Almir Torcato, diretor executivo da associa\u00e7\u00e3o de produtores de cana Canoeste. A entidade re\u00fane mais de 2.000 agricultores em algumas das \u00e1reas mais afetadas nos munic\u00edpios de Sert\u00e3ozinho e Bebedouro. &#8220;Recebemos in\u00fameros pedidos de ajuda.&#8221;<\/p><p><strong>LEIA MAIS<\/strong>: <a href=\"https:\/\/investnews.com.br\/economia\/estiagem-e-la-nina-ameacam-abastecimento-de-agua-em-sao-paulo-para-2025\/\">Estiagem e La Ni\u00f1a amea\u00e7am abastecimento de \u00e1gua em S\u00e3o Paulo para 2025<\/a><\/p><p>Os contratos futuros de a\u00e7\u00facar bruto subiram at\u00e9 4,2% em Nova York, o maior salto intradi\u00e1rio em um m\u00eas. Os inc\u00eandios agravam as crescentes preocupa\u00e7\u00f5es, uma vez que a seca e o calor j\u00e1 prejudicaram os rendimentos da cana-de-a\u00e7\u00facar no Brasil. Dados sobre a produ\u00e7\u00e3o de a\u00e7\u00facar, esperados para esta semana, devem trazer alguma clareza sobre os rendimentos no pa\u00eds, mas podem n\u00e3o refletir o impacto das chamas.<\/p><p>Estima-se que at\u00e9 5 milh\u00f5es de toneladas m\u00e9tricas de cana-de-a\u00e7\u00facar tenham sido perdidas em S\u00e3o Paulo devido ao fogo, segundo duas estimativas preliminares da Green Pool Commodity Specialists e da empresa de servi\u00e7os financeiros FG\/A. As primeiras estimativas usaram imagens de sat\u00e9lite, o que pode conter imprecis\u00f5es. Ainda assim, representam cerca de 1,4% da cana em S\u00e3o Paulo. Os impactos na produ\u00e7\u00e3o total de a\u00e7\u00facar ainda n\u00e3o foram estimados, j\u00e1 que parte da cana queimada pode ainda estar em condi\u00e7\u00f5es de ser processada.<\/p><p>Inc\u00eandios n\u00e3o s\u00e3o desconhecidos para a ind\u00fastria do a\u00e7\u00facar. H\u00e1 mais de uma d\u00e9cada, queimar cana-de-a\u00e7\u00facar fazia parte do processo de produ\u00e7\u00e3o, uma pr\u00e1tica que teve grandes impactos ambientais e se tornou obsoleta devido a novas tecnologias.<\/p><p>Isso deu \u00e0s usinas alguma experi\u00eancia em triturar cana que foi queimada. No entanto, a ind\u00fastria agora enfrenta um grande desafio: a produtividade pode ser prejudicada se demorar mais do que alguns dias para processar a cana queimada, e muitas empresas t\u00eam recursos limitados, pois ainda est\u00e3o lidando com as consequ\u00eancias dos inc\u00eandios.<\/p><figure class=\"wp-block-image size-large\"><img loading=\"lazy\" decoding=\"async\" width=\"1024\" height=\"685\" src=\"https:\/\/media.investnews.com.br\/uploads\/2024\/08\/GettyImages-1724274103-1024x685.jpg\" alt=\"Fogo intenso, chamas laranja e vermelhas subindo em um fundo escuro.\" class=\"wp-image-610403\" srcset=\"https:\/\/media.investnews.com.br\/uploads\/2024\/08\/GettyImages-1724274103-1024x685.jpg 1024w, https:\/\/media.investnews.com.br\/uploads\/2024\/08\/GettyImages-1724274103-300x201.jpg 300w, https:\/\/media.investnews.com.br\/uploads\/2024\/08\/GettyImages-1724274103-768x514.jpg 768w, https:\/\/media.investnews.com.br\/uploads\/2024\/08\/GettyImages-1724274103-1536x1028.jpg 1536w, https:\/\/media.investnews.com.br\/uploads\/2024\/08\/GettyImages-1724274103-2048x1371.jpg 2048w, https:\/\/media.investnews.com.br\/uploads\/2024\/08\/GettyImages-1724274103-1256x841.jpg 1256w, https:\/\/media.investnews.com.br\/uploads\/2024\/08\/GettyImages-1724274103-172x115.jpg 172w, https:\/\/media.investnews.com.br\/uploads\/2024\/08\/GettyImages-1724274103-150x100.jpg 150w\" sizes=\"auto, (max-width: 1024px) 100vw, 1024px\" \/><figcaption class=\"wp-element-caption\">Foto: Getty Images<\/figcaption><\/figure>\n","protected":false},"excerpt":{"rendered":"<p>Consequ\u00eancias podem ser ainda maiores do que as da grande geada que danificou a cana no Brasil em 2021<\/p>\n","protected":false},"author":76,"featured_media":610428,"comment_status":"closed","ping_status":"closed","sticky":false,"template":"","format":"standard","meta":{"_acf_changed":false,"inline_featured_image":false,"footnotes":""},"categories":[6,5],"tags":[780],"autor-wsj":[],"coauthors":[101325],"class_list":["post-610562","post","type-post","status-publish","format-standard","has-post-thumbnail","hentry","category-negocios","category-economia","tag-agronegocio"],"acf":[],"amp_enabled":true,"_links":{"self":[{"href":"https:\/\/investnews.com.br\/inv-api\/wp\/v2\/posts\/610562","targetHints":{"allow":["GET"]}}],"collection":[{"href":"https:\/\/investnews.com.br\/inv-api\/wp\/v2\/posts"}],"about":[{"href":"https:\/\/investnews.com.br\/inv-api\/wp\/v2\/types\/post"}],"author":[{"embeddable":true,"href":"https:\/\/investnews.com.br\/inv-api\/wp\/v2\/users\/76"}],"replies":[{"embeddable":true,"href":"https:\/\/investnews.com.br\/inv-api\/wp\/v2\/comments?post=610562"}],"version-history":[{"count":3,"href":"https:\/\/investnews.com.br\/inv-api\/wp\/v2\/posts\/610562\/revisions"}],"predecessor-version":[{"id":702506,"href":"https:\/\/investnews.com.br\/inv-api\/wp\/v2\/posts\/610562\/revisions\/702506"}],"wp:featuredmedia":[{"embeddable":true,"href":"https:\/\/investnews.com.br\/inv-api\/wp\/v2\/media\/610428"}],"wp:attachment":[{"href":"https:\/\/investnews.com.br\/inv-api\/wp\/v2\/media?parent=610562"}],"wp:term":[{"taxonomy":"category","embeddable":true,"href":"https:\/\/investnews.com.br\/inv-api\/wp\/v2\/categories?post=610562"},{"taxonomy":"post_tag","embeddable":true,"href":"https:\/\/investnews.com.br\/inv-api\/wp\/v2\/tags?post=610562"},{"taxonomy":"autor-wsj","embeddable":true,"href":"https:\/\/investnews.com.br\/inv-api\/wp\/v2\/autor-wsj?post=610562"},{"taxonomy":"author","embeddable":true,"href":"https:\/\/investnews.com.br\/inv-api\/wp\/v2\/coauthors?post=610562"}],"curies":[{"name":"wp","href":"https:\/\/api.w.org\/{rel}","templated":true}]}}