{"id":610664,"date":"2024-08-27T07:51:48","date_gmt":"2024-08-27T10:51:48","guid":{"rendered":"https:\/\/investnews.com.br\/?p=610664"},"modified":"2025-08-08T16:06:08","modified_gmt":"2025-08-08T19:06:08","slug":"vale-escolhe-vice-presidente-de-financas-para-ser-o-proximo-ceo","status":"publish","type":"post","link":"https:\/\/investnews.com.br\/negocios\/vale-escolhe-vice-presidente-de-financas-para-ser-o-proximo-ceo\/","title":{"rendered":"Vale escolhe vice-presidente de finan\u00e7as para ser o pr\u00f3ximo CEO"},"content":{"rendered":"<p>A mineradora Vale anunciou nesta segunda-feira que o atual vice-presidente executivo de Finan\u00e7as e Rela\u00e7\u00f5es com Investidores, Gustavo Pimenta, ser\u00e1 o pr\u00f3ximo presidente-executivo da companhia.<\/p><p>Pimenta, executivo com experi\u00eancia global nos setores financeiro, de energia e minera\u00e7\u00e3o, teve carreira desenvolvida ao longo de mais de 20 anos no Brasil, Estados Unidos e Europa, lembrou a Vale.<\/p><p>Em 2021, ele assumiu a posi\u00e7\u00e3o a posi\u00e7\u00e3o de CFO da Vale.<\/p><p>A Vale afirmou que Pimenta, que substituir\u00e1 o atual CEO Eduardo Bartolomeo, foi eleito pelo conselho de administra\u00e7\u00e3o por unanimidade, acrescentando que a transi\u00e7\u00e3o seguir\u00e1 um cronograma que a empresa j\u00e1 havia divulgado.<\/p><figure class=\"wp-block-image size-full\"><img loading=\"lazy\" decoding=\"async\" width=\"601\" height=\"601\" src=\"https:\/\/media.investnews.com.br\/uploads\/2024\/08\/Pimenta-Vale.jpeg\" alt=\"Homem de \u00f3culos, camisa branca, bra\u00e7os cruzados, olhando para a c\u00e2mera com um sorriso.\" class=\"wp-image-610668\" srcset=\"https:\/\/media.investnews.com.br\/uploads\/2024\/08\/Pimenta-Vale.jpeg 601w, https:\/\/media.investnews.com.br\/uploads\/2024\/08\/Pimenta-Vale-300x300.jpeg 300w, https:\/\/media.investnews.com.br\/uploads\/2024\/08\/Pimenta-Vale-150x150.jpeg 150w, https:\/\/media.investnews.com.br\/uploads\/2024\/08\/Pimenta-Vale-172x172.jpeg 172w, https:\/\/media.investnews.com.br\/uploads\/2024\/08\/Pimenta-Vale-96x96.jpeg 96w\" sizes=\"auto, (max-width: 601px) 100vw, 601px\" \/><figcaption class=\"wp-element-caption\">Gustavo Pimenta novo CEO da Vale<\/figcaption><\/figure><p>A companhia vinha lidando h\u00e1 meses com o processo turbulento de escolha de seu pr\u00f3ximo CEO, que s\u00f3 deveria ser conclu\u00eddo no final do ano.<\/p><p>Conforme o cronograma no processo de sucess\u00e3o, Bartolomeo seguir\u00e1 como presidente da companhia at\u00e9 31 de dezembro de 2024, apoiando a transi\u00e7\u00e3o para o novo presidente da Vale at\u00e9 28 de fevereiro de 2025.<\/p><p>A Vale havia informado anteriormente que Bartolomeo seguiria como &#8220;advisor&#8221; da companhia at\u00e9 o final de 2025.<\/p><p>O mandato de Bartolomeo vencia em maio deste ano, mas foi estendido at\u00e9 dezembro, ap\u00f3s o conselho ter ficado dividido entre manter o presidente por mais um per\u00edodo ou abrir um processo para a escolha de uma nova lideran\u00e7a.<\/p><p>O impasse no conselho sobre a sucess\u00e3o da Vale ocorreu em meio a not\u00edcias de que o governo estaria tentando emplacar um nome como CEO da mineradora &#8211;o nome do ex-ministro da Fazenda Guido Mantega teria sido cogitado.<\/p><p>Em entrevista \u00e0 Reuters, o ministro de Minas e Energia, Alexandre Silveira, reafirmou que &#8220;nunca houve uma inger\u00eancia do governo com rela\u00e7\u00e3o \u00e0 Vale&#8221;.<\/p><p>Mas Silveira tamb\u00e9m criticou, ao final de julho, a demora para a defini\u00e7\u00e3o de um novo presidente da companhia, relatando que faltava na Vale algu\u00e9m &#8220;com autoridade&#8221; para tratar de assuntos que s\u00e3o relevantes ao interesse nacional, como a conclus\u00e3o de um acordo entre Vale, BHP e Samarco com autoridades para a repara\u00e7\u00e3o e compensa\u00e7\u00e3o pelo rompimento de barragem em Mariana, em Minas Gerais, que ocorreu em 2015.<\/p><p><strong>LEIA MAIS<\/strong>: <a href=\"https:\/\/investnews.com.br\/negocios\/vale-ve-novo-normal-na-economia-chinesa-e-aponta-para-suporte-no-mercado-de-minerio-de-ferro\/\">Vale acredita em \u2018novo normal\u2019 na economia chinesa e v\u00ea limite para queda do min\u00e9rio de ferro<\/a><\/p><p>Em nota, o presidente do conselho de administra\u00e7\u00e3o da Vale, Daniel Stieler, disse estar confiante com a escolha de Pimenta para liderar a mineradora.<\/p><p>&#8220;Ele re\u00fane as compet\u00eancias necess\u00e1rias para que possamos aspirar um novo ciclo virtuoso para a companhia, orientado por nosso prop\u00f3sito, e com grande potencial de gera\u00e7\u00e3o de valor a todos os nossos p\u00fablicos de relacionamento&#8221;, afirmou Stieler.<\/p><p>Em nota, Bartolomeo afirmou que Pimenta &#8220;\u00e9 um profissional com reconhecida compet\u00eancia e compromisso com a Vale do Futuro, uma companhia que se torna mais segura e confi\u00e1vel a cada dia&#8221;.<\/p><p>&#8220;Com Gustavo Pimenta, acredito que a Vale seguir\u00e1 firme em sua jornada rumo \u00e0 lideran\u00e7a na minera\u00e7\u00e3o sustent\u00e1vel e na cria\u00e7\u00e3o de valor para todos os stakeholders.&#8221;<\/p><p>O pr\u00f3ximo presidente da Vale, Gustavo Pimenta, agradeceu a confian\u00e7a do conselho. &#8220;Vamos juntos nessa jornada, intensificando o di\u00e1logo com todos os nossos stakeholders e priorizando a seguran\u00e7a das pessoas, das opera\u00e7\u00f5es e do meio ambiente&#8221;, afirmou.<\/p><p>Ele reafirmou que companhia seguir\u00e1 &#8220;com foco em gera\u00e7\u00e3o e distribui\u00e7\u00e3o de valor, elevando a Vale a patamares ainda mais altos&#8221;.<\/p><p>(Reportagem de Andre Romani)<\/p>\n","protected":false},"excerpt":{"rendered":"<p>Gustavo Pimenta teve carreira desenvolvida ao longo de mais de 20 anos no Brasil, Estados Unidos e Europa<\/p>\n","protected":false},"author":61,"featured_media":371096,"comment_status":"closed","ping_status":"closed","sticky":false,"template":"","format":"standard","meta":{"_acf_changed":false,"inline_featured_image":false,"footnotes":""},"categories":[6],"tags":[668,102288],"autor-wsj":[],"coauthors":[2494],"class_list":["post-610664","post","type-post","status-publish","format-standard","has-post-thumbnail","hentry","category-negocios","tag-minerio-de-ferro","tag-reuters"],"acf":[],"amp_enabled":true,"_links":{"self":[{"href":"https:\/\/investnews.com.br\/inv-api\/wp\/v2\/posts\/610664","targetHints":{"allow":["GET"]}}],"collection":[{"href":"https:\/\/investnews.com.br\/inv-api\/wp\/v2\/posts"}],"about":[{"href":"https:\/\/investnews.com.br\/inv-api\/wp\/v2\/types\/post"}],"author":[{"embeddable":true,"href":"https:\/\/investnews.com.br\/inv-api\/wp\/v2\/users\/61"}],"replies":[{"embeddable":true,"href":"https:\/\/investnews.com.br\/inv-api\/wp\/v2\/comments?post=610664"}],"version-history":[{"count":6,"href":"https:\/\/investnews.com.br\/inv-api\/wp\/v2\/posts\/610664\/revisions"}],"predecessor-version":[{"id":702500,"href":"https:\/\/investnews.com.br\/inv-api\/wp\/v2\/posts\/610664\/revisions\/702500"}],"wp:featuredmedia":[{"embeddable":true,"href":"https:\/\/investnews.com.br\/inv-api\/wp\/v2\/media\/371096"}],"wp:attachment":[{"href":"https:\/\/investnews.com.br\/inv-api\/wp\/v2\/media?parent=610664"}],"wp:term":[{"taxonomy":"category","embeddable":true,"href":"https:\/\/investnews.com.br\/inv-api\/wp\/v2\/categories?post=610664"},{"taxonomy":"post_tag","embeddable":true,"href":"https:\/\/investnews.com.br\/inv-api\/wp\/v2\/tags?post=610664"},{"taxonomy":"autor-wsj","embeddable":true,"href":"https:\/\/investnews.com.br\/inv-api\/wp\/v2\/autor-wsj?post=610664"},{"taxonomy":"author","embeddable":true,"href":"https:\/\/investnews.com.br\/inv-api\/wp\/v2\/coauthors?post=610664"}],"curies":[{"name":"wp","href":"https:\/\/api.w.org\/{rel}","templated":true}]}}