{"id":610869,"date":"2024-08-28T09:48:46","date_gmt":"2024-08-28T12:48:46","guid":{"rendered":"https:\/\/investnews.com.br\/?p=610869"},"modified":"2025-08-08T16:05:59","modified_gmt":"2025-08-08T19:05:59","slug":"seca-eleva-riscos-de-apagoes-no-brasil","status":"publish","type":"post","link":"https:\/\/investnews.com.br\/economia\/seca-eleva-riscos-de-apagoes-no-brasil\/","title":{"rendered":"Seca eleva riscos de apag\u00f5es no Brasil"},"content":{"rendered":"<p>O agravamento da seca em todo o Brasil, que provocou inc\u00eandios recordes e colheitas fracas, amea\u00e7a agora o fornecimento de energia do pa\u00eds, e aumenta o risco de pre\u00e7os elevados e apag\u00f5es.<\/p><p>As usinas hidrel\u00e9tricas fornecem mais de metade da energia do Brasil, normalmente a baixo custo. Mas os reservat\u00f3rios que alimentam essas usinas est\u00e3o diminuindo com a seca. As barragens nas regi\u00f5es Sudeste e Centro-Oeste est\u00e3o a uma m\u00e9dia de 57% da capacidade total, de acordo com o Operador Nacional do Sistema El\u00e9trico. Isso representa uma queda em rela\u00e7\u00e3o aos 68% de junho. H\u00e1 um ano, elas estavam acima de 78%.<\/p><p>\u201cA situa\u00e7\u00e3o \u00e9 preocupante\u201d, disse Ana Paula Ferme, chefe da \u00e1rea de el\u00e9tricas e regula\u00e7\u00e3o econ\u00f4mica na Thymos Energia, uma consultoria de energia em S\u00e3o Paulo. \u201cColoca o Brasil em um cen\u00e1rio desafiador, com potenciais impactos no abastecimento energ\u00e9tico e na infla\u00e7\u00e3o, demandando a\u00e7\u00f5es coordenadas para mitigar os riscos.\u201d<\/p><p>Em resposta, o pa\u00eds pode depender de usinas de energia que queimam carv\u00e3o, g\u00e1s natural, diesel e biomassa para evitar escassez. Essa eletricidade \u00e9 mais cara do que a hidrel\u00e9trica e pode prejudicar a economia, disse Juliana Inhasz, professora de economia no Insper. \u201cPode ser um grande balde de \u00e1gua fria na percep\u00e7\u00e3o do governo, que est\u00e1 vendo a expectativa de crescimento econ\u00f4mico aumentar\u201d, disse ela em entrevista.<\/p><p><strong>LEIA MAIS<\/strong>: <a href=\"https:\/\/investnews.com.br\/economia\/brasil-procura-gas-natural-para-termeletricas-enquanto-seca-ameaca-reservatorios\/\">Brasil procura g\u00e1s natural para termel\u00e9tricas enquanto seca amea\u00e7a reservat\u00f3rios<\/a><\/p><p>A seca j\u00e1 teve impacto financeiro. O Brasil \u00e9 o maior produtor mundial de caf\u00e9, e os futuros da variedade ar\u00e1bica saltaram devido \u00e0s preocupa\u00e7\u00f5es com a colheita. Planta\u00e7\u00f5es de cana-de-a\u00e7\u00facar queimaram, com um impacto que deve durar at\u00e9 o ano que vem. As empresas de transporte de gr\u00e3os alertaram sobre a possibilidade de gargalos devido aos baixos n\u00edveis dos rios.<\/p><p>Os danos ambientais s\u00e3o ainda mais alarmantes. Um n\u00famero recorde de inc\u00eandios atingiu S\u00e3o Paulo, o estado mais rico do pa\u00eds, enquanto outros inc\u00eandios queimaram partes da floresta amaz\u00f4nica e do Pantanal. As cidades de Bauru e Piracicaba enfrentam racionamento de \u00e1gua.<\/p><p>Todas as usinas de energia de combust\u00edveis f\u00f3sseis foram notificadas desde julho para se prepararem para uso mais intenso no segundo semestre do ano. O governo tamb\u00e9m est\u00e1 em negocia\u00e7\u00f5es com o Paraguai para elevar temporariamente o n\u00edvel de \u00e1gua na Usina de Itaipu, na fronteira entre os dois pa\u00edses, para aumentar sua produ\u00e7\u00e3o el\u00e9trica, disse o Minist\u00e9rio de Minas e Energia em comunicado.<\/p><p><strong>LEIA MAIS<\/strong>: <a href=\"https:\/\/investnews.com.br\/negocios\/incendios-em-sao-paulo-afetam-producao-de-cana-de-acucar-e-elevam-precos-internacionais\/\">Inc\u00eandios em S\u00e3o Paulo afetam produ\u00e7\u00e3o de cana-de-a\u00e7\u00facar e elevam pre\u00e7os internacionais<\/a><\/p><p>As ind\u00fastrias est\u00e3o sendo pagas pelo governo para reduzir o uso de eletricidade nos hor\u00e1rios de pico por meio de leil\u00f5es organizados pelo ONS, segundo Victor Iocca, diretor da Abrace, associa\u00e7\u00e3o que representa os grandes consumidores de energia. As empresas se oferecem para cortar seu consumo em um hor\u00e1rio espec\u00edfico por um determinado pre\u00e7o, e o ONS decide a melhor op\u00e7\u00e3o entre os lances das empresas e o uso de usinas termel\u00e9tricas.<\/p><p>De qualquer forma, os pre\u00e7os de energia devem subir este ano, aumentando a infla\u00e7\u00e3o em uma economia dependente de hidreletricidade barata. Caio Megale, economista-chefe da XP Investimentos, disse em entrevista que a sua estimativa atual de infla\u00e7\u00e3o para o ano \u2014 4,4% \u2014 pode subir para 4,5% conforme os pre\u00e7os da energia sobem.<\/p><p>O Sudeste, onde o mercado consumidor est\u00e1 concentrado, tamb\u00e9m est\u00e1 exposto a riscos de fornecimento de eletricidade, de acordo com Iocca. Isso acontece especialmente durante as \u00faltimas horas do dia, quando a energia solar n\u00e3o est\u00e1 mais dispon\u00edvel. Os riscos podem p\u00f4r \u00e0 prova a rede el\u00e9trica em outubro e novembro, quando as temperaturas est\u00e3o altas e as pessoas mant\u00eam o ar condicionado ligado at\u00e9 a noite, disse. \u201c\u00c9 quando h\u00e1 algum risco de apag\u00e3o\u201d.<\/p><p><strong>LEIA MAIS<\/strong>: <a href=\"https:\/\/investnews.com.br\/economia\/estiagem-e-la-nina-ameacam-abastecimento-de-agua-em-sao-paulo-para-2025\/\">Estiagem e La Ni\u00f1a amea\u00e7am abastecimento de \u00e1gua em S\u00e3o Paulo para 2025<\/a><\/p><p>A situa\u00e7\u00e3o poderia ter sido pior. O Brasil ainda est\u00e1 se beneficiando de uma forte esta\u00e7\u00e3o chuvosa no final de 2022 e in\u00edcio de 2023, o que aumentou os n\u00edveis de \u00e1gua dos reservat\u00f3rios, disse Iocca. O pa\u00eds provavelmente conseguir\u00e1 passar o resto deste ano sem grandes apag\u00f5es, acrescentou. Mas se a pr\u00f3xima esta\u00e7\u00e3o chuvosa, que come\u00e7a em outubro, n\u00e3o for favor\u00e1vel, o sistema pode ficar ainda mais pressionado no ano que vem.<\/p><p>\u201cA perspectiva do ONS indica a possibilidade de n\u00edveis cr\u00edticos em alguns reservat\u00f3rios, caso a seca persista e o padr\u00e3o de chuvas n\u00e3o melhore significativamente nos pr\u00f3ximos meses\u201d, disse Ferme, da Thymos.<\/p><figure class=\"wp-block-image size-large\"><img loading=\"lazy\" decoding=\"async\" width=\"1024\" height=\"683\" src=\"https:\/\/media.investnews.com.br\/uploads\/2024\/08\/415817288-1024x683.jpg\" alt=\"Pilha de cana-de-a\u00e7\u00facar cortada em campo agr\u00edcola. Torre de transmiss\u00e3o de energia ao fundo sob c\u00e9u azul.\" class=\"wp-image-610870\" srcset=\"https:\/\/media.investnews.com.br\/uploads\/2024\/08\/415817288-1024x683.jpg 1024w, https:\/\/media.investnews.com.br\/uploads\/2024\/08\/415817288-300x200.jpg 300w, https:\/\/media.investnews.com.br\/uploads\/2024\/08\/415817288-768x512.jpg 768w, https:\/\/media.investnews.com.br\/uploads\/2024\/08\/415817288-1536x1025.jpg 1536w, https:\/\/media.investnews.com.br\/uploads\/2024\/08\/415817288-2048x1366.jpg 2048w, https:\/\/media.investnews.com.br\/uploads\/2024\/08\/415817288-1256x838.jpg 1256w, https:\/\/media.investnews.com.br\/uploads\/2024\/08\/415817288-172x115.jpg 172w, https:\/\/media.investnews.com.br\/uploads\/2024\/08\/415817288-150x100.jpg 150w\" sizes=\"auto, (max-width: 1024px) 100vw, 1024px\" \/><figcaption class=\"wp-element-caption\">Planta\u00e7\u00e3o de cana destru\u00edda em Ribeir\u00e3o Preto (SP)<\/figcaption><\/figure>\n","protected":false},"excerpt":{"rendered":"<p>Reservat\u00f3rios que alimentam as usinas nhidrel\u00e9tricas est\u00e3o diminuindo com a seca<\/p>\n","protected":false},"author":76,"featured_media":269263,"comment_status":"closed","ping_status":"closed","sticky":false,"template":"","format":"standard","meta":{"_acf_changed":false,"inline_featured_image":false,"footnotes":""},"categories":[5,6],"tags":[780,824,101773],"autor-wsj":[],"coauthors":[101325],"class_list":["post-610869","post","type-post","status-publish","format-standard","has-post-thumbnail","hentry","category-economia","category-negocios","tag-agronegocio","tag-energia","tag-mudancas-climaticas"],"acf":[],"amp_enabled":true,"_links":{"self":[{"href":"https:\/\/investnews.com.br\/inv-api\/wp\/v2\/posts\/610869","targetHints":{"allow":["GET"]}}],"collection":[{"href":"https:\/\/investnews.com.br\/inv-api\/wp\/v2\/posts"}],"about":[{"href":"https:\/\/investnews.com.br\/inv-api\/wp\/v2\/types\/post"}],"author":[{"embeddable":true,"href":"https:\/\/investnews.com.br\/inv-api\/wp\/v2\/users\/76"}],"replies":[{"embeddable":true,"href":"https:\/\/investnews.com.br\/inv-api\/wp\/v2\/comments?post=610869"}],"version-history":[{"count":3,"href":"https:\/\/investnews.com.br\/inv-api\/wp\/v2\/posts\/610869\/revisions"}],"predecessor-version":[{"id":702491,"href":"https:\/\/investnews.com.br\/inv-api\/wp\/v2\/posts\/610869\/revisions\/702491"}],"wp:featuredmedia":[{"embeddable":true,"href":"https:\/\/investnews.com.br\/inv-api\/wp\/v2\/media\/269263"}],"wp:attachment":[{"href":"https:\/\/investnews.com.br\/inv-api\/wp\/v2\/media?parent=610869"}],"wp:term":[{"taxonomy":"category","embeddable":true,"href":"https:\/\/investnews.com.br\/inv-api\/wp\/v2\/categories?post=610869"},{"taxonomy":"post_tag","embeddable":true,"href":"https:\/\/investnews.com.br\/inv-api\/wp\/v2\/tags?post=610869"},{"taxonomy":"autor-wsj","embeddable":true,"href":"https:\/\/investnews.com.br\/inv-api\/wp\/v2\/autor-wsj?post=610869"},{"taxonomy":"author","embeddable":true,"href":"https:\/\/investnews.com.br\/inv-api\/wp\/v2\/coauthors?post=610869"}],"curies":[{"name":"wp","href":"https:\/\/api.w.org\/{rel}","templated":true}]}}