{"id":6123,"date":"2020-03-13T08:58:59","date_gmt":"2020-03-13T11:58:59","guid":{"rendered":"https:\/\/investnews.com.br\/?p=6123"},"modified":"2022-02-01T12:00:39","modified_gmt":"2022-02-01T15:00:39","slug":"governo-adianta-1a-parcela-do-13o-do-inss-para-abril","status":"publish","type":"post","link":"https:\/\/investnews.com.br\/economia\/governo-adianta-1a-parcela-do-13o-do-inss-para-abril\/","title":{"rendered":"Governo adianta 1\u00aa parcela do 13\u00ba do INSS para abril"},"content":{"rendered":"\n<p>Para tentar injetar f\u00f4lego \u00e0 economia brasileira em um momento de avan\u00e7o do novo coronav\u00edrus no Pa\u00eds, o governo decidiu antecipar a primeira metade do 13\u00ba de aposentados do <a href=\"https:\/\/investnews.com.br\/tag\/inss\/\" class=\"rank-math-link\">INSS<\/a> e vai propor a redu\u00e7\u00e3o dos juros e a amplia\u00e7\u00e3o de margem e prazo para empr\u00e9stimos consignados desses benefici\u00e1rios. A equipe econ\u00f4mica tamb\u00e9m avalia liberar uma nova rodada de saque imediato aos cotistas do <a href=\"https:\/\/investnews.com.br\/tag\/fgts\/\" class=\"rank-math-link\">FGTS<\/a>.<\/p>\n\n\n\n<p>As medidas foram discutidas no \u00e2mbito de um comit\u00ea de monitoramento institu\u00eddo pelo Minist\u00e9rio da Economia para avaliar os impactos econ\u00f4micos da pandemia no Brasil. O grupo \u00e9 constitu\u00eddo por representantes das oito secretarias especiais da pasta e ser\u00e1 coordenado pelo secret\u00e1rio-executivo, Marcelo Guaranys.<\/p>\n\n\n\n<p>Segundo o secret\u00e1rio especial de <a href=\"https:\/\/investnews.com.br\/tag\/previdencia-social\/\" class=\"rank-math-link\">Previd\u00eancia<\/a> e Trabalho, Bruno Bianco, a primeira parcela do 13\u00ba dos aposentados e pensionistas do INSS ser\u00e1 paga entre o fim de mar\u00e7o e o in\u00edcio de abril. A expectativa \u00e9 de que sejam injetados R$ 23 bilh\u00f5es na economia com essa antecipa\u00e7\u00e3o.<\/p>\n\n\n\n<p>A pasta tamb\u00e9m vai propor na semana que vem ao Conselho Nacional de Previd\u00eancia Social (CNPS) a redu\u00e7\u00e3o do limite de taxa de juros para empr\u00e9stimos consignados em folha de pagamento dos benefici\u00e1rios do INSS. Em outra frente, uma proposta ser\u00e1 enviada ao Congresso Nacional para ampliar a margem do sal\u00e1rio que pode ser comprometida com a parcela do financiamento. Hoje essa margem \u00e9 de 30% em caso de empr\u00e9stimo e 5% para cart\u00e3o de cr\u00e9dito. O prazo de pagamento tamb\u00e9m deve aumentar, mas o secret\u00e1rio n\u00e3o detalhou os novos par\u00e2metros.<\/p>\n\n\n\n<p>O secret\u00e1rio especial de Fazenda, Waldery Rodrigues, admitiu que o grupo estuda uma nova libera\u00e7\u00e3o imediata de parte do <a href=\"https:\/\/investnews.com.br\/guias\/fgts-como-funciona-como-sacar\/\">FGTS<\/a> para os trabalhadores. No ano passado, os cotistas puderam retirar R$ 500 de cada uma de suas contas &#8211; ou at\u00e9 um <a href=\"https:\/\/investnews.com.br\/guias\/salario-minimo\/\">sal\u00e1rio m\u00ednimo<\/a> caso o saldo estivesse dentro desse valor. Waldery n\u00e3o disse qual valor poder\u00e1 ser liberado, mas garantiu que a diretriz \u00e9 preservar a sustentabilidade do Fundo de Garantia, que serve de fonte de financiamento para cr\u00e9dito no setor imobili\u00e1rio.<\/p>\n\n\n\n<p>O governo tamb\u00e9m confirmou que a prova de vida de benefici\u00e1rios do INSS ser\u00e1 suspensa por 120 dias, como antecipou ao &#8220;Estad\u00e3o\/Broadcast&#8221; o presidente do \u00f3rg\u00e3o, Leonardo Rolim. O procedimento \u00e9 feito pelo benefici\u00e1rio para mostrar que est\u00e1 vivo e deve continuar recebendo o benef\u00edcio.<\/p>\n\n\n\n<p>O secret\u00e1rio-executivo do <a href=\"https:\/\/investnews.com.br\/tag\/ministerio-da-economia\/\" class=\"rank-math-link\">Minist\u00e9rio da Economia<\/a> informou que a pasta tamb\u00e9m trabalha junto ao Minist\u00e9rio da Sa\u00fade para listar produtos m\u00e9dicos e hospitalares importados que ter\u00e3o redu\u00e7\u00e3o de tarifa para garantir o abastecimento. O grupo de monitoramento tamb\u00e9m vai agir para priorizar esses itens no desembara\u00e7o aduaneiro, para que eles consigam entrar no Pa\u00eds mais rapidamente.<\/p>\n","protected":false},"excerpt":{"rendered":"<p>A equipe econ\u00f4mica tamb\u00e9m avalia mais saques do FGTS.<\/p>\n","protected":false},"author":17,"featured_media":516,"comment_status":"open","ping_status":"open","sticky":false,"template":"","format":"standard","meta":{"_acf_changed":false,"inline_featured_image":false,"footnotes":""},"categories":[5],"tags":[61,240],"autor-wsj":[],"coauthors":[1498],"class_list":["post-6123","post","type-post","status-publish","format-standard","has-post-thumbnail","hentry","category-economia","tag-fgts","tag-ministerio-da-economia"],"acf":[],"amp_enabled":true,"_links":{"self":[{"href":"https:\/\/investnews.com.br\/inv-api\/wp\/v2\/posts\/6123","targetHints":{"allow":["GET"]}}],"collection":[{"href":"https:\/\/investnews.com.br\/inv-api\/wp\/v2\/posts"}],"about":[{"href":"https:\/\/investnews.com.br\/inv-api\/wp\/v2\/types\/post"}],"author":[{"embeddable":true,"href":"https:\/\/investnews.com.br\/inv-api\/wp\/v2\/users\/17"}],"replies":[{"embeddable":true,"href":"https:\/\/investnews.com.br\/inv-api\/wp\/v2\/comments?post=6123"}],"version-history":[{"count":3,"href":"https:\/\/investnews.com.br\/inv-api\/wp\/v2\/posts\/6123\/revisions"}],"predecessor-version":[{"id":303626,"href":"https:\/\/investnews.com.br\/inv-api\/wp\/v2\/posts\/6123\/revisions\/303626"}],"wp:featuredmedia":[{"embeddable":true,"href":"https:\/\/investnews.com.br\/inv-api\/wp\/v2\/media\/516"}],"wp:attachment":[{"href":"https:\/\/investnews.com.br\/inv-api\/wp\/v2\/media?parent=6123"}],"wp:term":[{"taxonomy":"category","embeddable":true,"href":"https:\/\/investnews.com.br\/inv-api\/wp\/v2\/categories?post=6123"},{"taxonomy":"post_tag","embeddable":true,"href":"https:\/\/investnews.com.br\/inv-api\/wp\/v2\/tags?post=6123"},{"taxonomy":"autor-wsj","embeddable":true,"href":"https:\/\/investnews.com.br\/inv-api\/wp\/v2\/autor-wsj?post=6123"},{"taxonomy":"author","embeddable":true,"href":"https:\/\/investnews.com.br\/inv-api\/wp\/v2\/coauthors?post=6123"}],"curies":[{"name":"wp","href":"https:\/\/api.w.org\/{rel}","templated":true}]}}