{"id":612695,"date":"2024-09-04T09:30:12","date_gmt":"2024-09-04T12:30:12","guid":{"rendered":"https:\/\/investnews.com.br\/?p=612695"},"modified":"2024-09-04T11:15:13","modified_gmt":"2024-09-04T14:15:13","slug":"brasil-acionara-mais-termeletricas-a-gas-e-flexibiliza-criterios-para-enfrentar-seca","status":"publish","type":"post","link":"https:\/\/investnews.com.br\/economia\/brasil-acionara-mais-termeletricas-a-gas-e-flexibiliza-criterios-para-enfrentar-seca\/","title":{"rendered":"Brasil acionar\u00e1 mais termel\u00e9tricas a g\u00e1s e flexibiliza crit\u00e9rios para enfrentar seca"},"content":{"rendered":"\n<p>O Comit\u00ea de Monitoramento do Setor El\u00e9trico (CMSE) aprovou em reuni\u00e3o na ter\u00e7a-feira (3) novas a\u00e7\u00f5es preventivas para <a href=\"https:\/\/investnews.com.br\/economia\/com-piora-da-seca-governo-pede-plano-de-seguranca-energetica-ao-operador-do-sistema-eletrico\/\">fazer frente \u00e0 seca<\/a> que vem desafiando a opera\u00e7\u00e3o do sistema el\u00e9trico nos hor\u00e1rios de maior demanda.<\/p>\n\n\n\n<p>Do lado da gera\u00e7\u00e3o, o comit\u00ea do governo aprovou a possibilidade do despacho flex\u00edvel das usinas termel\u00e9tricas a g\u00e1s natural liquefeito (GNL) Porto Sergipe, da <strong>Eneva<\/strong>, Santa Cruz e Linhares. Esses empreendimentos poder\u00e3o ser acionados agora para o chamado atendimento da &#8220;ponta&#8221;, isto \u00e9, quando a carga est\u00e1 no pico e o sistema precisa garantir a estabilidade do fornecimento aos consumidores.<\/p>\n\n\n\n<p>As termel\u00e9tricas Santa Cruz e Linhares j\u00e1 vinham sendo despachadas pelo Operador Nacional de Sistema El\u00e9trico (ONS) e continuar\u00e3o a ser acionadas em novembro, disse o Minist\u00e9rio de Minas e Energia, em comunicado.<\/p>\n\n\n\n<p><strong>LEIA MAIS: <\/strong><a href=\"https:\/\/investnews.com.br\/economia\/com-piora-da-seca-governo-pede-plano-de-seguranca-energetica-ao-operador-do-sistema-eletrico\/\">Com piora da seca, governo pede plano de seguran\u00e7a energ\u00e9tica ao operador do sistema el\u00e9trico<\/a><\/p>\n\n\n\n<p>Tamb\u00e9m foi aprovada na reuni\u00e3o da v\u00e9spera uma articula\u00e7\u00e3o para viabilizar a opera\u00e7\u00e3o excepcional do reservat\u00f3rio intermedi\u00e1rio da usina hidrel\u00e9trica de Belo Monte, no Norte, com vaz\u00e3o m\u00ednima de 100 m\u00b3\/s, &#8220;respeitadas as licen\u00e7as e autoriza\u00e7\u00f5es necess\u00e1rias&#8221;.<\/p>\n\n\n\n<p>J\u00e1 na transmiss\u00e3o de energia, o CMSE buscar\u00e1 viabilizar a entrada em opera\u00e7\u00e3o das linhas Porto do Sergipe-Olindina-Sapea\u00e7u, Terminal Rio-Lagos e Leopoldina-Lagos, com o objetivo de assegurar o pleno escoamento de pot\u00eancia nos meses de setembro, outubro, novembro e dezembro.<\/p>\n\n\n\n<p>Algumas linhas de transmiss\u00e3o estavam com a emiss\u00e3o de suas licen\u00e7as operacionais paradas em fun\u00e7\u00e3o da greve do Ibama neste ano. A Sterlite, dona da linha Porto do Sergipe-Olindina-Sapea\u00e7u, chegou a entrar na Justi\u00e7a para acelerar a entrada em opera\u00e7\u00e3o da instala\u00e7\u00e3o.<\/p>\n\n\n\n<h2 class=\"wp-block-heading\">Novos crit\u00e9rios<\/h2>\n\n\n\n<p>O CMSE tamb\u00e9m autorizou o ONS a utilizar crit\u00e9rios de desempenho e seguran\u00e7a menos restritivos para a opera\u00e7\u00e3o do Sistema Interligado Nacional (SIN), quando necess\u00e1rio, de forma a garantir a maximiza\u00e7\u00e3o do uso de recursos dispon\u00edveis e o atendimento \u00e0s cargas entre setembro e novembro.<\/p>\n\n\n\n<p>O Brasil enfrenta uma condi\u00e7\u00e3o desfavor\u00e1vel de chuvas desde o \u00faltimo per\u00edodo \u00famido, entre o fim do ano passado e o in\u00edcio deste ano. A seca no Norte preocupa o setor, j\u00e1 que as hidrel\u00e9tricas da regi\u00e3o s\u00e3o fundamentais para o atendimento de ponta.<\/p>\n\n\n\n<p><strong>LEIA MAIS:<\/strong>&nbsp;<a href=\"https:\/\/investnews.com.br\/negocios\/avanco-da-energia-renovavel-da-um-novo-gas-para-as-termeletricas-entenda-o-paradoxo\/\" target=\"_blank\" rel=\"noreferrer noopener\">Avan\u00e7o da energia renov\u00e1vel d\u00e1 um novo g\u00e1s para as termel\u00e9tricas<\/a><\/p>\n\n\n\n<p>Segundo o comunicado do Minist\u00e9rio de Minas e Energia, a previs\u00e3o para o trimestre que vai de setembro a novembro indica chuva abaixo da m\u00e9dia no Norte e no Centro-Oeste e temperatura acima da m\u00e9dia hist\u00f3rica em todo o Brasil.<\/p>\n\n\n\n<p>Para o SIN, as aflu\u00eancias previstas para setembro correspondem a 43% da m\u00e9dia de longo prazo, sendo o segundo menor valor para o m\u00eas de um hist\u00f3rico de 94 anos.<\/p>\n","protected":false},"excerpt":{"rendered":"<p>Usinas poder\u00e3o ser acionadas agora quando a carga de energia est\u00e1 no pico<\/p>\n","protected":false},"author":61,"featured_media":612749,"comment_status":"closed","ping_status":"closed","sticky":false,"template":"","format":"standard","meta":{"_acf_changed":false,"inline_featured_image":false,"footnotes":""},"categories":[5],"tags":[824,1520,102288],"autor-wsj":[],"coauthors":[2494],"class_list":["post-612695","post","type-post","status-publish","format-standard","has-post-thumbnail","hentry","category-economia","tag-energia","tag-ministerio-de-minas-e-energia","tag-reuters"],"acf":[],"amp_enabled":true,"_links":{"self":[{"href":"https:\/\/investnews.com.br\/inv-api\/wp\/v2\/posts\/612695","targetHints":{"allow":["GET"]}}],"collection":[{"href":"https:\/\/investnews.com.br\/inv-api\/wp\/v2\/posts"}],"about":[{"href":"https:\/\/investnews.com.br\/inv-api\/wp\/v2\/types\/post"}],"author":[{"embeddable":true,"href":"https:\/\/investnews.com.br\/inv-api\/wp\/v2\/users\/61"}],"replies":[{"embeddable":true,"href":"https:\/\/investnews.com.br\/inv-api\/wp\/v2\/comments?post=612695"}],"version-history":[{"count":4,"href":"https:\/\/investnews.com.br\/inv-api\/wp\/v2\/posts\/612695\/revisions"}],"predecessor-version":[{"id":612753,"href":"https:\/\/investnews.com.br\/inv-api\/wp\/v2\/posts\/612695\/revisions\/612753"}],"wp:featuredmedia":[{"embeddable":true,"href":"https:\/\/investnews.com.br\/inv-api\/wp\/v2\/media\/612749"}],"wp:attachment":[{"href":"https:\/\/investnews.com.br\/inv-api\/wp\/v2\/media?parent=612695"}],"wp:term":[{"taxonomy":"category","embeddable":true,"href":"https:\/\/investnews.com.br\/inv-api\/wp\/v2\/categories?post=612695"},{"taxonomy":"post_tag","embeddable":true,"href":"https:\/\/investnews.com.br\/inv-api\/wp\/v2\/tags?post=612695"},{"taxonomy":"autor-wsj","embeddable":true,"href":"https:\/\/investnews.com.br\/inv-api\/wp\/v2\/autor-wsj?post=612695"},{"taxonomy":"author","embeddable":true,"href":"https:\/\/investnews.com.br\/inv-api\/wp\/v2\/coauthors?post=612695"}],"curies":[{"name":"wp","href":"https:\/\/api.w.org\/{rel}","templated":true}]}}