{"id":612844,"date":"2024-09-04T15:09:30","date_gmt":"2024-09-04T18:09:30","guid":{"rendered":"https:\/\/investnews.com.br\/?p=612844"},"modified":"2024-09-04T15:09:32","modified_gmt":"2024-09-04T18:09:32","slug":"copom-tera-de-elevar-a-selic-para-1225-ate-marco-diz-ex-diretora-do-bc","status":"publish","type":"post","link":"https:\/\/investnews.com.br\/economia\/copom-tera-de-elevar-a-selic-para-1225-ate-marco-diz-ex-diretora-do-bc\/","title":{"rendered":"Copom ter\u00e1 de elevar a Selic para 12,25% at\u00e9 mar\u00e7o, diz ex-diretora do BC"},"content":{"rendered":"\n<p>O Banco Central precisa mudar o rumo e aumentar os juros em quase 2 pontos percentuais nos pr\u00f3ximos seis meses para acalmar uma economia aquecida e controlar as expectativas de infla\u00e7\u00e3o, disse a ex-diretora de Assuntos Internacionais da institui\u00e7\u00e3o, Fernanda Guardado.<\/p>\n\n\n\n<p>Os diretores deveriam come\u00e7ar com um aumento de 0,25 ponto percentual neste m\u00eas e poderiam seguir com meio ponto nas reuni\u00f5es de novembro e dezembro, levando a Selic para 12,25% em mar\u00e7o, disse em entrevista. As perspectivas de gastos p\u00fablicos pioraram, o mercado de trabalho est\u00e1 apertado e o crescimento est\u00e1 avan\u00e7ando, disse ela.<\/p>\n\n\n\n<p>\u201cPara o Banco Central optar pela manuten\u00e7\u00e3o, ele teria que mostrar de uma forma muito enf\u00e1tica de onde est\u00e1 esperando que venha o desaquecimento da economia\u201d, disse Guardado, 44 \u200b\u200banos, que \u00e9 agora chefe de pesquisa para a Am\u00e9rica Latina no BNP Paribas. \u201cHoje est\u00e1 bastante dif\u00edcil entender de onde viria um grande desaquecimento da economia se n\u00e3o for pelo lado da pol\u00edtica monet\u00e1ria\u201d, acrescentou ela.<\/p>\n\n\n\n<p><strong>LEIA MAIS<\/strong>: <a href=\"https:\/\/investnews.com.br\/infograficos\/pib-cresce-no-segundo-trimestre-2024-diz-ibge\/\">PIB no 2\u00ba tri surpreende com alta de 1,4% e d\u00e1 for\u00e7a \u00e0 aposta em alta de juros<\/a><\/p>\n\n\n\n<p>O BC n\u00e3o deu sinaliza\u00e7\u00e3o formal para a reuni\u00e3o de setembro. Recentemente, o presidente da autoridade monet\u00e1ria, Roberto Campos Neto, disse que, \u201cse e quando\u201d houver ajuste nos juros, ser\u00e1 gradual.<\/p>\n\n\n\n<p>A previs\u00e3o da ex-diretora mostra como o cen\u00e1rio da pol\u00edtica monet\u00e1ria mudou drasticamente nos \u00faltimos meses. O BC cortou juros at\u00e9 maio, antes de interromper o ciclo de flexibiliza\u00e7\u00e3o de quase um ano, em junho, com a Selic em 10,50%.<\/p>\n\n\n\n<p>O PIB do segundo trimestre superou as expectativas e expandiu 1,4%, com crescimento da ind\u00fastria, gastos das fam\u00edlias e servi\u00e7os. Em contraste, outros pa\u00edses da regi\u00e3o, como M\u00e9xico, Chile e Col\u00f4mbia, registraram crescimentos escassos ou contra\u00e7\u00e3o.<\/p>\n\n\n\n<p>Ao mesmo tempo, o IPCA-15 de agosto desacelerou pouco, para 4,35% na compara\u00e7\u00e3o anual. Economistas pesquisados \u200b\u200bpelo BC veem a infla\u00e7\u00e3o acima da meta de 3% at\u00e9 2027.<\/p>\n\n\n\n<p>Um <a href=\"https:\/\/investnews.com.br\/economia\/banco-central-do-brasil-diz-que-nao-hesitara-em-elevar-juros-se-julgar-apropriado-mostra-ata\/\">ajuste fino das taxas de juros \u00e9 necess\u00e1rio <\/a>e \u201cpode ser suficiente para o BC atingir a meta no horizonte relevante de 18 meses\u201d, disse Guardado, doutora em economia pela Pontif\u00edcia Universidade Cat\u00f3lica do Rio de Janeiro. \u201cO BC tem que estar confort\u00e1vel tanto em projetar o 3,2% quanto 2,8%.\u201d<\/p>\n\n\n\n<p>Enquanto estava no BC, Guardado discordou quando a autoridade monet\u00e1ria iniciou um ciclo de flexibiliza\u00e7\u00e3o. Ela apoiou um corte inicial menor, consolidando assim sua reputa\u00e7\u00e3o de integrante mais <a href=\"https:\/\/investnews.com.br\/guias\/hawkish-e-dovish-entenda-os-cenarios-da-politica-economica\/\">hawkish<\/a>.&nbsp;<\/p>\n\n\n\n<p>\u201cCom o benef\u00edcio do tempo ocorrido, talvez tivesse sido mais prudente de fato come\u00e7ar o ciclo de cortes de uma forma mais cautelosa\u201d, disse ela. \u201cO corte de juros talvez tenha ido um pouco al\u00e9m do que a economia mostrou que precisava.\u201d<\/p>\n\n\n\n<p>Ela v\u00ea a infla\u00e7\u00e3o terminando este ano pr\u00f3ximo a 4%, embora essas estimativas estejam sob revis\u00e3o. Da mesma forma, embora ela espere atualmente que a economia cres\u00e7a 2,4% em 2024, essa proje\u00e7\u00e3o provavelmente aumentar\u00e1.<\/p>\n\n\n\n<p><strong>LEIA MAIS<\/strong>: <a href=\"https:\/\/investnews.com.br\/economia\/bc-fara-mais-intervencoes-no-cambio-se-for-necessario-diz-campos-neto\/\">BC far\u00e1 mais interven\u00e7\u00f5es no c\u00e2mbio, se for necess\u00e1rio, diz Campos Neto<\/a><\/p>\n\n\n\n<p>Em maio, uma vota\u00e7\u00e3o dividida do <a href=\"https:\/\/investnews.com.br\/guias\/copom-taxa-selic\/\">Copom<\/a> despertou preocupa\u00e7\u00f5es dos investidores de que a institui\u00e7\u00e3o poderia ser mais tolerante com a infla\u00e7\u00e3o. Nessa altura, quatro membros do comit\u00ea indicados pelo presidente Luiz In\u00e1cio Lula da Silva eram favor\u00e1veis a um corte de meio ponto, mesmo quando as estimativas dos gastos p\u00fablicos e de infla\u00e7\u00e3o subiam, enquanto a maioria liderada por Campos Neto decidiu por uma redu\u00e7\u00e3o de 0,25 ponto. Desde ent\u00e3o, os membros do Copom votaram por unanimidade e, em discursos p\u00fablicos, refor\u00e7aram que h\u00e1 \u201ccoes\u00e3o\u201d nas opini\u00f5es econ\u00f4micas.<\/p>\n\n\n\n<p>\u201cAcho importante que seja un\u00e2nime a decis\u00e3o e a sinaliza\u00e7\u00e3o\u201d, disse Guardado. No entanto, ela argumentou que as dissid\u00eancias n\u00e3o deveriam ser interpretadas como pol\u00edticas, uma vez que os membros do conselho deveriam ser livres para discordar. \u201c\u00c9 importante que a comunica\u00e7\u00e3o agora seja mais simples, seja mais direta.\u201d<\/p>\n\n\n\n<p>Na semana passada, <a href=\"https:\/\/investnews.com.br\/economia\/lula-indica-gabriel-galipolo-para-presidir-o-banco-central\/\">Lula nomeou o diretor de Pol\u00edtica Monet\u00e1ria do BC, Gabriel Gal\u00edpolo, para substituir Campos Neto<\/a>, cujo mandato terminar\u00e1 em dezembro. O Senado ainda precisa aprovar a nomea\u00e7\u00e3o de Gal\u00edpolo.\u00a0<\/p>\n\n\n\n<p>Gal\u00edpolo \u201c\u00e9 uma pessoa bastante calma, bastante serena, isso \u00e9 uma caracter\u00edstica importante para quem vai ser presidente do Banco Central\u201d, disse Guardado. \u201cAs declara\u00e7\u00f5es recentes dele deixam claro que ele tem essa determina\u00e7\u00e3o em fazer o necess\u00e1rio para que a infla\u00e7\u00e3o no Brasil possa convergir para a meta\u201d.<\/p>\n\n\n\n<figure class=\"wp-block-image size-large\"><img loading=\"lazy\" decoding=\"async\" width=\"1024\" height=\"683\" src=\"https:\/\/media.investnews.com.br\/uploads\/2024\/09\/416093615-_1_-1024x683.webp\" alt=\"A ex-diretora de Assuntos Internacionais do BC, Fernanda Guardado, assumiu como chefe de pesquisa para a Am\u00e9rica Latina no BNP Paribas\" class=\"wp-image-612846\" srcset=\"https:\/\/media.investnews.com.br\/uploads\/2024\/09\/416093615-_1_-1024x683.webp 1024w, https:\/\/media.investnews.com.br\/uploads\/2024\/09\/416093615-_1_-300x200.webp 300w, https:\/\/media.investnews.com.br\/uploads\/2024\/09\/416093615-_1_-768x512.webp 768w, https:\/\/media.investnews.com.br\/uploads\/2024\/09\/416093615-_1_-1536x1024.webp 1536w, https:\/\/media.investnews.com.br\/uploads\/2024\/09\/416093615-_1_-2048x1365.webp 2048w, https:\/\/media.investnews.com.br\/uploads\/2024\/09\/416093615-_1_-1256x837.webp 1256w, https:\/\/media.investnews.com.br\/uploads\/2024\/09\/416093615-_1_-172x115.webp 172w, https:\/\/media.investnews.com.br\/uploads\/2024\/09\/416093615-_1_-150x100.webp 150w\" sizes=\"auto, (max-width: 1024px) 100vw, 1024px\" \/><figcaption class=\"wp-element-caption\">Fernanda Guardado, ex-diretora do BC e atual chefe de pesquisa para a Am\u00e9rica Latina no BNP Paribas<\/figcaption><\/figure>\n","protected":false},"excerpt":{"rendered":"<p>Perspectivas de gastos p\u00fablicos pioraram, o mercado de trabalho est\u00e1 apertado e o crescimento est\u00e1 avan\u00e7ando, diz Guardado<\/p>\n","protected":false},"author":76,"featured_media":612846,"comment_status":"closed","ping_status":"closed","sticky":false,"template":"","format":"standard","meta":{"_acf_changed":false,"inline_featured_image":false,"footnotes":""},"categories":[5,4],"tags":[56,51],"autor-wsj":[],"coauthors":[101325],"class_list":["post-612844","post","type-post","status-publish","format-standard","has-post-thumbnail","hentry","category-economia","category-financas","tag-banco-central","tag-selic"],"acf":[],"amp_enabled":true,"_links":{"self":[{"href":"https:\/\/investnews.com.br\/inv-api\/wp\/v2\/posts\/612844","targetHints":{"allow":["GET"]}}],"collection":[{"href":"https:\/\/investnews.com.br\/inv-api\/wp\/v2\/posts"}],"about":[{"href":"https:\/\/investnews.com.br\/inv-api\/wp\/v2\/types\/post"}],"author":[{"embeddable":true,"href":"https:\/\/investnews.com.br\/inv-api\/wp\/v2\/users\/76"}],"replies":[{"embeddable":true,"href":"https:\/\/investnews.com.br\/inv-api\/wp\/v2\/comments?post=612844"}],"version-history":[{"count":2,"href":"https:\/\/investnews.com.br\/inv-api\/wp\/v2\/posts\/612844\/revisions"}],"predecessor-version":[{"id":612849,"href":"https:\/\/investnews.com.br\/inv-api\/wp\/v2\/posts\/612844\/revisions\/612849"}],"wp:featuredmedia":[{"embeddable":true,"href":"https:\/\/investnews.com.br\/inv-api\/wp\/v2\/media\/612846"}],"wp:attachment":[{"href":"https:\/\/investnews.com.br\/inv-api\/wp\/v2\/media?parent=612844"}],"wp:term":[{"taxonomy":"category","embeddable":true,"href":"https:\/\/investnews.com.br\/inv-api\/wp\/v2\/categories?post=612844"},{"taxonomy":"post_tag","embeddable":true,"href":"https:\/\/investnews.com.br\/inv-api\/wp\/v2\/tags?post=612844"},{"taxonomy":"autor-wsj","embeddable":true,"href":"https:\/\/investnews.com.br\/inv-api\/wp\/v2\/autor-wsj?post=612844"},{"taxonomy":"author","embeddable":true,"href":"https:\/\/investnews.com.br\/inv-api\/wp\/v2\/coauthors?post=612844"}],"curies":[{"name":"wp","href":"https:\/\/api.w.org\/{rel}","templated":true}]}}